{"id":36067,"date":"2024-09-12T16:20:22","date_gmt":"2024-09-12T16:20:22","guid":{"rendered":"https:\/\/tvbrazilusa.com\/2024\/09\/12\/homem-de-24-anos-e-preso-por-uma-serie-de-assaltos-no-bairro-brickell-de-miami-diz-a-policia-wsvn-7news-noticias-de-miami-clima-esportes-fort-lauderdale\/"},"modified":"2024-09-12T16:24:52","modified_gmt":"2024-09-12T16:24:52","slug":"homem-de-24-anos-e-preso-por-uma-serie-de-assaltos-no-bairro-brickell-de-miami-diz-a-policia-wsvn-7news-noticias-de-miami-clima-esportes-fort-lauderdale","status":"publish","type":"post","link":"https:\/\/tvbrazilusa.com\/pt\/2024\/09\/12\/homem-de-24-anos-e-preso-por-uma-serie-de-assaltos-no-bairro-brickell-de-miami-diz-a-policia-wsvn-7news-noticias-de-miami-clima-esportes-fort-lauderdale\/","title":{"rendered":"Homem de 24 anos \u00e9 preso por uma s\u00e9rie de assaltos no bairro Brickell de Miami, diz a pol\u00edcia &#8211; WSVN 7News | Not\u00edcias de Miami, Clima, Esportes | Fort Lauderdale"},"content":{"rendered":"<p> <script async src=\"https:\/\/pagead2.googlesyndication.com\/pagead\/js\/adsbygoogle.js?client=ca-pub-8864793242727901\"\r\n     crossorigin=\"anonymous\"><\/script><br \/>\n<\/p>\n<div itemprop=\"articleBody\">\n<p>MIAMI (WSVN) &#8211; Um homem de 24 anos foi preso e acusado de conex\u00e3o com uma s\u00e9rie de assaltos no bairro de Brickell, em Miami, segundo a pol\u00edcia.<\/p>\n<p>Eric Jerod Robinson enfrenta 11 acusa\u00e7\u00f5es de arrombamento de uma resid\u00eancia ocupada e quatro acusa\u00e7\u00f5es de furto qualificado. <\/p>\n<p>Robinson \u00e9 acusado de invadir v\u00e1rios apartamentos no Axis on Brickell, localizado na 79 SW 12th Street, entre 9 e 11 de setembro. <\/p>\n<p>Imagens de vigil\u00e2ncia supostamente mostram Robinson testando ma\u00e7anetas e entrando em apartamentos destrancados, onde ele supostamente roubou dinheiro, bolsas, joias, cart\u00f5es de cr\u00e9dito, rel\u00f3gios e eletr\u00f4nicos.<\/p>\n<p>A pol\u00edcia disse que Robinson foi identificado por meio de vigil\u00e2ncia por v\u00eddeo e sua conta nas redes sociais. <\/p>\n<p>Ele foi preso na quarta-feira depois que policiais o localizaram perto da Northwest 29th Avenue.<\/p>\n<p><em>Copyright 2024 Sunbeam Television Corp. Todos os direitos reservados. Este material n\u00e3o pode ser publicado, transmitido, reescrito ou redistribu\u00eddo.<\/em><\/p>\n<div class=\"wp-block-newsletter\">\n\t<strong class=\"wp-block-newsletter__title\">Inscreva-se em nossa Newsletter para receber as \u00faltimas not\u00edcias diretamente na sua caixa de entrada<\/strong><\/p>\n<\/div><\/div>\n<p><br \/>\n<br \/><a href=\"https:\/\/wsvn.com\/news\/local\/miami-dade\/24-year-old-man-arrested-in-string-of-burglaries-in-miamis-brickell-neighborhood-police-say\/\">Source link <\/a><\/p>","protected":false},"excerpt":{"rendered":"<p>MIAMI (WSVN) &#8211; Um homem de 24 anos foi preso e acusado de conex\u00e3o com uma s\u00e9rie de assaltos no bairro de Brickell, em Miami, segundo a pol\u00edcia. Eric Jerod&hellip;<\/p>","protected":false},"author":1,"featured_media":36068,"comment_status":"closed","ping_status":"open","sticky":false,"template":"","format":"standard","meta":{"content-type":"","footnotes":""},"categories":[1],"tags":[],"class_list":["post-36067","post","type-post","status-publish","format-standard","has-post-thumbnail","hentry","category-uncategorized"],"_links":{"self":[{"href":"https:\/\/tvbrazilusa.com\/pt\/wp-json\/wp\/v2\/posts\/36067","targetHints":{"allow":["GET"]}}],"collection":[{"href":"https:\/\/tvbrazilusa.com\/pt\/wp-json\/wp\/v2\/posts"}],"about":[{"href":"https:\/\/tvbrazilusa.com\/pt\/wp-json\/wp\/v2\/types\/post"}],"author":[{"embeddable":true,"href":"https:\/\/tvbrazilusa.com\/pt\/wp-json\/wp\/v2\/users\/1"}],"replies":[{"embeddable":true,"href":"https:\/\/tvbrazilusa.com\/pt\/wp-json\/wp\/v2\/comments?post=36067"}],"version-history":[{"count":1,"href":"https:\/\/tvbrazilusa.com\/pt\/wp-json\/wp\/v2\/posts\/36067\/revisions"}],"predecessor-version":[{"id":36069,"href":"https:\/\/tvbrazilusa.com\/pt\/wp-json\/wp\/v2\/posts\/36067\/revisions\/36069"}],"wp:featuredmedia":[{"embeddable":true,"href":"https:\/\/tvbrazilusa.com\/pt\/wp-json\/wp\/v2\/media\/36068"}],"wp:attachment":[{"href":"https:\/\/tvbrazilusa.com\/pt\/wp-json\/wp\/v2\/media?parent=36067"}],"wp:term":[{"taxonomy":"category","embeddable":true,"href":"https:\/\/tvbrazilusa.com\/pt\/wp-json\/wp\/v2\/categories?post=36067"},{"taxonomy":"post_tag","embeddable":true,"href":"https:\/\/tvbrazilusa.com\/pt\/wp-json\/wp\/v2\/tags?post=36067"}],"curies":[{"name":"wp","href":"https:\/\/api.w.org\/{rel}","templated":true}]}}