{"id":36070,"date":"2024-09-12T14:45:40","date_gmt":"2024-09-12T14:45:40","guid":{"rendered":"https:\/\/tvbrazilusa.com\/2024\/09\/12\/jon-bon-jovi-lembrou-de-bill-belichick-viajando-com-a-banda-em-uma-turne-europeia-na-decada-de-1990\/"},"modified":"2024-09-12T16:27:43","modified_gmt":"2024-09-12T16:27:43","slug":"jon-bon-jovi-lembrou-de-bill-belichick-viajando-com-a-banda-em-uma-turne-europeia-na-decada-de-1990","status":"publish","type":"post","link":"https:\/\/tvbrazilusa.com\/pt\/2024\/09\/12\/jon-bon-jovi-lembrou-de-bill-belichick-viajando-com-a-banda-em-uma-turne-europeia-na-decada-de-1990\/","title":{"rendered":"Jon Bon Jovi lembrou de Bill Belichick viajando com a banda em uma turn\u00ea europeia na d\u00e9cada de 1990"},"content":{"rendered":"<p> <script async src=\"https:\/\/pagead2.googlesyndication.com\/pagead\/js\/adsbygoogle.js?client=ca-pub-8864793242727901\"\r\n     crossorigin=\"anonymous\"><\/script><br \/>\n<\/p>\n<div id=\"\">\n<header class=\"m-article-header m-article-header--standard\">\n\t\t\t\t\t\t\t\t\t\t\t\t<span id=\"article-header-primary-term\"><br \/>\n\t\t\t\t\t\t\t\t<a class=\"a-term a-term--primary\" href=\"https:\/\/www.boston.com\/tag\/morning-sports-update\/\"><\/p>\n<p>\t\t\t\t\t\t\t\tAtualiza\u00e7\u00e3o de esportes matinais\t\t\t\t\t\t\t\t<\/a><br \/>\n\t\t\t\t\t\t\t<\/span><\/p>\n<h2 class=\"m-article-header__sub-headline\">Bon Jovi tamb\u00e9m revelou qual instrumento Belichick sabe tocar.<\/h2>\n<figure class=\"a-photo m-article-header__photo\"><figcaption class=\"a-photo__caption\">\n<p>\tBill Belichick e Jon Bon Jovi ap\u00f3s a vit\u00f3ria no Campeonato da AFC em 2017.<em> Matthew J. Lee\/equipe do Globe<\/em>\t<\/figcaption><\/figure>\n<\/header>\n<p><strong>A hist\u00f3ria de Bill Belichick de Jon Bon Jovi na d\u00e9cada de 1990<\/strong>:\u00c9 bem sabido a esta altura que Bill Belichick, apesar do comportamento mal-humorado que demonstrou durante d\u00e9cadas como treinador dos Patriots, tamb\u00e9m \u00e9 um f\u00e3 de m\u00fasica.<\/p>\n<p>Especificamente, Belichick \u00e9 um f\u00e3 de Bon Jovi, dado o vocalista <a href=\"https:\/\/www.boston.com\/culture\/entertainment\/2024\/09\/11\/jon-bon-jovi-helps-talk-woman-down-from-ledge-on-nashville-bridge\/\">Jon Bon Jovi&#8217;s<\/a> presen\u00e7a em v\u00e1rios jogos (e treinos) dos Patriots ao longo dos anos.<\/p>\n<p>Em uma entrevista recente com Julian Edelman, \u201c<a href=\"https:\/\/www.youtube.com\/@gameswithnamespod\/videos\">Jogos com nomes<\/a>\u201d, Bon Jovi ofereceu um pouco mais de detalhes sobre os interesses musicais de Belichick.<\/p>\n<p>\u201cPoucas pessoas sabem que ele era um baterista enrustido\u201d, explicou Bon Jovi, pegando Edelman \u2014 que passou anos com Belichick \u2014 um pouco desprevenido.<\/p>\n<p>\u201cTico [Torres] demos-lhe algumas aulas e compramos-lhe uma [drum] kit\u201d, lembrou Bon Jovi.<\/p>\n<p>Al\u00e9m disso, Belichick passou um tempo em turn\u00ea com a banda. Bon Jovi relembrou um momento de uma turn\u00ea europeia em 1995.<\/p>\n<p>\u201cEle veio na estrada conosco, especialmente na Europa, onde ele podia vir e ficar por uma semana de cada vez\u201d, disse Bon Jovi. \u201cN\u00f3s o levamos para Paris. N\u00f3s o levamos para a It\u00e1lia. N\u00f3s o levamos para todos os lugares conosco, e ele estava apenas no avi\u00e3o. Mas conseguindo v\u00ea-lo em nosso ambiente.\u201d<\/p>\n<p>Por fim, Bon Jovi observou que, mesmo na Europa, Belichick ainda conseguiu encontrar uma conex\u00e3o com o futebol.<\/p>\n<p>\u201cEst\u00e1vamos tocando nos mesmos est\u00e1dios que os Stones\u201d, ele continuou. \u201cEra 95. Ent\u00e3o fomos, e eu levei Bill. O chefe de seguran\u00e7a dos Stones, Bob Bender, era um \u00f3timo jogador de futebol americano universit\u00e1rio. Bill o viu e imediatamente foi at\u00e9 ele e disse: &#8216;\u00d3timo ver voc\u00ea.&#8217;<\/p>\n<p>\u201cEnt\u00e3o Belichick agora podia se sentir em casa. E ele estava conosco. E ele estava nos bastidores dos Rolling Stones. Para aqueles que n\u00e3o acreditam que essas hist\u00f3rias daquele lado caloroso e maravilhoso que eu conhe\u00e7o dele s\u00e3o verdadeiras, \u00e9 verdade. \u00c9 tudo verdade.\u201d<\/p>\n<figure class=\"wp-block-embed is-type-rich is-provider-twitter wp-block-embed-twitter\"\/>\n<p><strong>Pontua\u00e7\u00f5es e hor\u00e1rios<\/strong>: <\/p>\n<p>O Red Sox conseguiu uma vit\u00f3ria dram\u00e1tica <a href=\"https:\/\/www.boston.com\/sports\/boston-red-sox\/2024\/09\/11\/tyler-oneill-hits-3-run-homer-in-the-10th-to-lift-red-sox-past-orioles-5-3\/\">5-3<\/a> vit\u00f3ria decisiva sobre os Orioles na quarta-feira na parte inferior do 10\u00ba inning, permanecendo <a href=\"https:\/\/www.mlb.com\/standings\/wild-card\">quatro jogos atr\u00e1s<\/a> a \u00faltima vaga de wild card da Liga Americana.<\/p>\n<p>Boston agora enfrentar\u00e1 os Yankees em Nova York hoje \u00e0 noite \u00e0s 19h15 no in\u00edcio de uma s\u00e9rie de quatro jogos.<\/p>\n<p><strong>Mais de Boston.com<\/strong>: <\/p>\n<p><strong>Jayson Tatum no The Tonight Show<\/strong>: O campe\u00e3o do Celtics continuou sua turn\u00ea de m\u00eddia para promover seu novo livro infantil, discutindo uma variedade de t\u00f3picos.<\/p>\n<figure class=\"wp-block-embed is-type-video is-provider-youtube wp-block-embed-youtube wp-embed-aspect-16-9 wp-has-aspect-ratio\">\n<p>\n<iframe title=\"Jayson Tatum on His Championship-Filled Summer and Manifesting His NBA and Olympic Dreams (Extended)\" width=\"1170\" height=\"658\" src=\"https:\/\/www.youtube.com\/embed\/1HhCoN0OWmE?feature=oembed\" frameborder=\"0\" allow=\"accelerometer; autoplay; clipboard-write; encrypted-media; gyroscope; picture-in-picture; web-share\" referrerpolicy=\"strict-origin-when-cross-origin\" allowfullscreen><\/iframe>\n<\/p>\n<\/figure>\n<p><strong>Neste dia<\/strong>: Em 2011, Tom Brady \u2014 parado em sua pr\u00f3pria end zone \u2014 encontrou Wes Welker logo dentro da linha de 20 jardas dos Patriots. Welker ent\u00e3o levou a dist\u00e2ncia para um touchdown de 99 jardas em um <a href=\"https:\/\/www.pro-football-reference.com\/boxscores\/201109120mia.htm\">38-24<\/a> Patriotas vencem.<\/p>\n<figure class=\"wp-block-embed is-type-rich is-provider-twitter wp-block-embed-twitter\"\/>\n<p><strong>Destaque di\u00e1rio<\/strong>: O home run decisivo de Tyler O&#8217;Neil para o Red Sox na quarta-feira \u00e0 noite.<\/p>\n<figure class=\"wp-block-embed is-type-rich is-provider-twitter wp-block-embed-twitter\"\/>\n<div class=\"m-block m-generic-cta\t m-generic-cta--post-content\t m-generic-cta--dark\t m-generic-cta--homepage\t m-generic-cta--email-signup\t\t m-generic-cta-block-style--default \tt-amp__generic-cta\"><\/p>\n<div class=\"m-generic-cta__wrap\">\n<div class=\"m-generic-cta__content\">\n<h3 class=\"m-generic-cta__title\">Inscreva-se para receber atualiza\u00e7\u00f5es dos Patriots\ud83c\udfc8<\/h3>\n<p class=\"m-generic-cta__subtitle\">Receba not\u00edcias de \u00faltima hora e an\u00e1lises na sua caixa de entrada durante a temporada de futebol.<\/p>\n<\/p><\/div>\n<\/p><\/div>\n<\/div><\/div>\n<p><script>\n\t\tvar consent=\"grant\";\n\t\t\/* The above code is parsing the JSON data from the local storage and storing it in a variable. *\/\n\t\t\t\t\tconst onetrustStorageConsent = JSON.parse(localStorage.getItem( 'consent_one_trust_bdc' ) );\n\t\t\tif ( ( onetrustStorageConsent !== null ) ) {\n\t\t\t\t\/* Checking to see if the user has consented to the use of cookies.\n\t\t\t\t* If they have not, it is deleting the cookie.\n\t\t\t\t* This will comment for now, until further notice.\n\t\t\t\t*\/\n\t\t\t\t\/\/if ( onetrustStorageConsent.C0002 === false ) {\n\t\t\t\t\/\/\tdocument.cookie=\"_fbp=;expires=Thu, 01 Jan 2010 00:00:00 UTC; path=\/; domain=.boston.com\";\n\t\t\t\t\/\/}\n\t\t\t\t\/* Checking if the user has given consent for the cookie C0002.\n\t\t\t\t* If the user has given consent, the variable consent will be set to 'grant'.\n\t\t\t\t* If the user has not given consent,the variable consent will be set to 'revoke'.\n\t\t\t\t* Documentation https:\/\/developers.facebook.com\/docs\/meta-pixel\/implementation\/gdpr\n\t\t\t\t*\/\n\t\t\t\tif ( onetrustStorageConsent.C0002 !== true ) {\n\t\t\t\t\tconsent=\"revoke\";\n\t\t\t\t}\n\t\t\t}\n\t\t\t\t!function(f,b,e,v,n,t,s)\n\t\t{if(f.fbq)return;n=f.fbq=function(){n.callMethod?\n\t\tn.callMethod.apply(n,arguments):n.queue.push(arguments)};\n\t\tif(!f._fbq)f._fbq=n;n.push=n;n.loaded=!0;n.version='2.0';\n\t\tn.queue=[];t=b.createElement(e);t.async=!0;\n\t\tt.src=v;s=b.getElementsByTagName(e)[0];\n\t\ts.parentNode.insertBefore(t,s)}(window, document,'script',\n\t\t'https:\/\/connect.facebook.net\/en_US\/fbevents.js');\n\t\tfbq('consent', consent);\n\t\tfbq('init', '989222871864976');\n\t\tfbq('track', 'PageView');\n\t<\/script><script type=\"module\">\n\t\tvar consent=\"grant\";\n\t\t\/* The above code is parsing the JSON data from the local storage and storing it in a variable. *\/\n\t\t\tconst onetrustStorageConsent = JSON.parse(localStorage.getItem( 'consent_one_trust_bdc' ) );\n\t\t\t\/* Checking to see if the user has consented to the use of cookies.\n\t\t\t* If they have not, it is deleting the cookie.\n\t\t\t* This will comment for now, until further notice.\n\t\t\t*\/\n\t\t\t\/\/if ( onetrustStorageConsent.C0002 === false ) {\n\t\t\t\/\/\tdocument.cookie=\"_fbp=;expires=Thu, 01 Jan 2010 00:00:00 UTC; path=\/; domain=.boston.com\";\n\t\t\t\/\/}\n\t\t\t\/* Checking if the user has given consent for the cookie C0002.\n\t\t\t* If the user has given consent, the variable consent will be set to 'grant'.\n\t\t\t* If the user has not given consent,the variable consent will be set to 'revoke'.\n\t\t\t* Documentation https:\/\/developers.facebook.com\/docs\/meta-pixel\/implementation\/gdpr\n\t\t\t*\/\n\t\t\tif ( ( onetrustStorageConsent !== null ) && (onetrustStorageConsent.C0002 !== true ) ) {\n\t\t\t\tconsent=\"revoke\";\n\t\t\t}\n\t\t\t\t!function(f,b,e,v,n,t,s){if(f.fbq)return;n=f.fbq=function()\n\t\t{n.callMethod? n.callMethod.apply(n,arguments):n.queue.push(arguments)}\n\t\t;if(!f._fbq)f._fbq=n;\n\t\tn.push=n;n.loaded=!0;n.version='2.0';n.queue=[];t=b.createElement(e);t.async=!0;\n\t\tt.src=v;s=b.getElementsByTagName(e)[0];s.parentNode.insertBefore(t,s)}(window,\n\t\tdocument,'script','https:\/\/connect.facebook.net\/en_US\/fbevents.js');\n\t\tfbq('consent', consent);\n\t\tfbq('init', '813236348753005');\n\t\tfbq('track', \"PageView\");\n\t<\/script><br \/>\n<br \/><br \/>\n<br \/><a href=\"https:\/\/www.boston.com\/sports\/morning-sports-update\/2024\/09\/12\/bill-belichick-jon-bon-jovi\/\">Source link <\/a><\/p>","protected":false},"excerpt":{"rendered":"<p>Atualiza\u00e7\u00e3o de esportes matinais Bon Jovi tamb\u00e9m revelou qual instrumento Belichick sabe tocar. Bill Belichick e Jon Bon Jovi ap\u00f3s a vit\u00f3ria no Campeonato da AFC em 2017. Matthew J.&hellip;<\/p>","protected":false},"author":1,"featured_media":36071,"comment_status":"closed","ping_status":"open","sticky":false,"template":"","format":"standard","meta":{"content-type":"","footnotes":""},"categories":[1],"tags":[],"class_list":["post-36070","post","type-post","status-publish","format-standard","has-post-thumbnail","hentry","category-uncategorized"],"_links":{"self":[{"href":"https:\/\/tvbrazilusa.com\/pt\/wp-json\/wp\/v2\/posts\/36070","targetHints":{"allow":["GET"]}}],"collection":[{"href":"https:\/\/tvbrazilusa.com\/pt\/wp-json\/wp\/v2\/posts"}],"about":[{"href":"https:\/\/tvbrazilusa.com\/pt\/wp-json\/wp\/v2\/types\/post"}],"author":[{"embeddable":true,"href":"https:\/\/tvbrazilusa.com\/pt\/wp-json\/wp\/v2\/users\/1"}],"replies":[{"embeddable":true,"href":"https:\/\/tvbrazilusa.com\/pt\/wp-json\/wp\/v2\/comments?post=36070"}],"version-history":[{"count":1,"href":"https:\/\/tvbrazilusa.com\/pt\/wp-json\/wp\/v2\/posts\/36070\/revisions"}],"predecessor-version":[{"id":36072,"href":"https:\/\/tvbrazilusa.com\/pt\/wp-json\/wp\/v2\/posts\/36070\/revisions\/36072"}],"wp:featuredmedia":[{"embeddable":true,"href":"https:\/\/tvbrazilusa.com\/pt\/wp-json\/wp\/v2\/media\/36071"}],"wp:attachment":[{"href":"https:\/\/tvbrazilusa.com\/pt\/wp-json\/wp\/v2\/media?parent=36070"}],"wp:term":[{"taxonomy":"category","embeddable":true,"href":"https:\/\/tvbrazilusa.com\/pt\/wp-json\/wp\/v2\/categories?post=36070"},{"taxonomy":"post_tag","embeddable":true,"href":"https:\/\/tvbrazilusa.com\/pt\/wp-json\/wp\/v2\/tags?post=36070"}],"curies":[{"name":"wp","href":"https:\/\/api.w.org\/{rel}","templated":true}]}}