{"id":36109,"date":"2024-09-12T14:12:59","date_gmt":"2024-09-12T14:12:59","guid":{"rendered":"https:\/\/tvbrazilusa.com\/2024\/09\/12\/duas-comunidades-de-vermont-estao-fartas-dos-f-35\/"},"modified":"2024-09-12T17:21:38","modified_gmt":"2024-09-12T17:21:38","slug":"duas-comunidades-de-vermont-estao-fartas-dos-f-35","status":"publish","type":"post","link":"https:\/\/tvbrazilusa.com\/pt\/2024\/09\/12\/duas-comunidades-de-vermont-estao-fartas-dos-f-35\/","title":{"rendered":"Duas comunidades de Vermont est\u00e3o fartas dos F-35"},"content":{"rendered":"<p> <script async src=\"https:\/\/pagead2.googlesyndication.com\/pagead\/js\/adsbygoogle.js?client=ca-pub-8864793242727901\"\r\n     crossorigin=\"anonymous\"><\/script><br \/>\n<\/p>\n<div id=\"\">\n<header class=\"m-article-header m-article-header--standard\">\n\t\t\t\t\t\t\t\t\t\t\t\t<span id=\"article-header-primary-term\"><br \/>\n\t\t\t\t\t\t\t\t<a class=\"a-term a-term--primary\" href=\"https:\/\/www.boston.com\/tag\/local-news\/\"><\/p>\n<p>\t\t\t\t\t\t\t\tNot\u00edcias locais\t\t\t\t\t\t\t\t<\/a><br \/>\n\t\t\t\t\t\t\t<\/span><\/p>\n<h2 class=\"m-article-header__sub-headline\">Depois de anos sofrendo as consequ\u00eancias dos ca\u00e7as que sobrevoavam a regi\u00e3o, moradores dizem que j\u00e1 chega.<\/h2>\n<figure class=\"a-photo m-article-header__photo\"><figcaption class=\"a-photo__caption\">\n<p>\tUm Lockheed Martin F-35 da For\u00e7a A\u00e9rea dos EUA se apresenta no show a\u00e9reo &#8220;Airpower 24&#8221; em Zeltweg, \u00c1ustria, em 6 de setembro de 2024.<em> ERWIN SCHERIAU\/APA\/AFP via Getty Images<\/em>\t<\/figcaption><\/figure>\n<\/header>\n<p>Depois de anos sob as rotas de voo dos ca\u00e7as F-35, duas comunidades de Vermont est\u00e3o dizendo que j\u00e1 chega e pedindo que seus l\u00edderes locais implorem \u00e0 Guarda Nacional para fazer mudan\u00e7as.<\/p>\n<p>Moradores t\u00eam relatado que os F-35s atrapalham suas vidas toda vez que sobrevoam a regi\u00e3o, desde que a Guarda A\u00e9rea Nacional de Vermont come\u00e7ou a usar a aeronave no Aeroporto Internacional de Burlington em 2019.<\/p>\n<p>De acordo com depoimentos em audi\u00eancias p\u00fablicas, eles tiveram que ficar em ambientes fechados, fechar janelas e at\u00e9 mesmo interromper as aulas em escolas pr\u00f3ximas, pois o barulho era muito alto para dar aulas.<\/p>\n<p>Os moradores locais tamb\u00e9m apontaram para pesquisas do <a href=\"https:\/\/iris.who.int\/handle\/10665\/326424\">Organiza\u00e7\u00e3o Mundial de Sa\u00fade<\/a> que a exposi\u00e7\u00e3o ao ru\u00eddo ambiental tem efeitos adversos na popula\u00e7\u00e3o, com as crian\u00e7as sofrendo desproporcionalmente.<\/p>\n<p>Os cidad\u00e3os de Burlington organizaram uma <a href=\"https:\/\/burlingtonvt.portal.civicclerk.com\/event\/7007\/files\/attachment\/5785\">resolu\u00e7\u00e3o<\/a> encarregando os l\u00edderes locais de trabalhar com a delega\u00e7\u00e3o do Congresso de Vermont para mitigar os efeitos nocivos dos F-35s e pedir \u00e0 Guarda Nacional que mude sua miss\u00e3o.<\/p>\n<p>Em uma reuni\u00e3o em 12 de agosto, o Conselho Municipal aprovou a resolu\u00e7\u00e3o por 11 votos a 1.<\/p>\n<p>Mais recentemente, em 3 de setembro, a vizinha Winooski introduziu uma iniciativa semelhante <a href=\"https:\/\/winooskivt.gov\/AgendaCenter\/ViewFile\/Item\/9714?fileID=13822\">resolu\u00e7\u00e3o<\/a>que o Conselho Municipal aprovou por unanimidade.<\/p>\n<p>\u201cJ\u00e1 \u00e9 um fardo para nossa economia, mas especialmente para os moradores de nossa comunidade que s\u00e3o deixados no limbo esperando que o impacto sonoro seja diminu\u00eddo e diminu\u00eddo\u201d, disse o vereador da cidade de Winooski, Bryn Oakleaf, na reuni\u00e3o. \u201c(Muitos n\u00e3o t\u00eam) a capacidade de fazer muito, exceto se mudar, se tiverem o luxo de tomar essa decis\u00e3o por si pr\u00f3prios e por suas fam\u00edlias.\u201d<\/p>\n<h2 class=\"wp-block-heading\" id=\"h-how-did-we-get-here\"><strong>Como chegamos aqui?<\/strong><\/h2>\n<p>De acordo com o <a href=\"https:\/\/www.158fw.ang.af.mil\/history\/#:~:text=The%20legacy%20of%20the%20Green,of%20the%20newly%20formed%20unit.\">hist\u00f3ria da 158\u00aa Ala de Ca\u00e7a<\/a>a Guarda A\u00e9rea Nacional de Vermont foi estabelecida h\u00e1 quase um s\u00e9culo. Ap\u00f3s mais de tr\u00eas d\u00e9cadas de opera\u00e7\u00f5es de voo com F-16s, a guarda fez a transi\u00e7\u00e3o para o F-35 Lightning II em 2019.<\/p>\n<p>O <a href=\"https:\/\/www.lockheedmartin.com\/en-us\/products\/f-35.html\">Site da Lockheed Martin<\/a> diz que os F-35 s\u00e3o aeronaves furtivas de assento \u00fanico projetadas para miss\u00f5es de ataque ou ataque.<\/p>\n<p>De acordo com um relat\u00f3rio da For\u00e7a A\u00e9rea dos EUA de 2012 <a href=\"https:\/\/www.healthvermont.gov\/sites\/default\/files\/documents\/2016\/11\/EIS_F-35A_Jets%202012.pdf?wpmobileexternal=true#:~:text=The%20EIS%20estimates%20that%20the%20peak%20noise,the%20aircraft%2C%20time%2C%20weather%20and%20airfield%20acoustics.\">relat\u00f3rio de impacto<\/a>o n\u00edvel m\u00e1ximo de som do F-35 na decolagem \u00e9 estimado em 115 decib\u00e9is a 1.000 p\u00e9s acima do solo, 21 decib\u00e9is mais alto que o som m\u00e1ximo do F-16.<\/p>\n<p>A For\u00e7a A\u00e9rea relatou que cerca de 7.000 pessoas em cerca de 3.000 domic\u00edlios nas comunidades de Winooski, South Burlington, Williston, Burlington e Colchester viviam dentro dos 65 decib\u00e9is produzidos pelos F-35, que o governo federal considerou &#8220;inadequados para uso residencial&#8221;.<\/p>\n<p>Em 2012, moradores de Winooski levantaram preocupa\u00e7\u00f5es sobre os potenciais impactos da nova aeronave durante o processo de revis\u00e3o ambiental, pedindo para remover o Aeroporto Internacional de Burlington da considera\u00e7\u00e3o.<\/p>\n<p>Em 2015, os eleitores solicitaram uma queixa legal contra a For\u00e7a A\u00e9rea, citando preocupa\u00e7\u00f5es com ru\u00eddo, economia, meio ambiente e qualidade de vida. O processo foi negado, e a cidade decidiu n\u00e3o apelar.<\/p>\n<p>Em 2018, o Conselho Municipal de Winooski assinou um <a href=\"https:\/\/www.winooskivt.gov\/DocumentCenter\/View\/2250\/Resolution-of-Basing-of-F35-at-Burlington-International-Airport-41618\">resolu\u00e7\u00e3o<\/a>pedindo novamente ao secret\u00e1rio da For\u00e7a A\u00e9rea para colocar os avi\u00f5es em outro lugar.<\/p>\n<p>Mas os esfor\u00e7os n\u00e3o deram em nada, pois o <a href=\"https:\/\/vt.public.ng.mil\/About\/Our-Missions\/F-35-Program\/\">A For\u00e7a A\u00e9rea avan\u00e7ou<\/a> com a chegada dos F-35 ao aeroporto.<\/p>\n<h2 class=\"wp-block-heading\" id=\"h-sound-mitigation-efforts\"><strong>Esfor\u00e7os de mitiga\u00e7\u00e3o de som<\/strong><\/h2>\n<p>Em resposta, o Aeroporto Internacional de Burlington, com a ajuda da Administra\u00e7\u00e3o Federal de Avia\u00e7\u00e3o (FAA), criou um complexo residencial<a href=\"https:\/\/www.btvsound.com\/sound-insulation-program\/\"> programa de isolamento ac\u00fastico<\/a>.<\/p>\n<p>O projeto envolve a atualiza\u00e7\u00e3o de cerca de 2.500 unidades habitacionais perto do aeroporto, incluindo aquelas em Winooski e Burlington, para obter novo isolamento, portas e janelas.<\/p>\n<p>No entanto, espera-se que as atualiza\u00e7\u00f5es levem anos para serem conclu\u00eddas e, como um morador ressaltou, elas n\u00e3o impedem o barulho ao ar livre.<\/p>\n<h2 class=\"wp-block-heading\" id=\"h-mission-change\"><strong>Mudan\u00e7a de miss\u00e3o<\/strong><\/h2>\n<p>Conforme descrito na resolu\u00e7\u00e3o de Burlington, os moradores est\u00e3o pedindo \u00e0 For\u00e7a A\u00e9rea que substitua a miss\u00e3o do F-35 por uma que n\u00e3o cause \u201cnenhum ru\u00eddo prejudicial\u201d e \u201cnenhum impacto econ\u00f4mico substancialmente adverso ao aeroporto ou \u00e0 comunidade\u201d e que seja \u201ccompat\u00edvel com bairros residenciais\u201d.<\/p>\n<p>Os moradores est\u00e3o pedindo \u00e0 guarda que considere uma miss\u00e3o de transporte militar, o que aumentaria o n\u00famero de empregos e se alinharia mais de perto com as cren\u00e7as das comunidades locais, eles dizem. Aeronaves de transporte exigem mais pessoas, e uma miss\u00e3o Medevac precisa de cinco vezes mais tripula\u00e7\u00e3o. <\/p>\n<p>Como disse a esposa de um piloto militar na audi\u00eancia p\u00fablica de Burlington, \u201cNada prejudicou mais a reputa\u00e7\u00e3o da guarda do que a (coloca\u00e7\u00e3o) deste avi\u00e3o\u201d, ela disse. \u201cA reputa\u00e7\u00e3o piorou desde que os F-35 chegaram.\u201d <\/p>\n<div class=\"m-block m-generic-cta\t m-generic-cta--post-content\t m-generic-cta--dark\t m-generic-cta--homepage\t m-generic-cta--email-signup\t\t m-generic-cta-block-style--default \tt-amp__generic-cta\"><\/p>\n<div class=\"m-generic-cta__wrap\">\n<div class=\"m-generic-cta__content\">\n<h3 class=\"m-generic-cta__title\">Boston.com Hoje<\/h3>\n<p class=\"m-generic-cta__subtitle\">Inscreva-se para receber as \u00faltimas manchetes na sua caixa de entrada todas as manh\u00e3s.<\/p>\n<\/p><\/div>\n<\/p><\/div>\n<\/div><\/div>\n<p><script>\n\t\tvar consent=\"grant\";\n\t\t\/* The above code is parsing the JSON data from the local storage and storing it in a variable. *\/\n\t\t\t\t\tconst onetrustStorageConsent = JSON.parse(localStorage.getItem( 'consent_one_trust_bdc' ) );\n\t\t\tif ( ( onetrustStorageConsent !== null ) ) {\n\t\t\t\t\/* Checking to see if the user has consented to the use of cookies.\n\t\t\t\t* If they have not, it is deleting the cookie.\n\t\t\t\t* This will comment for now, until further notice.\n\t\t\t\t*\/\n\t\t\t\t\/\/if ( onetrustStorageConsent.C0002 === false ) {\n\t\t\t\t\/\/\tdocument.cookie=\"_fbp=;expires=Thu, 01 Jan 2010 00:00:00 UTC; path=\/; domain=.boston.com\";\n\t\t\t\t\/\/}\n\t\t\t\t\/* Checking if the user has given consent for the cookie C0002.\n\t\t\t\t* If the user has given consent, the variable consent will be set to 'grant'.\n\t\t\t\t* If the user has not given consent,the variable consent will be set to 'revoke'.\n\t\t\t\t* Documentation https:\/\/developers.facebook.com\/docs\/meta-pixel\/implementation\/gdpr\n\t\t\t\t*\/\n\t\t\t\tif ( onetrustStorageConsent.C0002 !== true ) {\n\t\t\t\t\tconsent=\"revoke\";\n\t\t\t\t}\n\t\t\t}\n\t\t\t\t!function(f,b,e,v,n,t,s)\n\t\t{if(f.fbq)return;n=f.fbq=function(){n.callMethod?\n\t\tn.callMethod.apply(n,arguments):n.queue.push(arguments)};\n\t\tif(!f._fbq)f._fbq=n;n.push=n;n.loaded=!0;n.version='2.0';\n\t\tn.queue=[];t=b.createElement(e);t.async=!0;\n\t\tt.src=v;s=b.getElementsByTagName(e)[0];\n\t\ts.parentNode.insertBefore(t,s)}(window, document,'script',\n\t\t'https:\/\/connect.facebook.net\/en_US\/fbevents.js');\n\t\tfbq('consent', consent);\n\t\tfbq('init', '989222871864976');\n\t\tfbq('track', 'PageView');\n\t<\/script><script type=\"module\">\n\t\tvar consent=\"grant\";\n\t\t\/* The above code is parsing the JSON data from the local storage and storing it in a variable. *\/\n\t\t\tconst onetrustStorageConsent = JSON.parse(localStorage.getItem( 'consent_one_trust_bdc' ) );\n\t\t\t\/* Checking to see if the user has consented to the use of cookies.\n\t\t\t* If they have not, it is deleting the cookie.\n\t\t\t* This will comment for now, until further notice.\n\t\t\t*\/\n\t\t\t\/\/if ( onetrustStorageConsent.C0002 === false ) {\n\t\t\t\/\/\tdocument.cookie=\"_fbp=;expires=Thu, 01 Jan 2010 00:00:00 UTC; path=\/; domain=.boston.com\";\n\t\t\t\/\/}\n\t\t\t\/* Checking if the user has given consent for the cookie C0002.\n\t\t\t* If the user has given consent, the variable consent will be set to 'grant'.\n\t\t\t* If the user has not given consent,the variable consent will be set to 'revoke'.\n\t\t\t* Documentation https:\/\/developers.facebook.com\/docs\/meta-pixel\/implementation\/gdpr\n\t\t\t*\/\n\t\t\tif ( ( onetrustStorageConsent !== null ) && (onetrustStorageConsent.C0002 !== true ) ) {\n\t\t\t\tconsent=\"revoke\";\n\t\t\t}\n\t\t\t\t!function(f,b,e,v,n,t,s){if(f.fbq)return;n=f.fbq=function()\n\t\t{n.callMethod? n.callMethod.apply(n,arguments):n.queue.push(arguments)}\n\t\t;if(!f._fbq)f._fbq=n;\n\t\tn.push=n;n.loaded=!0;n.version='2.0';n.queue=[];t=b.createElement(e);t.async=!0;\n\t\tt.src=v;s=b.getElementsByTagName(e)[0];s.parentNode.insertBefore(t,s)}(window,\n\t\tdocument,'script','https:\/\/connect.facebook.net\/en_US\/fbevents.js');\n\t\tfbq('consent', consent);\n\t\tfbq('init', '813236348753005');\n\t\tfbq('track', \"PageView\");\n\t<\/script><br \/>\n<br \/><br \/>\n<br \/><a href=\"https:\/\/www.boston.com\/news\/local-news\/2024\/09\/12\/vermont-f-35s\/\">Source link <\/a><\/p>","protected":false},"excerpt":{"rendered":"<p>Not\u00edcias locais Depois de anos sofrendo as consequ\u00eancias dos ca\u00e7as que sobrevoavam a regi\u00e3o, moradores dizem que j\u00e1 chega. Um Lockheed Martin F-35 da For\u00e7a A\u00e9rea dos EUA se apresenta&hellip;<\/p>","protected":false},"author":1,"featured_media":36110,"comment_status":"closed","ping_status":"open","sticky":false,"template":"","format":"standard","meta":{"content-type":"","footnotes":""},"categories":[1],"tags":[],"class_list":["post-36109","post","type-post","status-publish","format-standard","has-post-thumbnail","hentry","category-uncategorized"],"_links":{"self":[{"href":"https:\/\/tvbrazilusa.com\/pt\/wp-json\/wp\/v2\/posts\/36109","targetHints":{"allow":["GET"]}}],"collection":[{"href":"https:\/\/tvbrazilusa.com\/pt\/wp-json\/wp\/v2\/posts"}],"about":[{"href":"https:\/\/tvbrazilusa.com\/pt\/wp-json\/wp\/v2\/types\/post"}],"author":[{"embeddable":true,"href":"https:\/\/tvbrazilusa.com\/pt\/wp-json\/wp\/v2\/users\/1"}],"replies":[{"embeddable":true,"href":"https:\/\/tvbrazilusa.com\/pt\/wp-json\/wp\/v2\/comments?post=36109"}],"version-history":[{"count":1,"href":"https:\/\/tvbrazilusa.com\/pt\/wp-json\/wp\/v2\/posts\/36109\/revisions"}],"predecessor-version":[{"id":36111,"href":"https:\/\/tvbrazilusa.com\/pt\/wp-json\/wp\/v2\/posts\/36109\/revisions\/36111"}],"wp:featuredmedia":[{"embeddable":true,"href":"https:\/\/tvbrazilusa.com\/pt\/wp-json\/wp\/v2\/media\/36110"}],"wp:attachment":[{"href":"https:\/\/tvbrazilusa.com\/pt\/wp-json\/wp\/v2\/media?parent=36109"}],"wp:term":[{"taxonomy":"category","embeddable":true,"href":"https:\/\/tvbrazilusa.com\/pt\/wp-json\/wp\/v2\/categories?post=36109"},{"taxonomy":"post_tag","embeddable":true,"href":"https:\/\/tvbrazilusa.com\/pt\/wp-json\/wp\/v2\/tags?post=36109"}],"curies":[{"name":"wp","href":"https:\/\/api.w.org\/{rel}","templated":true}]}}