{"id":36135,"date":"2024-09-12T16:32:39","date_gmt":"2024-09-12T16:32:39","guid":{"rendered":"https:\/\/tvbrazilusa.com\/2024\/09\/12\/adolescente-da-florida-mata-a-mae-e-ja-foi-acusado-pela-morte-do-pai-xerife\/"},"modified":"2024-09-12T18:10:54","modified_gmt":"2024-09-12T18:10:54","slug":"adolescente-da-florida-mata-a-mae-e-ja-foi-acusado-pela-morte-do-pai-xerife","status":"publish","type":"post","link":"https:\/\/tvbrazilusa.com\/pt\/2024\/09\/12\/adolescente-da-florida-mata-a-mae-e-ja-foi-acusado-pela-morte-do-pai-xerife\/","title":{"rendered":"Adolescente da Fl\u00f3rida mata a m\u00e3e e j\u00e1 foi acusado pela morte do pai: xerife"},"content":{"rendered":"<p> <script async src=\"https:\/\/pagead2.googlesyndication.com\/pagead\/js\/adsbygoogle.js?client=ca-pub-8864793242727901\"\r\n     crossorigin=\"anonymous\"><\/script><br \/>\n<\/p>\n<div>\n<p>LAKELAND, FL \u2014 Um adolescente de 17 anos do Condado de Polk que est\u00e1 enfrentando acusa\u00e7\u00f5es de assassinato em conex\u00e3o com a morte de sua m\u00e3e a facadas foi anteriormente acusado de atirar e matar seu pai no in\u00edcio de 2023, informou o Gabinete do Xerife do Condado de Polk na quarta-feira.<\/p>\n<\/div>\n<div>\n<p>Os delegados responderam por volta das 18h de domingo a uma casa na Hewlett Drive em Auburndale. As autoridades disseram que Collin Griffith, de 17 anos, ligou para o 911 pedindo ajuda ap\u00f3s um incidente com sua m\u00e3e, Catherine Griffith, de 39 anos. <\/p>\n<p>O jovem Griffith disse \u00e0 central que &#8220;sua m\u00e3e investiu contra ele com uma faca e caiu sobre ela&#8221; durante uma discuss\u00e3o, causando um ferimento profundo no pesco\u00e7o, disseram as autoridades.<\/p>\n<\/div>\n<div>\n<p>Catherine Griffith foi declarada morta no local quando os socorristas chegaram, disseram as autoridades.<\/p>\n<p>Quando os delegados chegaram \u00e0 cena, eles notaram que Collin Griffith n\u00e3o estava chateado, estava calmo e tinha sangue nele, disse o xerife do Condado de Polk, Grady Judd, em uma entrevista coletiva. O xerife acrescentou que os delegados encontraram uma faca de 12 polegadas com uma l\u00e2mina de 8 polegadas na cena.<\/p>\n<\/div>\n<div>\n<p>Durante as entrevistas policiais, Collin Griffith foi acusado de n\u00e3o cooperar imediatamente e solicitar um advogado. As autoridades disseram que havia inconsist\u00eancias entre o que o adolescente disse \u00e0 central e o que foi encontrado na cena.<\/p>\n<p>Testemunhas disseram aos detetives que Colin Griffith estava discutindo com sua m\u00e3e do lado de fora mais cedo naquele dia, quando disseram que ele agarrou os cabelos da m\u00e3e e a arrastou para dentro de casa, disseram as autoridades.<\/p>\n<\/div>\n<div>\n<p>Catherine Griffith implorou repetidamente para que seu filho a deixasse ir, disseram as autoridades, citando relatos de testemunhas.<\/p>\n<p>A aut\u00f3psia de um m\u00e9dico legista determinou que a causa da morte foi um &#8220;ferimento profundo de facada no pesco\u00e7o&#8221;, disseram as autoridades. O m\u00e9dico legista disse que o ferimento de facada era inconsistente com um ferimento acidental, disseram as autoridades.<\/p>\n<\/div>\n<div>\n<p>Judd disse que o legista determinou que Catherine Griffith n\u00e3o poderia ter morrido do jeito que seu filho disse que ela morreu. Ele disse que a faca atravessou a parte de tr\u00e1s do pesco\u00e7o dela.<\/p>\n<p>Collin Griffith foi acusado por suspeita de assassinato em primeiro grau, sequestro e viola\u00e7\u00e3o de uma ordem de n\u00e3o contato, disseram as autoridades. Judd disse que o gabinete do xerife est\u00e1 solicitando que ele seja processado como adulto.<\/p>\n<p>O incidente fatal no domingo ocorreu na casa de sua av\u00f3, embora Judd tenha dito que ela n\u00e3o estava em casa no momento do incidente.<\/p>\n<p>Ao falar com os detetives, a av\u00f3 disse que ele havia sido fisicamente ou verbalmente agressivo com sua m\u00e3e no passado, disseram as autoridades.<\/p>\n<p>A av\u00f3 disse que Collin Griffith foi preso no Dia dos Namorados de 2023 em conex\u00e3o com a morte a tiros de seu pai no Condado de Lincoln, Oklahoma, disse Judd.<\/p>\n<\/div>\n<div>\n<p>O adolescente alegou que seu pai sacou uma faca e atirou em seu peito e na cabe\u00e7a em leg\u00edtima defesa, disse Judd.<\/p>\n<p>A acusa\u00e7\u00e3o de assassinato contra Collin Griffith foi retirada pelo menos um m\u00eas depois porque as autoridades locais disseram que n\u00e3o podiam provar que ele havia alegado leg\u00edtima defesa. <\/p>\n<p>Em mar\u00e7o de 2023, ele se mudou para o Condado de Charlotte para morar com sua m\u00e3e, disse Judd. O xerife acrescentou que cerca de seis meses depois, Collin Griffith fez um coment\u00e1rio sobre matar a si mesmo ou sua m\u00e3e com um tiro ou esfaqueamento.<\/p>\n<p>Al\u00e9m disso, o Gabinete do Xerife do Condado de Charlotte acusou Collin Griffith de suspeita de agress\u00e3o por viol\u00eancia dom\u00e9stica contra sua m\u00e3e em novembro de 2023, disseram as autoridades.<\/p>\n<p>Judd disse que o antigo caso de assassinato contra Collin Griffith poderia ser reaberto em Oklahoma.<\/p>\n<\/div>\n<div>\n<p>\u201cN\u00f3s o responsabilizaremos no Condado de Polk \u2014 faremos tudo o que pudermos para mant\u00ea-lo separado da sociedade civil\u201d, disse Judd em um comunicado \u00e0 imprensa.<\/p>\n<\/div>\n<p><br \/>\n<br \/><a href=\"http:\/\/patch.com\/florida\/lakeland\/fl-teen-who-fatally-stabbed-mom-was-charged-dads-killing-sheriff?utm_source=article-mostrecent&#038;utm_medium=rss&#038;utm_term=crime%20%26%20safety&#038;utm_campaign=recirc&#038;utm_content=aol\">Source link <\/a><\/p>","protected":false},"excerpt":{"rendered":"<p>LAKELAND, FL \u2014 Um adolescente de 17 anos do Condado de Polk que est\u00e1 enfrentando acusa\u00e7\u00f5es de assassinato em conex\u00e3o com a morte de sua m\u00e3e a facadas foi anteriormente&hellip;<\/p>","protected":false},"author":1,"featured_media":36136,"comment_status":"closed","ping_status":"open","sticky":false,"template":"","format":"standard","meta":{"content-type":"","footnotes":""},"categories":[1],"tags":[],"class_list":["post-36135","post","type-post","status-publish","format-standard","has-post-thumbnail","hentry","category-uncategorized"],"_links":{"self":[{"href":"https:\/\/tvbrazilusa.com\/pt\/wp-json\/wp\/v2\/posts\/36135","targetHints":{"allow":["GET"]}}],"collection":[{"href":"https:\/\/tvbrazilusa.com\/pt\/wp-json\/wp\/v2\/posts"}],"about":[{"href":"https:\/\/tvbrazilusa.com\/pt\/wp-json\/wp\/v2\/types\/post"}],"author":[{"embeddable":true,"href":"https:\/\/tvbrazilusa.com\/pt\/wp-json\/wp\/v2\/users\/1"}],"replies":[{"embeddable":true,"href":"https:\/\/tvbrazilusa.com\/pt\/wp-json\/wp\/v2\/comments?post=36135"}],"version-history":[{"count":1,"href":"https:\/\/tvbrazilusa.com\/pt\/wp-json\/wp\/v2\/posts\/36135\/revisions"}],"predecessor-version":[{"id":36137,"href":"https:\/\/tvbrazilusa.com\/pt\/wp-json\/wp\/v2\/posts\/36135\/revisions\/36137"}],"wp:featuredmedia":[{"embeddable":true,"href":"https:\/\/tvbrazilusa.com\/pt\/wp-json\/wp\/v2\/media\/36136"}],"wp:attachment":[{"href":"https:\/\/tvbrazilusa.com\/pt\/wp-json\/wp\/v2\/media?parent=36135"}],"wp:term":[{"taxonomy":"category","embeddable":true,"href":"https:\/\/tvbrazilusa.com\/pt\/wp-json\/wp\/v2\/categories?post=36135"},{"taxonomy":"post_tag","embeddable":true,"href":"https:\/\/tvbrazilusa.com\/pt\/wp-json\/wp\/v2\/tags?post=36135"}],"curies":[{"name":"wp","href":"https:\/\/api.w.org\/{rel}","templated":true}]}}