{"id":36156,"date":"2024-09-12T18:51:26","date_gmt":"2024-09-12T18:51:26","guid":{"rendered":"https:\/\/tvbrazilusa.com\/2024\/09\/12\/deputado-sai-em-defesa-de-padre-acusado-de-homofobia-por-pregar-a-palavra\/"},"modified":"2024-09-12T18:51:27","modified_gmt":"2024-09-12T18:51:27","slug":"deputado-sai-em-defesa-de-padre-acusado-de-homofobia-por-pregar-a-palavra","status":"publish","type":"post","link":"https:\/\/tvbrazilusa.com\/pt\/2024\/09\/12\/deputado-sai-em-defesa-de-padre-acusado-de-homofobia-por-pregar-a-palavra\/","title":{"rendered":"Deputado sai em defesa de padre acusado de homofobia por pregar a Palavra"},"content":{"rendered":"<p> <script async src=\"https:\/\/pagead2.googlesyndication.com\/pagead\/js\/adsbygoogle.js?client=ca-pub-8864793242727901\"\r\n     crossorigin=\"anonymous\"><\/script><br \/>\n<\/p>\n<div id=\"taboola-read-more\" style=\"display:block; width:100%\">\n<p>O caso envolvendo um padre de Nova Friburgo (RJ) denunciado por homofobia pelo Minist\u00e9rio P\u00fablico Estadual (MPRJ) na \u00faltima semana deu o que falar na Assembleia Legislativa do Estado do Rio de Janeiro (Alerj). Na \u00faltima ter\u00e7a-feira (10), durante o expediente final, o deputado M\u00e1rcio Gualberto (PL), cat\u00f3lico fervoroso, saiu em defesa do sacerdote que, segundo ele e boa parte dos crist\u00e3os, reproduziu apenas o que est\u00e1 escrito na B\u00edblia, exercendo seu direito \u00e0 liberdade de culto.<\/p>\n<p>Para Gualberto, o fato de ser batizado, cat\u00f3lico e catequista n\u00e3o permite que ele se omita neste momento e fique calado.<\/p>\n<p>\u2013 Onde fica a liberdade religiosa, a liberdade de culto, a liberdade de express\u00e3o, a liberdade de consci\u00eancia? Isso n\u00e3o pode, esses princ\u00edpios n\u00e3o podem ser implodidos por uma canetada. Qual ser\u00e1 o pr\u00f3ximo passo? Acabar com os feriados religiosos? Retirar o nome dos santos e santas dos estados e munic\u00edpios? S\u00e3o Sebasti\u00e3o do Rio de Janeiro, S\u00e3o Paulo, Santa Catarina? Queimar crucifixos, quebrar imagens em pra\u00e7as p\u00fablicas, proibir a leitura da B\u00edblia, colocar censores na porta de igrejas para que esses censores acompanhem o que ser\u00e1 dito nas missas e cultos? \u2013 questionou o parlamentar.<\/p>\n<p>\u2013 N\u00e3o \u00e9 poss\u00edvel isso. H\u00e1 que se ter mais responsabilidade \u2013 protestou.<\/p>\n<p>O incidente ocorreu em abril de 2023, durante uma missa na capela do Col\u00e9gio Nossa Senhora das Dores, durante a homilia, momento em que o sacerdote prega sobre temas espec\u00edficos.<\/p>\n<p>\u2013 N\u00e3o posso concordar que em pleno s\u00e9culo 21 um sacerdote da Igreja Cat\u00f3lica Apost\u00f3lica Romana esteja sendo perseguido por uma representante do Minist\u00e9rio P\u00fablico, porque durante uma homilia o padre, de forma respeitosa, mas verdadeira, testemunhando aquilo que sua doutrina acredita, aquilo que recebeu do Evangelho, aquilo que h\u00e1 21 s\u00e9culos a Igreja prega (\u2026) \u00e9 inconceb\u00edvel que ao ter falado contra o homossexualismo, sem ter incentivado nenhum tipo de viol\u00eancia contra ningu\u00e9m, este padre tenha sido agora recentemente denunciado por esta representante do Minist\u00e9rio P\u00fablico. \u00c9 um absurdo completo \u2013 acrescentou o deputado.<\/p>\n<p>Para M\u00e1rcio Gualberto, est\u00e3o querendo censurar a Igreja, os crist\u00e3os e todos aqueles que n\u00e3o se dobram ao status quo. Ele lembrou ainda que o Brasil \u00e9 um pa\u00eds religioso e que o cristianismo \u00e9 majorit\u00e1rio.<\/p>\n<p>\u2013 Em 21 s\u00e9culos de cristianismo, cat\u00f3licos verdadeiros jamais se curvaram diante das tiranias. E n\u00e3o foram poucas. N\u00f3s temos, na hist\u00f3ria da Igreja Cat\u00f3lica, muitos m\u00e1rtires, muitos mesmo. E foram martirizados, porque n\u00e3o aceitaram se dobrar diante dos diversos tiranetes que se ergueram na hist\u00f3ria da humanidade \u2013 destacou o deputado.<\/p>\n<p>Gualberto disse tamb\u00e9m que o padre n\u00e3o pode ser punido por ter falado a verdade diante dos seus fi\u00e9is e que, apesar dos pesares, de todas as dificuldades e das persegui\u00e7\u00f5es, o padre est\u00e1 sendo fiel a Cristo e \u00e0 sua Igreja.<\/p>\n<p>\u2013 Ningu\u00e9m est\u00e1 obrigado a ser cat\u00f3lico, ningu\u00e9m. Mas, se eu adentro uma Igreja Cat\u00f3lica, devo estar preparado, eu devo saber, eu devo ter consci\u00eancia de que vou ouvir tanto o que gosto como tamb\u00e9m o que n\u00e3o gosto; tanto o que quero, como tamb\u00e9m aquilo que eu n\u00e3o desejo \u2013 disse.<\/p>\n<p>Por fim, o parlamentar disse que Jesus e seus seguidores amam o pecador, mas n\u00e3o o pecado.<\/p>\n<p>\u2013 Ningu\u00e9m tem a inten\u00e7\u00e3o de desrespeitar. Ningu\u00e9m quer que as pessoas com essa tend\u00eancia sejam maltratadas. Pelo contr\u00e1rio! Quem abrir o catecismo na Igreja Cat\u00f3lica ver\u00e1, mas est\u00e1 muito claro ao mesmo tempo que a Igreja, na sua hist\u00f3ria bimilenar, sempre amou e acolheu os pecadores, mas n\u00e3o os seus e os nossos pecados. N\u00e3o ser\u00e3o acolhidos.<\/p>\n<p>\u2013 Gostemos ou n\u00e3o, a Igreja vai permanecer fiel \u00e0 revela\u00e7\u00e3o divina, a Igreja vai permanecer fiel \u00e0 sua doutrina, a Igreja vai permanecer fiel \u00e0 tradi\u00e7\u00e3o, \u00e0 sagrada tradi\u00e7\u00e3o, \u00e0 sagrada escritura e ao sagrado magist\u00e9rio. Ent\u00e3o, n\u00e3o ser\u00e1 uma den\u00fancia nem uma canetada que vai fazer com que o catolicismo deixe de ser fiel ao Senhor Jesus Cristo \u2013 finalizou.<\/p>\n<p>Fonte: Pleno News<\/p>\n<\/p><\/div>\n<p><br \/>\n<br \/><a href=\"https:\/\/diariodobrasilnoticias.com.br\/noticia\/deputado-sai-em-defesa-de-padre-acusado-de-homofobia-por-pregar-a-palavra-66e31769d506d\">Source link <\/a><\/p>","protected":false},"excerpt":{"rendered":"<p>O caso envolvendo um padre de Nova Friburgo (RJ) denunciado por homofobia pelo Minist\u00e9rio P\u00fablico Estadual (MPRJ) na \u00faltima semana deu o que falar na Assembleia Legislativa do Estado do&hellip;<\/p>","protected":false},"author":1,"featured_media":36157,"comment_status":"closed","ping_status":"open","sticky":false,"template":"","format":"standard","meta":{"content-type":"","footnotes":""},"categories":[16],"tags":[123,2448,5313,1267],"class_list":["post-36156","post","type-post","status-publish","format-standard","has-post-thumbnail","hentry","category-noticias","tag-brasil","tag-diario","tag-noticia","tag-noticias"],"_links":{"self":[{"href":"https:\/\/tvbrazilusa.com\/pt\/wp-json\/wp\/v2\/posts\/36156","targetHints":{"allow":["GET"]}}],"collection":[{"href":"https:\/\/tvbrazilusa.com\/pt\/wp-json\/wp\/v2\/posts"}],"about":[{"href":"https:\/\/tvbrazilusa.com\/pt\/wp-json\/wp\/v2\/types\/post"}],"author":[{"embeddable":true,"href":"https:\/\/tvbrazilusa.com\/pt\/wp-json\/wp\/v2\/users\/1"}],"replies":[{"embeddable":true,"href":"https:\/\/tvbrazilusa.com\/pt\/wp-json\/wp\/v2\/comments?post=36156"}],"version-history":[{"count":1,"href":"https:\/\/tvbrazilusa.com\/pt\/wp-json\/wp\/v2\/posts\/36156\/revisions"}],"predecessor-version":[{"id":36158,"href":"https:\/\/tvbrazilusa.com\/pt\/wp-json\/wp\/v2\/posts\/36156\/revisions\/36158"}],"wp:featuredmedia":[{"embeddable":true,"href":"https:\/\/tvbrazilusa.com\/pt\/wp-json\/wp\/v2\/media\/36157"}],"wp:attachment":[{"href":"https:\/\/tvbrazilusa.com\/pt\/wp-json\/wp\/v2\/media?parent=36156"}],"wp:term":[{"taxonomy":"category","embeddable":true,"href":"https:\/\/tvbrazilusa.com\/pt\/wp-json\/wp\/v2\/categories?post=36156"},{"taxonomy":"post_tag","embeddable":true,"href":"https:\/\/tvbrazilusa.com\/pt\/wp-json\/wp\/v2\/tags?post=36156"}],"curies":[{"name":"wp","href":"https:\/\/api.w.org\/{rel}","templated":true}]}}