{"id":36172,"date":"2024-09-12T19:49:17","date_gmt":"2024-09-12T19:49:17","guid":{"rendered":"https:\/\/tvbrazilusa.com\/2024\/09\/12\/zanin-atende-ao-governo-e-prorroga-desoneracao-ate-segunda-feira-paulo-figueiredo\/"},"modified":"2024-09-12T19:52:23","modified_gmt":"2024-09-12T19:52:23","slug":"zanin-atende-ao-governo-e-prorroga-desoneracao-ate-segunda-feira-paulo-figueiredo","status":"publish","type":"post","link":"https:\/\/tvbrazilusa.com\/pt\/2024\/09\/12\/zanin-atende-ao-governo-e-prorroga-desoneracao-ate-segunda-feira-paulo-figueiredo\/","title":{"rendered":"Zanin atende ao governo e prorroga desonera\u00e7\u00e3o at\u00e9 segunda-feira &#8211; Paulo Figueiredo"},"content":{"rendered":"<p> <script async src=\"https:\/\/pagead2.googlesyndication.com\/pagead\/js\/adsbygoogle.js?client=ca-pub-8864793242727901\"\r\n     crossorigin=\"anonymous\"><\/script><br \/>\n<\/p>\n<div id=\"wtr-content\" data-bg=\"#FFFFFF\" data-fg=\"#006d91\" data-width=\"25\" data-mute=\"1\" data-fgopacity=\"1.00\" data-mutedopacity=\"0.5\" data-placement=\"bottom\" data-placement-offset=\"0\" data-content-offset=\"262\" data-placement-touch=\"bottom\" data-placement-offset-touch=\"0\" data-transparent=\"\" data-shadow=\"0\" data-touch=\"1\" data-non-touch=\"1\" data-comments=\"0\" data-commentsbg=\"transparent\" data-location=\"page\" data-mutedfg=\"#006d91\" data-endfg=\"#006d91\" data-rtl=\"\">\n<pre class=\"wp-block-preformatted has-small-font-size\">Foto: Valter Campanato\/Ag\u00eancia Brasil<\/pre>\n<h3 class=\"wp-block-heading\">C\u00e2mara finalizou aprova\u00e7\u00e3o do projeto h\u00e1 poucos minutos; prazo anterior encerrou na quarta-feira 11<\/h3>\n<p>O ministro Cristiano Zanin, do\u00a0<strong>Supremo Tribunal Federal<\/strong>\u00a0(STF), atendeu a um pedido da Advocacia-Geral da Uni\u00e3o (AGU) e prorrogou, nesta quinta-feira, 12, a desonera\u00e7\u00e3o da folha de pagamento at\u00e9 a segunda-feira 16. O governo pediu a prorroga\u00e7\u00e3o at\u00e9 o domingo 15, mas o ministro concedeu tr\u00eas dias \u00fateis, a contar por hoje, quando a decis\u00e3o anterior da prorroga\u00e7\u00e3o j\u00e1 n\u00e3o tinha mais validade.<\/p>\n<p>\u201cDefiro o prazo de tr\u00eas dias \u00fateis para a juntada dos atos normativos, nos termos em que foi requerido pela Uni\u00e3o, ficando mantida, nesse per\u00edodo, a suspens\u00e3o da efic\u00e1cia da liminar deferida anteriormente\u201d, decidiu Zanin.<\/p>\n<p>A solicita\u00e7\u00e3o do governo ocorreu depois que a C\u00e2mara dos Deputados excedeu o prazo estabelecido pelo magistrado para que o Congresso e o governo encontrassem fontes de compensa\u00e7\u00e3o para a ren\u00fancia fiscal. O prazo expirou na quarta-feira 11 e o Projeto de Lei (PL) da reonera\u00e7\u00e3o gradual\u00a0<strong>s\u00f3 foi aprovado em reda\u00e7\u00e3o final hoje, h\u00e1 poucos minutos.<\/strong><\/p>\n<p>O presidente Luiz In\u00e1cio Lula da Silva deve sancionar o texto ainda nesta semana.<\/p>\n<h3 class=\"wp-block-heading\" id=\"c6fd32ae\">Tr\u00e2mite legislativo sobre desonera\u00e7\u00e3o e oposi\u00e7\u00e3o<\/h3>\n<p>Depois da aprova\u00e7\u00e3o no Congresso, o presidente Luiz In\u00e1cio Lula da Silva ainda precisa sancionar o projeto de desonera\u00e7\u00e3o. Durante a vota\u00e7\u00e3o no plen\u00e1rio, deputadas de oposi\u00e7\u00e3o, como Bia Kicis (PL-DF) e Adriana Ventura (Novo-SP), foram desfavor\u00e1veis ao processo, com discursos contr\u00e1rios ao governo e \u00e0 reonera\u00e7\u00e3o.<\/p>\n<p>Relatora do texto, a deputada Any Ortiz (Cidadania-RS) n\u00e3o assinou o parecer durante a an\u00e1lise no plen\u00e1rio. A fun\u00e7\u00e3o ficou a cargo do l\u00edder do governo na Casa, Jos\u00e9 Guimar\u00e3es (PT-CE).<\/p>\n<h3 class=\"wp-block-heading\">PL da reonera\u00e7\u00e3o veio depois de imbr\u00f3glios com o governo Lula<\/h3>\n<p>O texto estabelece uma transi\u00e7\u00e3o de tr\u00eas anos para a reonera\u00e7\u00e3o dos setores da economia e dos munic\u00edpios. O PL surgiu depois que o Supremo Tribunal Federal (STF) considerou inconstitucional a Lei 14.784\/23, que prorrogou a desonera\u00e7\u00e3o at\u00e9 2027, por falta de indica\u00e7\u00e3o dos recursos para suportar a diminui\u00e7\u00e3o de arrecada\u00e7\u00e3o.<\/p>\n<p>O acordo entre a Fazenda e o Congresso prev\u00ea que, em 2024, permane\u00e7a a previd\u00eancia social dos 17 setores vinculada ao faturamento e nada sobre a folha de pagamento. Para os munic\u00edpios, reduziram de 20% para 8% o sistema de contribui\u00e7\u00e3o para a d\u00edvida previdenci\u00e1ria, com reonera\u00e7\u00e3o gradativa a partir de 2025.<\/p>\n<p>Em 2023, o Congresso aprovou a desonera\u00e7\u00e3o da folha at\u00e9 2027, mas o presidente Lula vetou a legisla\u00e7\u00e3o. O Parlamento ent\u00e3o derrubou o veto. Ent\u00e3o, a Advocacia-Geral da Uni\u00e3o (AGU) acionou o STF contra a lei, alegando que seria inconstitucional.\u00a0<strong>O STF seguiu o entendimento da a\u00e7\u00e3o do governo.<\/strong><\/p>\n<p>Depois, quando o Executivo estabeleceu um di\u00e1logo com o Congresso em torno de um novo texto, pediu ao STF que permitisse a desonera\u00e7\u00e3o por determinado tempo, neste ano, at\u00e9 que o Congresso aprovasse uma nova Lei, sendo esta que foi votada h\u00e1 pouco.<\/p>\n<p><strong><a href=\"https:\/\/revistaoeste.com\/politica\/zanin-atende-ao-governo-e-prorroga-desoneracao-ate-segunda-feira\/\">Source link<\/a><\/strong><\/p>\n<\/div>\n<p><br \/>\n<br \/><a href=\"https:\/\/paulofigueiredoshow.com\/zanin-atende-ao-governo-e-prorroga-desoneracao-ate-segunda-feira\/\">Source link <\/a><\/p>","protected":false},"excerpt":{"rendered":"<p>Foto: Valter Campanato\/Ag\u00eancia Brasil C\u00e2mara finalizou aprova\u00e7\u00e3o do projeto h\u00e1 poucos minutos; prazo anterior encerrou na quarta-feira 11 O ministro Cristiano Zanin, do\u00a0Supremo Tribunal Federal\u00a0(STF), atendeu a um pedido da&hellip;<\/p>","protected":false},"author":1,"featured_media":36173,"comment_status":"closed","ping_status":"open","sticky":false,"template":"","format":"standard","meta":{"content-type":"","footnotes":""},"categories":[16],"tags":[7540,336,89,5022,1378,19538],"class_list":["post-36172","post","type-post","status-publish","format-standard","has-post-thumbnail","hentry","category-noticias","tag-desoneracao","tag-governo","tag-lula","tag-prorroga","tag-pt","tag-zanin"],"_links":{"self":[{"href":"https:\/\/tvbrazilusa.com\/pt\/wp-json\/wp\/v2\/posts\/36172","targetHints":{"allow":["GET"]}}],"collection":[{"href":"https:\/\/tvbrazilusa.com\/pt\/wp-json\/wp\/v2\/posts"}],"about":[{"href":"https:\/\/tvbrazilusa.com\/pt\/wp-json\/wp\/v2\/types\/post"}],"author":[{"embeddable":true,"href":"https:\/\/tvbrazilusa.com\/pt\/wp-json\/wp\/v2\/users\/1"}],"replies":[{"embeddable":true,"href":"https:\/\/tvbrazilusa.com\/pt\/wp-json\/wp\/v2\/comments?post=36172"}],"version-history":[{"count":1,"href":"https:\/\/tvbrazilusa.com\/pt\/wp-json\/wp\/v2\/posts\/36172\/revisions"}],"predecessor-version":[{"id":36174,"href":"https:\/\/tvbrazilusa.com\/pt\/wp-json\/wp\/v2\/posts\/36172\/revisions\/36174"}],"wp:featuredmedia":[{"embeddable":true,"href":"https:\/\/tvbrazilusa.com\/pt\/wp-json\/wp\/v2\/media\/36173"}],"wp:attachment":[{"href":"https:\/\/tvbrazilusa.com\/pt\/wp-json\/wp\/v2\/media?parent=36172"}],"wp:term":[{"taxonomy":"category","embeddable":true,"href":"https:\/\/tvbrazilusa.com\/pt\/wp-json\/wp\/v2\/categories?post=36172"},{"taxonomy":"post_tag","embeddable":true,"href":"https:\/\/tvbrazilusa.com\/pt\/wp-json\/wp\/v2\/tags?post=36172"}],"curies":[{"name":"wp","href":"https:\/\/api.w.org\/{rel}","templated":true}]}}