{"id":3626,"date":"2023-09-11T21:48:07","date_gmt":"2023-09-11T21:48:07","guid":{"rendered":"https:\/\/tvbrazilusa.com\/2023\/09\/11\/governo-federal-usa-agu-para-perseguir-jornalista-alexandre-garcia\/"},"modified":"2023-09-11T21:48:07","modified_gmt":"2023-09-11T21:48:07","slug":"governo-federal-usa-agu-para-perseguir-jornalista-alexandre-garcia","status":"publish","type":"post","link":"https:\/\/tvbrazilusa.com\/pt\/2023\/09\/11\/governo-federal-usa-agu-para-perseguir-jornalista-alexandre-garcia\/","title":{"rendered":"Governo Federal usa AGU para perseguir jornalista Alexandre Garcia"},"content":{"rendered":"<p><iframe  width=\"580\" height=\"385\" src=\"https:\/\/www.youtube.com\/embed\/p9r_Q9Yzstw?modestbranding=1\" frameborder=\"0\" allowfullscreen><\/iframe><br \/>\n<br \/>Sob a desculpa de &#8220;combater fake news&#8221;, observamos mais um ataque \u00e0 liberdade de express\u00e3o e \u00e0 imprensa livre.<\/p>\n<p>Mais cedo, o advogado-geral da Uni\u00e3o, Jorge Messias, anunciou que acionou a &#8220;Procuradoria Nacional de Defesa da Democracia&#8221; para &#8220;instaura\u00e7\u00e3o de procedimento contra campanha de desinforma\u00e7\u00e3o promovida pelo jornalista Alexandre Garcia&#8221;.<\/p>\n<p>Junto ao comunicado, ele publicou mat\u00e9ria do blog chapa-branca DCM, que acusa o jornalista de espalhar &#8220;fake news grotesca&#8221; sobre as enchentes no RS.<\/p>\n<p>Garcia disse que era preciso investigar a suposta abertura de comportas de tr\u00eas represas constru\u00eddas no Rio das Antas durante o \u00faltimo governo petista, que teria produzido a enxurrada destrutiva.<\/p>\n<p>O panfleto petista DCM se referiu assim ao jornalista: &#8220;Garcia \u00e9 um canalha irrespons\u00e1vel que precisa ser processado pelo governo federal, bem como os respons\u00e1veis pela Oeste, refugos da Jovem Pan. Esse del\u00edrio delinquente est\u00e1 no YouTube para quem quiser ver, correndo as redes da extrema-direita&#8221;.<\/p>\n<p>Avaliemos a situa\u00e7\u00e3o.<br \/>\n<br \/><a href=\"https:\/\/www.youtube.com\/watch?v=p9r_Q9Yzstw\">source<\/a><\/p>","protected":false},"excerpt":{"rendered":"<p>Sob a desculpa de &#8220;combater fake news&#8221;, observamos mais um ataque \u00e0 liberdade de express\u00e3o e \u00e0 imprensa livre. Mais cedo, o advogado-geral da Uni\u00e3o, Jorge Messias, anunciou que acionou&hellip;<\/p>","protected":false},"author":1,"featured_media":3627,"comment_status":"","ping_status":"open","sticky":false,"template":"","format":"standard","meta":{"content-type":"","footnotes":""},"categories":[1],"tags":[],"class_list":["post-3626","post","type-post","status-publish","format-standard","has-post-thumbnail","hentry","category-uncategorized"],"_links":{"self":[{"href":"https:\/\/tvbrazilusa.com\/pt\/wp-json\/wp\/v2\/posts\/3626","targetHints":{"allow":["GET"]}}],"collection":[{"href":"https:\/\/tvbrazilusa.com\/pt\/wp-json\/wp\/v2\/posts"}],"about":[{"href":"https:\/\/tvbrazilusa.com\/pt\/wp-json\/wp\/v2\/types\/post"}],"author":[{"embeddable":true,"href":"https:\/\/tvbrazilusa.com\/pt\/wp-json\/wp\/v2\/users\/1"}],"replies":[{"embeddable":true,"href":"https:\/\/tvbrazilusa.com\/pt\/wp-json\/wp\/v2\/comments?post=3626"}],"version-history":[{"count":0,"href":"https:\/\/tvbrazilusa.com\/pt\/wp-json\/wp\/v2\/posts\/3626\/revisions"}],"wp:featuredmedia":[{"embeddable":true,"href":"https:\/\/tvbrazilusa.com\/pt\/wp-json\/wp\/v2\/media\/3627"}],"wp:attachment":[{"href":"https:\/\/tvbrazilusa.com\/pt\/wp-json\/wp\/v2\/media?parent=3626"}],"wp:term":[{"taxonomy":"category","embeddable":true,"href":"https:\/\/tvbrazilusa.com\/pt\/wp-json\/wp\/v2\/categories?post=3626"},{"taxonomy":"post_tag","embeddable":true,"href":"https:\/\/tvbrazilusa.com\/pt\/wp-json\/wp\/v2\/tags?post=3626"}],"curies":[{"name":"wp","href":"https:\/\/api.w.org\/{rel}","templated":true}]}}