{"id":36336,"date":"2024-09-13T00:13:40","date_gmt":"2024-09-13T00:13:40","guid":{"rendered":"https:\/\/tvbrazilusa.com\/2024\/09\/13\/moro-comparece-a-festa-de-um-ministro-do-governo-lula\/"},"modified":"2024-09-13T00:13:42","modified_gmt":"2024-09-13T00:13:42","slug":"moro-comparece-a-festa-de-um-ministro-do-governo-lula","status":"publish","type":"post","link":"https:\/\/tvbrazilusa.com\/pt\/2024\/09\/13\/moro-comparece-a-festa-de-um-ministro-do-governo-lula\/","title":{"rendered":"Moro comparece a festa de um ministro do governo Lula"},"content":{"rendered":"<p> <script async src=\"https:\/\/pagead2.googlesyndication.com\/pagead\/js\/adsbygoogle.js?client=ca-pub-8864793242727901\"\r\n     crossorigin=\"anonymous\"><\/script><br \/>\n<\/p>\n<div id=\"taboola-read-more\" style=\"display:block; width:100%\">\n<p>Desafeto de Lula desde os tempos da Lava Jato, o ex-juiz e atual senador Sergio Moro (Uni\u00e3o-PR) prestigiou o anivers\u00e1rio de um ministro do atual presidente da Rep\u00fablica na noite dessa ter\u00e7a-feira (10\/9), em Bras\u00edlia.<\/p>\n<p>Moro compareceu \u00e0 comemora\u00e7\u00e3o do ministro do Turismo, Celso Sabino, que \u00e9 deputado licenciado pelo Uni\u00e3o Brasil, partido do ex-juiz. O senador estava acompanhado da esposa, deputada Ros\u00e2ngela Moro (Uni\u00e3o-SP).<\/p>\n<p>Al\u00e9m do casal Moro, a festa contou com as presen\u00e7as de diversos ministros do governo Lula. Entre eles, Alexandre Padilha (Rela\u00e7\u00f5es Institucionais), Andr\u00e9 Fufuca (Esporte) e Andr\u00e9 de Paula (Pesca e Aquicultura).<\/p>\n<p>A comemora\u00e7\u00e3o ocorreu na mans\u00e3o do deputado federal Gilvan M\u00e1ximo (Republicanos-DF) e teve ainda outras autoridades presentes, como o atual governador do Distrito Federal, Ibaneis Rocha (MDB).<\/p>\n<p><strong>Metr\u00f3poles\u00a0<\/strong><\/p>\n<p>\u00a0<\/p>\n<\/p><\/div>\n<p><br \/>\n<br \/><a href=\"https:\/\/diariodobrasilnoticias.com.br\/noticia\/moro-comparece-a-festa-de-um-ministro-do-governo-lula-66e357fcc5e35\">Source link <\/a><\/p>","protected":false},"excerpt":{"rendered":"<p>Desafeto de Lula desde os tempos da Lava Jato, o ex-juiz e atual senador Sergio Moro (Uni\u00e3o-PR) prestigiou o anivers\u00e1rio de um ministro do atual presidente da Rep\u00fablica na noite&hellip;<\/p>","protected":false},"author":1,"featured_media":36337,"comment_status":"closed","ping_status":"open","sticky":false,"template":"","format":"standard","meta":{"content-type":"","footnotes":""},"categories":[16],"tags":[123,2448,5313,1267],"class_list":["post-36336","post","type-post","status-publish","format-standard","has-post-thumbnail","hentry","category-noticias","tag-brasil","tag-diario","tag-noticia","tag-noticias"],"_links":{"self":[{"href":"https:\/\/tvbrazilusa.com\/pt\/wp-json\/wp\/v2\/posts\/36336","targetHints":{"allow":["GET"]}}],"collection":[{"href":"https:\/\/tvbrazilusa.com\/pt\/wp-json\/wp\/v2\/posts"}],"about":[{"href":"https:\/\/tvbrazilusa.com\/pt\/wp-json\/wp\/v2\/types\/post"}],"author":[{"embeddable":true,"href":"https:\/\/tvbrazilusa.com\/pt\/wp-json\/wp\/v2\/users\/1"}],"replies":[{"embeddable":true,"href":"https:\/\/tvbrazilusa.com\/pt\/wp-json\/wp\/v2\/comments?post=36336"}],"version-history":[{"count":1,"href":"https:\/\/tvbrazilusa.com\/pt\/wp-json\/wp\/v2\/posts\/36336\/revisions"}],"predecessor-version":[{"id":36338,"href":"https:\/\/tvbrazilusa.com\/pt\/wp-json\/wp\/v2\/posts\/36336\/revisions\/36338"}],"wp:featuredmedia":[{"embeddable":true,"href":"https:\/\/tvbrazilusa.com\/pt\/wp-json\/wp\/v2\/media\/36337"}],"wp:attachment":[{"href":"https:\/\/tvbrazilusa.com\/pt\/wp-json\/wp\/v2\/media?parent=36336"}],"wp:term":[{"taxonomy":"category","embeddable":true,"href":"https:\/\/tvbrazilusa.com\/pt\/wp-json\/wp\/v2\/categories?post=36336"},{"taxonomy":"post_tag","embeddable":true,"href":"https:\/\/tvbrazilusa.com\/pt\/wp-json\/wp\/v2\/tags?post=36336"}],"curies":[{"name":"wp","href":"https:\/\/api.w.org\/{rel}","templated":true}]}}