{"id":36345,"date":"2024-09-13T00:25:37","date_gmt":"2024-09-13T00:25:37","guid":{"rendered":"https:\/\/tvbrazilusa.com\/2024\/09\/13\/venezuela-tem-18-mil-presos-politicos-60-sao-adolescentes-paulo-figueiredo\/"},"modified":"2024-09-13T00:25:56","modified_gmt":"2024-09-13T00:25:56","slug":"venezuela-tem-18-mil-presos-politicos-60-sao-adolescentes-paulo-figueiredo","status":"publish","type":"post","link":"https:\/\/tvbrazilusa.com\/pt\/2024\/09\/13\/venezuela-tem-18-mil-presos-politicos-60-sao-adolescentes-paulo-figueiredo\/","title":{"rendered":"Venezuela tem 1,8 mil presos pol\u00edticos; 60 s\u00e3o adolescentes &#8211; Paulo Figueiredo"},"content":{"rendered":"<p> <script async src=\"https:\/\/pagead2.googlesyndication.com\/pagead\/js\/adsbygoogle.js?client=ca-pub-8864793242727901\"\r\n     crossorigin=\"anonymous\"><\/script><br \/>\n<\/p>\n<div id=\"wtr-content\" data-bg=\"#FFFFFF\" data-fg=\"#006d91\" data-width=\"25\" data-mute=\"1\" data-fgopacity=\"1.00\" data-mutedopacity=\"0.5\" data-placement=\"bottom\" data-placement-offset=\"0\" data-content-offset=\"262\" data-placement-touch=\"bottom\" data-placement-offset-touch=\"0\" data-transparent=\"\" data-shadow=\"0\" data-touch=\"1\" data-non-touch=\"1\" data-comments=\"0\" data-commentsbg=\"transparent\" data-location=\"page\" data-mutedfg=\"#006d91\" data-endfg=\"#006d91\" data-rtl=\"\">\n<h3 class=\"wp-block-heading\">De acordo com um levantamento da ONG Foro Penal, a Venezuela tem mais de 1,8 mil presos pol\u00edticos.<\/h3>\n<p>De acordo com um levantamento do\u00a0<strong>Foro Penal<\/strong>, organiza\u00e7\u00e3o n\u00e3o governamental (ONG) que defende direitos de pessoas que foram detidas de forma arbitr\u00e1ria na\u00a0<strong>Venezuela<\/strong>, o pa\u00eds tem, atualmente, cerca de 1,8 mil presos pol\u00edticos; destes, 60 s\u00e3o adolescentes.<\/p>\n<p>A organiza\u00e7\u00e3o estima que, a partir de 2014, um ano depois de o ditador\u00a0<strong>Nicol\u00e1s Maduro<\/strong>\u00a0assumir o cargo de presidente, mais de 17,5 mil pessoas foram detidas por raz\u00f5es pol\u00edticas.<\/p>\n<p>Desde 29 de julho, quando o Conselho Nacional Eleitoral (CNE) declarou Maduro como \u201cvencedor\u201d na elei\u00e7\u00e3o contra Edmundo Gonz\u00e1lez, candidato da oposi\u00e7\u00e3o liderada por\u00a0<strong>Mar\u00eda Corina Machado<\/strong>, mais de 1,6 mil pessoas foram presas em protestos, incluindo 142 jovens entre 14 e 17 anos.<\/p>\n<p>A legisla\u00e7\u00e3o venezuelana determina que adolescentes devem ser apresentados ao tribunal dentro de 24 horas depois da pris\u00e3o. As duas audi\u00eancias do processo precisam ser realizadas em at\u00e9 dez dias.<\/p>\n<p>A \u00faltima liberta\u00e7\u00e3o em massa de adolescentes, confirmada pelo Foro Penal, aconteceu em 31 de agosto, quando 19 jovens foram soltos ap\u00f3s suas audi\u00eancias judiciais. Segundo a CNN, os 142 casos de adolescentes confirmados pelo Foro Penal podem n\u00e3o ser os \u00fanicos.<\/p>\n<p>O Foro Penal organizou uma rede de advogados em v\u00e1rios Estados para investigar a deten\u00e7\u00e3o de menores, mas as autoridades penitenci\u00e1rias n\u00e3o fornecem informa\u00e7\u00f5es. Segundo a organiza\u00e7\u00e3o, as pessoas libertadas precisam seguir medidas cautelares, como comparecimento regular aos tribunais e proibi\u00e7\u00e3o de participar de manifesta\u00e7\u00f5es ou eventos p\u00fablicos.<\/p>\n<h3 class=\"wp-block-heading\">Venezuela atinge recorde de presos pol\u00edticos deste s\u00e9culo<\/h3>\n<p>Ainda de acordo com o Foro Penal, a Venezuela alcan\u00e7ou o maior n\u00famero de presos pol\u00edticos em quase 25 anos, batendo o recorde deste s\u00e9culo.<\/p>\n<p>Antes do pleito eleitoral, havia 199 presos pol\u00edticos no pa\u00eds, segundo a ONG. Desde ent\u00e3o, mais de 1,5 mil pessoas foram presas em apenas um m\u00eas.<\/p>\n<p>A organiza\u00e7\u00e3o monitora diariamente as pris\u00f5es na Venezuela e j\u00e1 contabiliza mais de 2,4 mil deten\u00e7\u00f5es desde a crise p\u00f3s-eleitoral. Maior parte dos presos \u00e9 formada por civis e homens.<\/p>\n<p>O CNE venezuelano proclamou Maduro reeleito para um terceiro mandato de seis anos com 52% dos votos, contra 43% do advers\u00e1rio, Edmundo Gonz\u00e1lez Urrutia.<\/p>\n<p>Contudo, o \u00f3rg\u00e3o atua sob o comando do regime chavista e n\u00e3o publicou as atas das urnas de vota\u00e7\u00e3o, como exige a lei. Al\u00e9m dos presos, cerca de 27 pessoas foram mortas em protesto devido a repress\u00e3o da ditadura.<\/p>\n<h3 class=\"wp-block-heading\">Protesto pede a Lula que interceda por presos pol\u00edticos<\/h3>\n<p>Um protesto organizado pelo partido de oposi\u00e7\u00e3o Vente Venezuela ocorreu na quarta-feira, dia 11, em frente \u00e0 Embaixada do Brasil em Caracas. Os manifestantes pediram ao presidente Luiz In\u00e1cio Lula da Silva (PT), aliado de Maduro, que intercedesse em favor dos presos pol\u00edticos do pa\u00eds.<\/p>\n<p>Durante o protesto, os familiares dos detidos levantaram cartazes com fotos dos presos e pediram o fim da tortura na Venezuela. Segundo o Vente Venezuela, o objetivo era \u201cdespertar a solidariedade\u201d do governo brasileiro<\/p>\n<p>At\u00e9 o momento, nem Lula nem o Minist\u00e9rio das Rela\u00e7\u00f5es exteriores se manifestaram sobre a mobiliza\u00e7\u00e3o.<\/p>\n<p><strong><a href=\"https:\/\/revistaoeste.com\/mundo\/venezuela-tem-18-mil-presos-politicos-60-sao-adolescentes\/\">Source link<\/a><\/strong><\/p>\n<\/div>\n<p><br \/>\n<br \/><a href=\"https:\/\/paulofigueiredoshow.com\/venezuela-tem-18-mil-presos-politicos-60-sao-adolescentes\/\">Source link <\/a><\/p>","protected":false},"excerpt":{"rendered":"<p>De acordo com um levantamento da ONG Foro Penal, a Venezuela tem mais de 1,8 mil presos pol\u00edticos. De acordo com um levantamento do\u00a0Foro Penal, organiza\u00e7\u00e3o n\u00e3o governamental (ONG) que&hellip;<\/p>","protected":false},"author":1,"featured_media":36346,"comment_status":"closed","ping_status":"open","sticky":false,"template":"","format":"standard","meta":{"content-type":"","footnotes":""},"categories":[16],"tags":[19640,766,4131,17737,1101],"class_list":["post-36345","post","type-post","status-publish","format-standard","has-post-thumbnail","hentry","category-noticias","tag-1-8-presos","tag-ditadura","tag-ong","tag-perseguicao-politica","tag-venezuela"],"_links":{"self":[{"href":"https:\/\/tvbrazilusa.com\/pt\/wp-json\/wp\/v2\/posts\/36345","targetHints":{"allow":["GET"]}}],"collection":[{"href":"https:\/\/tvbrazilusa.com\/pt\/wp-json\/wp\/v2\/posts"}],"about":[{"href":"https:\/\/tvbrazilusa.com\/pt\/wp-json\/wp\/v2\/types\/post"}],"author":[{"embeddable":true,"href":"https:\/\/tvbrazilusa.com\/pt\/wp-json\/wp\/v2\/users\/1"}],"replies":[{"embeddable":true,"href":"https:\/\/tvbrazilusa.com\/pt\/wp-json\/wp\/v2\/comments?post=36345"}],"version-history":[{"count":1,"href":"https:\/\/tvbrazilusa.com\/pt\/wp-json\/wp\/v2\/posts\/36345\/revisions"}],"predecessor-version":[{"id":36347,"href":"https:\/\/tvbrazilusa.com\/pt\/wp-json\/wp\/v2\/posts\/36345\/revisions\/36347"}],"wp:featuredmedia":[{"embeddable":true,"href":"https:\/\/tvbrazilusa.com\/pt\/wp-json\/wp\/v2\/media\/36346"}],"wp:attachment":[{"href":"https:\/\/tvbrazilusa.com\/pt\/wp-json\/wp\/v2\/media?parent=36345"}],"wp:term":[{"taxonomy":"category","embeddable":true,"href":"https:\/\/tvbrazilusa.com\/pt\/wp-json\/wp\/v2\/categories?post=36345"},{"taxonomy":"post_tag","embeddable":true,"href":"https:\/\/tvbrazilusa.com\/pt\/wp-json\/wp\/v2\/tags?post=36345"}],"curies":[{"name":"wp","href":"https:\/\/api.w.org\/{rel}","templated":true}]}}