{"id":36384,"date":"2024-09-13T02:05:58","date_gmt":"2024-09-13T02:05:58","guid":{"rendered":"https:\/\/tvbrazilusa.com\/2024\/09\/13\/ipec-aponta-crescimento-na-avaliacao-negativa-do-governo-lula\/"},"modified":"2024-09-13T02:05:59","modified_gmt":"2024-09-13T02:05:59","slug":"ipec-aponta-crescimento-na-avaliacao-negativa-do-governo-lula","status":"publish","type":"post","link":"https:\/\/tvbrazilusa.com\/pt\/2024\/09\/13\/ipec-aponta-crescimento-na-avaliacao-negativa-do-governo-lula\/","title":{"rendered":"IPEC aponta crescimento na avalia\u00e7\u00e3o negativa do governo Lula"},"content":{"rendered":"<p> <script async src=\"https:\/\/pagead2.googlesyndication.com\/pagead\/js\/adsbygoogle.js?client=ca-pub-8864793242727901\"\r\n     crossorigin=\"anonymous\"><\/script><br \/>\n<\/p>\n<div>\n<figure class=\"post-image\">\n<\/figure>\n<p><span style=\"font-size: 12px\">Lula Foto: Ricardo Stuckert \/ PR<\/span><\/p>\n<div id=\"taboola-read-more\" style=\"display:block; width:100%\">\n<p>Em agosto, a avalia\u00e7\u00e3o negativa da gest\u00e3o do presidente Lula (PT) aumentou e passou de 31% para 34%. Esse grupo de pessoas avalia a gest\u00e3o do petista como ruim ou p\u00e9ssima, segundo apontou a pesquisa Intelig\u00eancia em Pesquisa e Consultoria (Ipec), nesta quinta-feira (12).<\/p>\n<p>A avalia\u00e7\u00e3o positiva do governo do presidente Luiz In\u00e1cio Lula da Silva oscilou de 37% em julho deste ano para 35% em setembro. Pela margem de erro, que \u00e9 de 2 pontos percentuais para mais ou para menos, as avalia\u00e7\u00f5es positiva e negativa est\u00e3o tecnicamente empatadas.<\/p>\n<p>De acordo com o levantamento, 28% avaliam o governo como regular e 2% disseram que n\u00e3o sabem ou preferem n\u00e3o opinar. A pesquisa foi realizada entre os dias 5 e 9 de setembro e entrevistou 2 mil brasileiros e brasileiras com 16 anos ou mais.<\/p>\n<p>\u00a0<\/p>\n<p><strong>CONFIAN\u00c7A<\/strong><\/p>\n<p>A pesquisa tamb\u00e9m perguntou sobre a confian\u00e7a depositada em Lula. Segundo o levantamento, a confian\u00e7a em rela\u00e7\u00e3o ao petista oscilou de 46% no levantamento de julho para 45% em setembro. J\u00e1 aqueles que dizem n\u00e3o confiar no atual chefe do Executivo federal passaram de 51% para 52%.<\/p>\n<p><strong>Pleno.news<\/strong><\/p>\n<\/p><\/div>\n<div class=\"row mt-3\">\n<div class=\"col-sm-6\">\n<p><a href=\"https:\/\/chat.whatsapp.com\/GwURnmOyPiN1XheGYvCspN\" target=\"_blank\" rel=\"noopener\"><br \/>\n<img decoding=\"async\" src=\"https:\/\/diariodobrasilnoticias.com.br\/assets-site\/images\/bot_whatsapp.png\"\/><\/a>\n<\/div>\n<div class=\"col-sm-6\">\n<a href=\"https:\/\/t.me\/+_4gTmi5LKo03OTM5\" target=\"_blank\" rel=\"noopener\"><br \/>\n<img decoding=\"async\" src=\"https:\/\/diariodobrasilnoticias.com.br\/assets-site\/images\/bot_telegram.png\"\/><\/a>\n<\/div>\n<\/div>\n<\/div>\n<p><br \/>\n<br \/><a href=\"https:\/\/diariodobrasilnoticias.com.br\/noticia\/ipec-aponta-crescimento-na-avaliacao-negativa-do-governo-lula-66e36ddc47a3d\">Source link <\/a><\/p>","protected":false},"excerpt":{"rendered":"<p>Lula Foto: Ricardo Stuckert \/ PR Em agosto, a avalia\u00e7\u00e3o negativa da gest\u00e3o do presidente Lula (PT) aumentou e passou de 31% para 34%. Esse grupo de pessoas avalia a&hellip;<\/p>","protected":false},"author":1,"featured_media":36385,"comment_status":"closed","ping_status":"open","sticky":false,"template":"","format":"standard","meta":{"content-type":"","footnotes":""},"categories":[16],"tags":[123,2448,5313,1267],"class_list":["post-36384","post","type-post","status-publish","format-standard","has-post-thumbnail","hentry","category-noticias","tag-brasil","tag-diario","tag-noticia","tag-noticias"],"_links":{"self":[{"href":"https:\/\/tvbrazilusa.com\/pt\/wp-json\/wp\/v2\/posts\/36384","targetHints":{"allow":["GET"]}}],"collection":[{"href":"https:\/\/tvbrazilusa.com\/pt\/wp-json\/wp\/v2\/posts"}],"about":[{"href":"https:\/\/tvbrazilusa.com\/pt\/wp-json\/wp\/v2\/types\/post"}],"author":[{"embeddable":true,"href":"https:\/\/tvbrazilusa.com\/pt\/wp-json\/wp\/v2\/users\/1"}],"replies":[{"embeddable":true,"href":"https:\/\/tvbrazilusa.com\/pt\/wp-json\/wp\/v2\/comments?post=36384"}],"version-history":[{"count":1,"href":"https:\/\/tvbrazilusa.com\/pt\/wp-json\/wp\/v2\/posts\/36384\/revisions"}],"predecessor-version":[{"id":36386,"href":"https:\/\/tvbrazilusa.com\/pt\/wp-json\/wp\/v2\/posts\/36384\/revisions\/36386"}],"wp:featuredmedia":[{"embeddable":true,"href":"https:\/\/tvbrazilusa.com\/pt\/wp-json\/wp\/v2\/media\/36385"}],"wp:attachment":[{"href":"https:\/\/tvbrazilusa.com\/pt\/wp-json\/wp\/v2\/media?parent=36384"}],"wp:term":[{"taxonomy":"category","embeddable":true,"href":"https:\/\/tvbrazilusa.com\/pt\/wp-json\/wp\/v2\/categories?post=36384"},{"taxonomy":"post_tag","embeddable":true,"href":"https:\/\/tvbrazilusa.com\/pt\/wp-json\/wp\/v2\/tags?post=36384"}],"curies":[{"name":"wp","href":"https:\/\/api.w.org\/{rel}","templated":true}]}}