{"id":36390,"date":"2024-09-13T02:18:50","date_gmt":"2024-09-13T02:18:50","guid":{"rendered":"https:\/\/tvbrazilusa.com\/2024\/09\/13\/detentas-do-presidio-onde-deolane-bezerra-esta-encarcerada-se-revoltam-veja-video\/"},"modified":"2024-09-13T02:18:52","modified_gmt":"2024-09-13T02:18:52","slug":"detentas-do-presidio-onde-deolane-bezerra-esta-encarcerada-se-revoltam-veja-video","status":"publish","type":"post","link":"https:\/\/tvbrazilusa.com\/pt\/2024\/09\/13\/detentas-do-presidio-onde-deolane-bezerra-esta-encarcerada-se-revoltam-veja-video\/","title":{"rendered":"Detentas do pres\u00eddio onde Deolane Bezerra est\u00e1 encarcerada se revoltam; VEJA V\u00cdDEO"},"content":{"rendered":"<p> <script async src=\"https:\/\/pagead2.googlesyndication.com\/pagead\/js\/adsbygoogle.js?client=ca-pub-8864793242727901\"\r\n     crossorigin=\"anonymous\"><\/script><br \/>\n<\/p>\n<div>\n<figure class=\"post-image\">\n<\/figure>\n<p><span style=\"font-size: 12px\">REPRODU\u00c7\u00c3O<\/span><\/p>\n<div id=\"taboola-read-more\" style=\"display:block; width:100%\">\n<p>O clima no pres\u00eddio onde a influenciadora digital e advogada Deolane Bezerra est\u00e1 detida se tornou tenso ap\u00f3s um epis\u00f3dio de revolta entre as detentas. A situa\u00e7\u00e3o gerou preocupa\u00e7\u00f5es sobre a seguran\u00e7a e a ordem no estabelecimento penal.<\/p>\n<p><strong>Contexto da Revolta<\/strong><\/p>\n<p>As tens\u00f5es come\u00e7aram a aumentar quando um grupo de presas iniciou um protesto dentro da unidade, demonstrando descontentamento com as condi\u00e7\u00f5es de encarceramento e a presen\u00e7a de Deolane Bezerra no pres\u00eddio. Segundo relatos de fontes internas, o motim foi impulsionado por uma combina\u00e7\u00e3o de frustra\u00e7\u00f5es relacionadas \u00e0 gest\u00e3o do pres\u00eddio e ao tratamento das detentas.<\/p>\n<p>O protesto incluiu manifesta\u00e7\u00f5es de desordem, quebras e barricadas improvisadas, exigindo uma resposta imediata das autoridades penitenci\u00e1rias. A presen\u00e7a de Deolane Bezerra, uma figura p\u00fablica de alto perfil, aparentemente agravou a situa\u00e7\u00e3o, com algumas presas expressando ressentimento pela aten\u00e7\u00e3o e pelos recursos direcionados ao caso dela.<\/p>\n<p><strong>Resposta das Autoridades<\/strong><\/p>\n<p>A administra\u00e7\u00e3o do pres\u00eddio mobilizou uma equipe de seguran\u00e7a para controlar a situa\u00e7\u00e3o e restabelecer a ordem. Em um comunicado, o diretor da unidade penal, afirmou que a prioridade \u00e9 garantir a seguran\u00e7a de todas as detentas e a integridade do pres\u00eddio. &#8220;Estamos tomando todas as medidas necess\u00e1rias para resolver a situa\u00e7\u00e3o e manter a ordem&#8221;, declarou.<\/p>\n<\/p><\/div>\n<div class=\"row mt-3\">\n<div class=\"col-sm-6\">\n<p><a href=\"https:\/\/chat.whatsapp.com\/GwURnmOyPiN1XheGYvCspN\" target=\"_blank\" rel=\"noopener\"><br \/>\n<img decoding=\"async\" src=\"https:\/\/diariodobrasilnoticias.com.br\/assets-site\/images\/bot_whatsapp.png\"\/><\/a>\n<\/div>\n<div class=\"col-sm-6\">\n<a href=\"https:\/\/t.me\/+_4gTmi5LKo03OTM5\" target=\"_blank\" rel=\"noopener\"><br \/>\n<img decoding=\"async\" src=\"https:\/\/diariodobrasilnoticias.com.br\/assets-site\/images\/bot_telegram.png\"\/><\/a>\n<\/div>\n<\/div>\n<\/div>\n<p><br \/>\n<br \/><a href=\"https:\/\/diariodobrasilnoticias.com.br\/noticia\/detentas-do-presidio-onde-deolane-bezerra-esta-encarcerada-se-revoltam-veja-video-66e372e8170f6\">Source link <\/a><\/p>","protected":false},"excerpt":{"rendered":"<p>REPRODU\u00c7\u00c3O O clima no pres\u00eddio onde a influenciadora digital e advogada Deolane Bezerra est\u00e1 detida se tornou tenso ap\u00f3s um epis\u00f3dio de revolta entre as detentas. A situa\u00e7\u00e3o gerou preocupa\u00e7\u00f5es&hellip;<\/p>","protected":false},"author":1,"featured_media":36391,"comment_status":"closed","ping_status":"open","sticky":false,"template":"","format":"standard","meta":{"content-type":"","footnotes":""},"categories":[16],"tags":[123,2448,5313,1267],"class_list":["post-36390","post","type-post","status-publish","format-standard","has-post-thumbnail","hentry","category-noticias","tag-brasil","tag-diario","tag-noticia","tag-noticias"],"_links":{"self":[{"href":"https:\/\/tvbrazilusa.com\/pt\/wp-json\/wp\/v2\/posts\/36390","targetHints":{"allow":["GET"]}}],"collection":[{"href":"https:\/\/tvbrazilusa.com\/pt\/wp-json\/wp\/v2\/posts"}],"about":[{"href":"https:\/\/tvbrazilusa.com\/pt\/wp-json\/wp\/v2\/types\/post"}],"author":[{"embeddable":true,"href":"https:\/\/tvbrazilusa.com\/pt\/wp-json\/wp\/v2\/users\/1"}],"replies":[{"embeddable":true,"href":"https:\/\/tvbrazilusa.com\/pt\/wp-json\/wp\/v2\/comments?post=36390"}],"version-history":[{"count":1,"href":"https:\/\/tvbrazilusa.com\/pt\/wp-json\/wp\/v2\/posts\/36390\/revisions"}],"predecessor-version":[{"id":36392,"href":"https:\/\/tvbrazilusa.com\/pt\/wp-json\/wp\/v2\/posts\/36390\/revisions\/36392"}],"wp:featuredmedia":[{"embeddable":true,"href":"https:\/\/tvbrazilusa.com\/pt\/wp-json\/wp\/v2\/media\/36391"}],"wp:attachment":[{"href":"https:\/\/tvbrazilusa.com\/pt\/wp-json\/wp\/v2\/media?parent=36390"}],"wp:term":[{"taxonomy":"category","embeddable":true,"href":"https:\/\/tvbrazilusa.com\/pt\/wp-json\/wp\/v2\/categories?post=36390"},{"taxonomy":"post_tag","embeddable":true,"href":"https:\/\/tvbrazilusa.com\/pt\/wp-json\/wp\/v2\/tags?post=36390"}],"curies":[{"name":"wp","href":"https:\/\/api.w.org\/{rel}","templated":true}]}}