{"id":36395,"date":"2024-09-13T02:30:59","date_gmt":"2024-09-13T02:30:59","guid":{"rendered":"https:\/\/tvbrazilusa.com\/2024\/09\/13\/tre-sp-decide-pela-nao-cassacao-de-zambelli\/"},"modified":"2024-09-13T02:30:59","modified_gmt":"2024-09-13T02:30:59","slug":"tre-sp-decide-pela-nao-cassacao-de-zambelli","status":"publish","type":"post","link":"https:\/\/tvbrazilusa.com\/pt\/2024\/09\/13\/tre-sp-decide-pela-nao-cassacao-de-zambelli\/","title":{"rendered":"TRE-SP decide pela n\u00e3o cassa\u00e7\u00e3o de Zambelli."},"content":{"rendered":"<p> <script async src=\"https:\/\/pagead2.googlesyndication.com\/pagead\/js\/adsbygoogle.js?client=ca-pub-8864793242727901\"\r\n     crossorigin=\"anonymous\"><\/script><br \/>\n<\/p>\n<p>O Tribunal Regional Eleitoral de S\u00e3o Paulo (TRE-SP) decidiu, por unanimidade, que \u00e9 improcedente a a\u00e7\u00e3o movida pelos deputados Glauber Braga (PSOL-RJ) e S\u00e2mia Bonfim (PSOL-SP), que pedia a cassa\u00e7\u00e3o do mandato da deputada Carla Zambelli (PL-SP). A a\u00e7\u00e3o se baseava em um v\u00eddeo divulgado em 2022, no qual a deputada aparece pedindo que generais das For\u00e7as Armadas n\u00e3o aceitem o resultado das elei\u00e7\u00f5es.<\/p>\n<p>\u201cRecebo com tranquilidade de esp\u00edrito a decis\u00e3o e louvo que o TRE-SP tenha decidido conforme a legisla\u00e7\u00e3o eleitoral vigente, respeitando a jurisprud\u00eancia j\u00e1 consolidada\u201d, disse a parlamentar em nota.<\/p>\n<div id=\"content_post\">\n<p>O\u00a0<strong>Tribunal Regional Eleitoral de S\u00e3o Paulo (TRE-SP)<\/strong>\u00a0decidiu, por unanimidade, que \u00e9 improcedente a a\u00e7\u00e3o movida pelos deputados\u00a0<a href=\"https:\/\/oantagonista.com.br\/?s=Glauber+Braga+%28PSOL-RJ%29+\">Glauber Braga (PSOL-RJ)\u00a0<\/a>e\u00a0<a href=\"https:\/\/oantagonista.com.br\/?s=samia+bonfim+\">S\u00e2mia Bonfim (PSOL-SP)<\/a>, que pedia a cassa\u00e7\u00e3o do mandato da deputada<a href=\"https:\/\/oantagonista.com.br\/?s=+Carla+Zambelli+\">\u00a0Carla Zambelli (PL-SP).<\/a>\u00a0A a\u00e7\u00e3o se baseava em um v\u00eddeo divulgado em 2022, no qual a deputada aparece pedindo que generais das For\u00e7as Armadas n\u00e3o aceitem o resultado das elei\u00e7\u00f5es.<\/p>\n<p><em>\u201cRecebo com tranquilidade de esp\u00edrito a decis\u00e3o e louvo que o\u00a0<strong>TRE-SP\u00a0<\/strong>tenha decidido conforme a legisla\u00e7\u00e3o eleitoral vigente, respeitando a jurisprud\u00eancia j\u00e1 consolidada\u201d<\/em>, disse a parlamentar em nota.<\/p>\n<p>Para ela,<em>\u00a0\u201ctal decis\u00e3o honra os 946.244 eleitores paulistas que me confiaram o mandato parlamentar, tendo sido a deputada, mulher, mais votada n\u00e3o s\u00f3 do estado, mas do pa\u00eds. A Justi\u00e7a Eleitoral, al\u00e9m de julgar conforme a Constitui\u00e7\u00e3o, mostrou respeito \u00e0 presen\u00e7a feminina na pol\u00edtica\u201d.<\/em><\/p>\n<p>O<strong>\u00a0corregedor regional<\/strong>\u00a0Encinas Manfr\u00e9, relator do processo, decidiu que a conduta em quest\u00e3o poderia ser considerada de alta reprova\u00e7\u00e3o, mas n\u00e3o configura abuso de poder ou uso indevido dos meios de comunica\u00e7\u00e3o social, conforme alegado pelos autores da a\u00e7\u00e3o. Em seu voto, Manfr\u00e9 enfatizou que\u00a0<strong>o TRE<\/strong>\u00a0n\u00e3o tem compet\u00eancia para julgar poss\u00edveis crimes contra o Estado Democr\u00e1tico de Direito.<\/p>\n<p><em>\u201cA divulga\u00e7\u00e3o deste v\u00eddeo se deu um m\u00eas depois das elei\u00e7\u00f5es; por impossibilidade f\u00e1tica, n\u00e3o reuniu condi\u00e7\u00e3o para comprometer a normalidade ou a legitimidade da elei\u00e7\u00e3o\u201d<\/em>, afirmou o relator.<\/p>\n<p><strong>Zambelli no tabuleiro da pol\u00edtica<\/strong><\/p>\n<p>Desde que passou a protagonizar epis\u00f3dios pol\u00eamicos, como a persegui\u00e7\u00e3o armada a um homem na Avenida Paulista e a vincula\u00e7\u00e3o com o hacker de Araraquara, Walter Delgatti, famoso por ter participado na \u201cVaza-Jato\u201d, Zambelli sofre isolamento da c\u00fapula de seu partido, o PL.<\/p>\n<p>H\u00e1 um ano, em declara\u00e7\u00e3o \u00e0 imprensa, Bolsonaro comentou o distanciamento da parlamentar. \u201cEstive com ela antes das elei\u00e7\u00f5es. Nunca mais estive com ela, nem atendi telefonema dela. Vamos ver o que acontece disso, com esse hacker que tem um passado rico. N\u00e3o tenho nada contra a Carla Zambelli. Eu me recolhi desde o segundo turno das elei\u00e7\u00f5es, n\u00e3o falo com quase ningu\u00e9m\u201d, comentou sobre a aliada.<\/p>\n<p><strong>O Antagonista\u00a0<\/strong><\/p>\n<\/div>\n<p><br \/>\n<br \/><a href=\"https:\/\/diariodobrasilnoticias.com.br\/noticia\/tre-sp-decide-pela-nao-cassacao-de-zambelli-66e3701eecb33\">Source link <\/a><\/p>","protected":false},"excerpt":{"rendered":"<p>O Tribunal Regional Eleitoral de S\u00e3o Paulo (TRE-SP) decidiu, por unanimidade, que \u00e9 improcedente a a\u00e7\u00e3o movida pelos deputados Glauber Braga (PSOL-RJ) e S\u00e2mia Bonfim (PSOL-SP), que pedia a cassa\u00e7\u00e3o&hellip;<\/p>","protected":false},"author":1,"featured_media":36396,"comment_status":"closed","ping_status":"open","sticky":false,"template":"","format":"standard","meta":{"content-type":"","footnotes":""},"categories":[16],"tags":[123,2448,5313,1267],"class_list":["post-36395","post","type-post","status-publish","format-standard","has-post-thumbnail","hentry","category-noticias","tag-brasil","tag-diario","tag-noticia","tag-noticias"],"_links":{"self":[{"href":"https:\/\/tvbrazilusa.com\/pt\/wp-json\/wp\/v2\/posts\/36395","targetHints":{"allow":["GET"]}}],"collection":[{"href":"https:\/\/tvbrazilusa.com\/pt\/wp-json\/wp\/v2\/posts"}],"about":[{"href":"https:\/\/tvbrazilusa.com\/pt\/wp-json\/wp\/v2\/types\/post"}],"author":[{"embeddable":true,"href":"https:\/\/tvbrazilusa.com\/pt\/wp-json\/wp\/v2\/users\/1"}],"replies":[{"embeddable":true,"href":"https:\/\/tvbrazilusa.com\/pt\/wp-json\/wp\/v2\/comments?post=36395"}],"version-history":[{"count":1,"href":"https:\/\/tvbrazilusa.com\/pt\/wp-json\/wp\/v2\/posts\/36395\/revisions"}],"predecessor-version":[{"id":36397,"href":"https:\/\/tvbrazilusa.com\/pt\/wp-json\/wp\/v2\/posts\/36395\/revisions\/36397"}],"wp:featuredmedia":[{"embeddable":true,"href":"https:\/\/tvbrazilusa.com\/pt\/wp-json\/wp\/v2\/media\/36396"}],"wp:attachment":[{"href":"https:\/\/tvbrazilusa.com\/pt\/wp-json\/wp\/v2\/media?parent=36395"}],"wp:term":[{"taxonomy":"category","embeddable":true,"href":"https:\/\/tvbrazilusa.com\/pt\/wp-json\/wp\/v2\/categories?post=36395"},{"taxonomy":"post_tag","embeddable":true,"href":"https:\/\/tvbrazilusa.com\/pt\/wp-json\/wp\/v2\/tags?post=36395"}],"curies":[{"name":"wp","href":"https:\/\/api.w.org\/{rel}","templated":true}]}}