{"id":3642,"date":"2023-09-10T14:57:51","date_gmt":"2023-09-10T14:57:51","guid":{"rendered":"https:\/\/tvbrazilusa.com\/2023\/09\/10\/no-caso-de-mauro-cid-nao-foi-tortura\/"},"modified":"2023-09-10T14:57:51","modified_gmt":"2023-09-10T14:57:51","slug":"no-caso-de-mauro-cid-nao-foi-tortura","status":"publish","type":"post","link":"https:\/\/tvbrazilusa.com\/pt\/2023\/09\/10\/no-caso-de-mauro-cid-nao-foi-tortura\/","title":{"rendered":"No caso de Mauro Cid, n\u00e3o foi &#8220;tortura&#8221;?"},"content":{"rendered":"<p><iframe  width=\"580\" height=\"385\" src=\"https:\/\/www.youtube.com\/embed\/VT2PKXZWH0s?modestbranding=1\" frameborder=\"0\" allowfullscreen><\/iframe><br \/>\n<br \/>Reinaldo Azevedo, criador do termo &#8220;petralha&#8221;, e outrora voraz cr\u00edtico da esquerda, se transformou no maior propagandista do regime lulopetista, chafurdando cada vez mais fundo na lama da desonestidade intelectual.<\/p>\n<p>Ele afirma que n\u00e3o se pode comparar a soltura de Mauro Cid ap\u00f3s meses de pris\u00e3o e assinatura de um acordo de dela\u00e7\u00e3o, com a soltura dos condenados pela Lava Jato, porque no segundo caso, as pris\u00f5es foram mais longas&#8230;<\/p>\n<p>Realmente n\u00e3o h\u00e1 a menor compara\u00e7\u00e3o poss\u00edvel entre a pris\u00e3o e dela\u00e7\u00e3o premiada de Mauro Cid, e o que ocorreu na Lava Jato. E eu explico o motivo!<br \/>\n<br \/><a href=\"https:\/\/www.youtube.com\/watch?v=VT2PKXZWH0s\">source<\/a><\/p>","protected":false},"excerpt":{"rendered":"<p>Reinaldo Azevedo, criador do termo &#8220;petralha&#8221;, e outrora voraz cr\u00edtico da esquerda, se transformou no maior propagandista do regime lulopetista, chafurdando cada vez mais fundo na lama da desonestidade intelectual.&hellip;<\/p>","protected":false},"author":1,"featured_media":3643,"comment_status":"","ping_status":"open","sticky":false,"template":"","format":"standard","meta":{"content-type":"","footnotes":""},"categories":[1],"tags":[],"class_list":["post-3642","post","type-post","status-publish","format-standard","has-post-thumbnail","hentry","category-uncategorized"],"_links":{"self":[{"href":"https:\/\/tvbrazilusa.com\/pt\/wp-json\/wp\/v2\/posts\/3642","targetHints":{"allow":["GET"]}}],"collection":[{"href":"https:\/\/tvbrazilusa.com\/pt\/wp-json\/wp\/v2\/posts"}],"about":[{"href":"https:\/\/tvbrazilusa.com\/pt\/wp-json\/wp\/v2\/types\/post"}],"author":[{"embeddable":true,"href":"https:\/\/tvbrazilusa.com\/pt\/wp-json\/wp\/v2\/users\/1"}],"replies":[{"embeddable":true,"href":"https:\/\/tvbrazilusa.com\/pt\/wp-json\/wp\/v2\/comments?post=3642"}],"version-history":[{"count":0,"href":"https:\/\/tvbrazilusa.com\/pt\/wp-json\/wp\/v2\/posts\/3642\/revisions"}],"wp:featuredmedia":[{"embeddable":true,"href":"https:\/\/tvbrazilusa.com\/pt\/wp-json\/wp\/v2\/media\/3643"}],"wp:attachment":[{"href":"https:\/\/tvbrazilusa.com\/pt\/wp-json\/wp\/v2\/media?parent=3642"}],"wp:term":[{"taxonomy":"category","embeddable":true,"href":"https:\/\/tvbrazilusa.com\/pt\/wp-json\/wp\/v2\/categories?post=3642"},{"taxonomy":"post_tag","embeddable":true,"href":"https:\/\/tvbrazilusa.com\/pt\/wp-json\/wp\/v2\/tags?post=3642"}],"curies":[{"name":"wp","href":"https:\/\/api.w.org\/{rel}","templated":true}]}}