{"id":36438,"date":"2024-09-13T03:41:29","date_gmt":"2024-09-13T03:41:29","guid":{"rendered":"https:\/\/tvbrazilusa.com\/2024\/09\/13\/comissao-de-direitos-humanos-da-camara-dos-eua-solicita-o-retorno-do-x-ao-brasil\/"},"modified":"2024-09-13T03:41:31","modified_gmt":"2024-09-13T03:41:31","slug":"comissao-de-direitos-humanos-da-camara-dos-eua-solicita-o-retorno-do-x-ao-brasil","status":"publish","type":"post","link":"https:\/\/tvbrazilusa.com\/pt\/2024\/09\/13\/comissao-de-direitos-humanos-da-camara-dos-eua-solicita-o-retorno-do-x-ao-brasil\/","title":{"rendered":"Comiss\u00e3o de Direitos Humanos da C\u00e2mara dos EUA solicita o retorno do X ao Brasil"},"content":{"rendered":"<p> <script async src=\"https:\/\/pagead2.googlesyndication.com\/pagead\/js\/adsbygoogle.js?client=ca-pub-8864793242727901\"\r\n     crossorigin=\"anonymous\"><\/script><br \/>\n<\/p>\n<div id=\"taboola-read-more\" style=\"display:block; width:100%\">\n<p>Presidente do Subcomit\u00ea Global de Direitos Humanos da C\u00e2mara dos Representantes dos Estados Unidos, o deputado republicano Chris Smith enviou pedido ao governo brasileiro pelo desbloqueio do X, antigo Twitter, no pa\u00eds. No pedido, o congressista disse que o Brasil \u201cdeve reverter imediatamente o curso\u201d e acusou o ministro do Supremo Tribunal Federal (STF) Alexandre de Moraes de provocar uma \u201ccrise\u201d.<\/p>\n<p>O X, que pertence ao empres\u00e1rio Elon Musk, foi bloqueado por Moraes e teve seus downloads proibidos nas lojas de aplicativos virtuais no dia 30 de agosto, depois do descumprimento de ordens de suspens\u00e3o de perfis acusados de disseminar informa\u00e7\u00f5es falsas e do n\u00e3o pagamento de multas.<\/p>\n<p class=\"Normal\"><span class=\"tm5\">\u201cO governo do Brasil aumentou as apostas e atingiu um novo n\u00edvel \u2013 ele passou da persegui\u00e7\u00e3o \u00e0 oposi\u00e7\u00e3o pol\u00edtica, removendo-a das m\u00eddias sociais, para proibir uma das maiores redes sociais de not\u00edcias do mundo e tornar ilegal o acesso dos brasileiros a ela\u201d, diz Smith, no pedido.<\/span><\/p>\n<p class=\"Normal\">\u00a0<\/p>\n<p class=\"Normal\"><span class=\"tm5\">\u201cO Brasil deve reverter imediatamente o curso. As amea\u00e7as \u00e0 liberdade de express\u00e3o s\u00e3o amea\u00e7as \u00e0s elei\u00e7\u00f5es livres e \u00e0 pr\u00f3pria democracia\u201d, afirmou o parlamentar americano, que integra o Comit\u00ea de Rela\u00e7\u00f5es Exteriores da C\u00e2mara dos EUA.<\/span><\/p>\n<p class=\"Normal\">\u00a0<\/p>\n<p class=\"Normal\"><span class=\"tm5\">No documento, Chris Smith disse n\u00e3o ter recebido respostas a pedidos de informa\u00e7\u00f5es enviados a Moraes e ao Congresso brasileiro. \u201cNo dia 21 de junho, enviei uma carta ao ministro Alexandre de Moraes solicitando informa\u00e7\u00f5es sobre alega\u00e7\u00f5es relativas ao papel de Moraes nas viola\u00e7\u00f5es generalizadas de direitos humanos cometidas. O ministro Moraes n\u00e3o respondeu \u2013 nem tive not\u00edcias dos presidentes do Senado Federal e da C\u00e2mara dos Deputados, que tamb\u00e9m receberam minha carta\u201d, reclamou o congressista americano.<\/span><\/p>\n<p class=\"Normal\">\u00a0<\/p>\n<p class=\"Normal\"><span class=\"tm5\">\u201cPara responder \u00e0 crise que Moraes criou no Brasil, estou agora trabalhando com colegas na legisla\u00e7\u00e3o sobre o assunto\u201d, disse Smith.<\/span><\/p>\n<p class=\"Normal\">\u00a0<\/p>\n<p class=\"Normal\"><span class=\"tm5\">O STF analisa uma a\u00e7\u00e3o apresentada pelo Novo questionando a decis\u00e3o de bloqueio do X. O relator da a\u00e7\u00e3o \u00e9 o ministro Nunes Marques, indicado pelo ex-presidente Jair Bolsonaro. A expectativa era de que Nunes Marques determinasse o desbloqueio da plataforma de midia social. O ministro, por\u00e9m, pediu a Moraes que enviass<\/span><span class=\"tm5\">e mais informa\u00e7\u00f5es sobre as raz\u00f5es que levaram ao bloqueio e encaminhou o caso ao plen\u00e1rio do STF para que seja tomada uma decis\u00e3o.<\/span><\/p>\n<p class=\"Normal\"><strong><span class=\"tm5\">Metr\u00f3poles\u00a0<\/span><\/strong><\/p>\n<\/p><\/div>\n<p><br \/>\n<br \/><a href=\"https:\/\/diariodobrasilnoticias.com.br\/noticia\/comissao-de-direitos-humanos-da-camara-dos-eua-solicita-o-retorno-do-x-ao-brasil-66e36c7b86161\">Source link <\/a><\/p>","protected":false},"excerpt":{"rendered":"<p>Presidente do Subcomit\u00ea Global de Direitos Humanos da C\u00e2mara dos Representantes dos Estados Unidos, o deputado republicano Chris Smith enviou pedido ao governo brasileiro pelo desbloqueio do X, antigo Twitter,&hellip;<\/p>","protected":false},"author":1,"featured_media":36439,"comment_status":"closed","ping_status":"open","sticky":false,"template":"","format":"standard","meta":{"content-type":"","footnotes":""},"categories":[16],"tags":[123,2448,5313,1267],"class_list":["post-36438","post","type-post","status-publish","format-standard","has-post-thumbnail","hentry","category-noticias","tag-brasil","tag-diario","tag-noticia","tag-noticias"],"_links":{"self":[{"href":"https:\/\/tvbrazilusa.com\/pt\/wp-json\/wp\/v2\/posts\/36438","targetHints":{"allow":["GET"]}}],"collection":[{"href":"https:\/\/tvbrazilusa.com\/pt\/wp-json\/wp\/v2\/posts"}],"about":[{"href":"https:\/\/tvbrazilusa.com\/pt\/wp-json\/wp\/v2\/types\/post"}],"author":[{"embeddable":true,"href":"https:\/\/tvbrazilusa.com\/pt\/wp-json\/wp\/v2\/users\/1"}],"replies":[{"embeddable":true,"href":"https:\/\/tvbrazilusa.com\/pt\/wp-json\/wp\/v2\/comments?post=36438"}],"version-history":[{"count":1,"href":"https:\/\/tvbrazilusa.com\/pt\/wp-json\/wp\/v2\/posts\/36438\/revisions"}],"predecessor-version":[{"id":36440,"href":"https:\/\/tvbrazilusa.com\/pt\/wp-json\/wp\/v2\/posts\/36438\/revisions\/36440"}],"wp:featuredmedia":[{"embeddable":true,"href":"https:\/\/tvbrazilusa.com\/pt\/wp-json\/wp\/v2\/media\/36439"}],"wp:attachment":[{"href":"https:\/\/tvbrazilusa.com\/pt\/wp-json\/wp\/v2\/media?parent=36438"}],"wp:term":[{"taxonomy":"category","embeddable":true,"href":"https:\/\/tvbrazilusa.com\/pt\/wp-json\/wp\/v2\/categories?post=36438"},{"taxonomy":"post_tag","embeddable":true,"href":"https:\/\/tvbrazilusa.com\/pt\/wp-json\/wp\/v2\/tags?post=36438"}],"curies":[{"name":"wp","href":"https:\/\/api.w.org\/{rel}","templated":true}]}}