{"id":36453,"date":"2024-09-13T04:05:32","date_gmt":"2024-09-13T04:05:32","guid":{"rendered":"https:\/\/tvbrazilusa.com\/2024\/09\/13\/bomba-pf-afirma-que-janones-utilizava-o-cartao-de-um-ex-assessor-nao-quitava-as-faturas-e-pedia-reembolso-a-camara\/"},"modified":"2024-09-13T04:05:33","modified_gmt":"2024-09-13T04:05:33","slug":"bomba-pf-afirma-que-janones-utilizava-o-cartao-de-um-ex-assessor-nao-quitava-as-faturas-e-pedia-reembolso-a-camara","status":"publish","type":"post","link":"https:\/\/tvbrazilusa.com\/pt\/2024\/09\/13\/bomba-pf-afirma-que-janones-utilizava-o-cartao-de-um-ex-assessor-nao-quitava-as-faturas-e-pedia-reembolso-a-camara\/","title":{"rendered":"BOMBA: PF afirma que Janones utilizava o cart\u00e3o de um ex-assessor, n\u00e3o quitava as faturas e pedia reembolso \u00e0 C\u00e2mara"},"content":{"rendered":"<p> <script async src=\"https:\/\/pagead2.googlesyndication.com\/pagead\/js\/adsbygoogle.js?client=ca-pub-8864793242727901\"\r\n     crossorigin=\"anonymous\"><\/script><br \/>\n<\/p>\n<div id=\"taboola-read-more\" style=\"display:block; width:100%\">\n<p>O deputado federal Andr\u00e9 Janones (Avante-MG) foi indiciado pela Pol\u00edcia Federal pelos crimes de\u00a0<strong>corrup\u00e7\u00e3o passiva, peculato<\/strong>\u00a0e\u00a0<strong>associa\u00e7\u00e3o criminosa<\/strong>. A investiga\u00e7\u00e3o, que apura a pr\u00e1tica de \u2018rachadinha\u2019, revelou que Janones usava o cart\u00e3o de cr\u00e9dito de um ex-assessor para\u00a0<strong>gastos pessoais<\/strong>\u00a0e solicitava reembolsos \u00e0 C\u00e2mara sem pagar as faturas.<\/p>\n<p>De acordo com o relat\u00f3rio da Pol\u00edcia Federal, Janones acumulou despesas de R$ 100,5 mil no cart\u00e3o de cr\u00e9dito adicional solicitado pelo ex-assessor. Esses gastos inclu\u00edam m\u00f3veis, eletrodom\u00e9sticos e itens de vestu\u00e1rio. Mesmo assim, n\u00e3o havia reembolso ao ex-funcion\u00e1rio.<\/p>\n<h2 class=\"wp-block-heading\">Indiciamento por Corrup\u00e7\u00e3o Passiva e Peculato<\/h2>\n<p>\u00a0<\/p>\n<p>A Pol\u00edcia Federal informou que o deputado Andr\u00e9 Janones utilizou o cart\u00e3o de cr\u00e9dito do ex-assessor para despesas pessoais, por\u00e9m n\u00e3o quitava as faturas. Al\u00e9m disso, ele solicitava ressarcimento desses valores \u00e0 C\u00e2mara dos Deputados, mas n\u00e3o transferia o montante recebido ao verdadeiro pagador.<\/p>\n<p>A investiga\u00e7\u00e3o mostrou que Janones realizou despesas significativas, como R$ 25 mil em m\u00f3veis e eletrodom\u00e9sticos e R$ 12,2 mil em itens de vestu\u00e1rio. Outros gastos inclu\u00edam despesas com hospedagem, farm\u00e1cia, restaurantes, entre outras.<\/p>\n<h2 class=\"wp-block-heading\">Qual o Impacto das Acusa\u00e7\u00f5es contra Janones?<\/h2>\n<p>\u00a0<\/p>\n<p>O indiciamento de Janones teve um impacto significativo, gerando um grande debate p\u00fablico sobre a integridade dos parlamentares. O fato de um deputado utilizar o cart\u00e3o de cr\u00e9dito de um assessor para despesas pessoais e solicitar reembolsos indevidos abalou a confian\u00e7a na\u00a0<strong>classe pol\u00edtica<\/strong>.<\/p>\n<ul class=\"wp-block-list\">\n<li>Gastos indevidos com m\u00f3veis e eletrodom\u00e9sticos<\/li>\n<li>Despesas em itens de vestu\u00e1rio<\/li>\n<li>Utiliza\u00e7\u00e3o de cart\u00f5es de terceiros para despesas pessoais<\/li>\n<\/ul>\n<p>Al\u00e9m das despesas indevidas, a PF tamb\u00e9m destacou que Janones usava mais de um cart\u00e3o de cr\u00e9dito do ex-assessor, aumentando ainda mais a complexidade do caso.<\/p>\n<h2 class=\"wp-block-heading\">Como a Defesa de Janones Est\u00e1 Respondendo?<\/h2>\n<p>\u00a0<\/p>\n<p>A defesa de Andr\u00e9 Janones ainda n\u00e3o se pronunciou oficialmente sobre as acusa\u00e7\u00f5es. O espa\u00e7o est\u00e1 aberto para manifesta\u00e7\u00f5es futuras, conforme apontado pelo R7.<\/p>\n<p>Apesar das graves acusa\u00e7\u00f5es, a assessoria do deputado ainda busca formas de se defender das alega\u00e7\u00f5es da Pol\u00edcia Federal. O caso continua em andamento e novos desdobramentos s\u00e3o esperados nas pr\u00f3ximas semanas.<\/p>\n<h2 class=\"wp-block-heading\">Quais S\u00e3o os Pr\u00f3ximos Passos na Investiga\u00e7\u00e3o?<\/h2>\n<p>\u00a0<\/p>\n<p>A investiga\u00e7\u00e3o segue com a an\u00e1lise detalhada de todas as transa\u00e7\u00f5es realizadas por Janones e seus v\u00ednculos com o ex-assessor. A PF pretende identificar se h\u00e1 outros envolvidos e a extens\u00e3o do preju\u00edzo causado aos cofres p\u00fablicos.<\/p>\n<ol class=\"wp-block-list\">\n<li>An\u00e1lise das transa\u00e7\u00f5es banc\u00e1rias<\/li>\n<li>Identifica\u00e7\u00e3o de poss\u00edveis c\u00famplices<\/li>\n<li>Avalia\u00e7\u00e3o do impacto financeiro para a C\u00e2mara dos Deputados<\/li>\n<\/ol>\n<p>Com a continuidade das investiga\u00e7\u00f5es, espera-se que sejam revelados mais detalhes sobre os esquemas de \u2018rachadinha\u2019 e o envolvimento de outras figuras p\u00fablicas.<\/p>\n<h3 class=\"wp-block-heading\">Conclus\u00e3o<\/h3>\n<p>A situa\u00e7\u00e3o de Andr\u00e9 Janones \u00e9 um reflexo de um problema mais profundo no cen\u00e1rio pol\u00edtico brasileiro. A pr\u00e1tica de utilizar recursos p\u00fablicos de forma indevida e solicitar reembolsos sem justa causa precisa ser combatida de forma r\u00edgida para restaurar a confian\u00e7a da popula\u00e7\u00e3o nas institui\u00e7\u00f5es pol\u00edticas.<\/p>\n<p>A investiga\u00e7\u00e3o da Pol\u00edcia Federal sobre o deputado ainda est\u00e1 em andamento e promete trazer novos desdobramentos importantes para o cen\u00e1rio pol\u00edtico e jur\u00eddico do pa\u00eds.<\/p>\n<p><strong>Terra Brasil Not\u00edcias\u00a0<\/strong><\/p>\n<\/p><\/div>\n<p><br \/>\n<br \/><a href=\"https:\/\/diariodobrasilnoticias.com.br\/noticia\/bomba-pf-afirma-que-janones-utilizava-o-cartao-de-um-ex-assessor-nao-quitava-as-faturas-e-pedia-reembolso-a-camara-66e37d9716dc9\">Source link <\/a><\/p>","protected":false},"excerpt":{"rendered":"<p>O deputado federal Andr\u00e9 Janones (Avante-MG) foi indiciado pela Pol\u00edcia Federal pelos crimes de\u00a0corrup\u00e7\u00e3o passiva, peculato\u00a0e\u00a0associa\u00e7\u00e3o criminosa. A investiga\u00e7\u00e3o, que apura a pr\u00e1tica de \u2018rachadinha\u2019, revelou que Janones usava o&hellip;<\/p>","protected":false},"author":1,"featured_media":36454,"comment_status":"closed","ping_status":"open","sticky":false,"template":"","format":"standard","meta":{"content-type":"","footnotes":""},"categories":[16],"tags":[123,2448,5313,1267],"class_list":["post-36453","post","type-post","status-publish","format-standard","has-post-thumbnail","hentry","category-noticias","tag-brasil","tag-diario","tag-noticia","tag-noticias"],"_links":{"self":[{"href":"https:\/\/tvbrazilusa.com\/pt\/wp-json\/wp\/v2\/posts\/36453","targetHints":{"allow":["GET"]}}],"collection":[{"href":"https:\/\/tvbrazilusa.com\/pt\/wp-json\/wp\/v2\/posts"}],"about":[{"href":"https:\/\/tvbrazilusa.com\/pt\/wp-json\/wp\/v2\/types\/post"}],"author":[{"embeddable":true,"href":"https:\/\/tvbrazilusa.com\/pt\/wp-json\/wp\/v2\/users\/1"}],"replies":[{"embeddable":true,"href":"https:\/\/tvbrazilusa.com\/pt\/wp-json\/wp\/v2\/comments?post=36453"}],"version-history":[{"count":1,"href":"https:\/\/tvbrazilusa.com\/pt\/wp-json\/wp\/v2\/posts\/36453\/revisions"}],"predecessor-version":[{"id":36455,"href":"https:\/\/tvbrazilusa.com\/pt\/wp-json\/wp\/v2\/posts\/36453\/revisions\/36455"}],"wp:featuredmedia":[{"embeddable":true,"href":"https:\/\/tvbrazilusa.com\/pt\/wp-json\/wp\/v2\/media\/36454"}],"wp:attachment":[{"href":"https:\/\/tvbrazilusa.com\/pt\/wp-json\/wp\/v2\/media?parent=36453"}],"wp:term":[{"taxonomy":"category","embeddable":true,"href":"https:\/\/tvbrazilusa.com\/pt\/wp-json\/wp\/v2\/categories?post=36453"},{"taxonomy":"post_tag","embeddable":true,"href":"https:\/\/tvbrazilusa.com\/pt\/wp-json\/wp\/v2\/tags?post=36453"}],"curies":[{"name":"wp","href":"https:\/\/api.w.org\/{rel}","templated":true}]}}