{"id":36509,"date":"2024-09-13T10:56:22","date_gmt":"2024-09-13T10:56:22","guid":{"rendered":"https:\/\/tvbrazilusa.com\/2024\/09\/13\/recorrer-ao-dinheiro-esquecido-dos-brasileiros-revela-o-rombo-economico-do-governo-lula\/"},"modified":"2024-09-13T10:56:23","modified_gmt":"2024-09-13T10:56:23","slug":"recorrer-ao-dinheiro-esquecido-dos-brasileiros-revela-o-rombo-economico-do-governo-lula","status":"publish","type":"post","link":"https:\/\/tvbrazilusa.com\/pt\/2024\/09\/13\/recorrer-ao-dinheiro-esquecido-dos-brasileiros-revela-o-rombo-economico-do-governo-lula\/","title":{"rendered":"Recorrer ao &#8216;dinheiro esquecido&#8217; dos brasileiros revela o rombo econ\u00f4mico do governo Lula"},"content":{"rendered":"<p> <script async src=\"https:\/\/pagead2.googlesyndication.com\/pagead\/js\/adsbygoogle.js?client=ca-pub-8864793242727901\"\r\n     crossorigin=\"anonymous\"><\/script><br \/>\n<\/p>\n<div id=\"taboola-read-more\" style=\"display:block; width:100%\">\n<p>O apelo ao &#8220;dinheiro esquecido&#8221; dos brasileiros para compensar a desonera\u00e7\u00e3o da folha de pagamento, medida aprovada ap\u00f3s negocia\u00e7\u00e3o entre o Congresso e o Minist\u00e9rio da Fazenda, exp\u00f5e novamente a dificuldade do governo de Luiz In\u00e1cio Lula da Silva (PT) em equilibrar as contas p\u00fablicas. Na avalia\u00e7\u00e3o de especialistas ouvidos pela Gazeta do Povo, al\u00e9m de ser indevida e at\u00e9 mesmo de uma moralidade question\u00e1vel, essa apropria\u00e7\u00e3o dificulta a leitura da real situa\u00e7\u00e3o fiscal do pa\u00eds para os agentes econ\u00f4micos.<\/p>\n<p>O PL 1847\/2024, que estabelece a reonera\u00e7\u00e3o, foi aprovado na noite de quarta-feira (11) e teve a an\u00e1lise das emendas ao texto conclu\u00edda na manh\u00e3 desta quinta-feira (12) pelo plen\u00e1rio da C\u00e2mara. De acordo com a proposta, os \u201cvalores a receber\u201d esquecidos em contas banc\u00e1rias poder\u00e3o ser utilizados como compensa\u00e7\u00e3o pela reonera\u00e7\u00e3o gradual da folha e, portanto, ser\u00e3o contabilizados no resultado prim\u00e1rio \u2013 a diferen\u00e7a entre as receitas e as despesas governamentais ou entre a arrecada\u00e7\u00e3o e os gastos do governo.<\/p>\n<p>Ou seja, no fundo, os R$ 8,6 bilh\u00f5es que pertencem aos brasileiros e que est\u00e3o sob a tutela do Banco Central ser\u00e3o incorporados \u00e0 arrecada\u00e7\u00e3o do governo para ajudar a equilibrar o rombo de R$ 78 bilh\u00f5es nas contas, registrado entre janeiro e julho deste ano, caso as pessoas que t\u00eam direito n\u00e3o fa\u00e7am os pedidos de resgate desses valores.<\/p>\n<p>Al\u00e9m disso, o projeto de lei tamb\u00e9m prev\u00ea o uso de outros &#8220;dinheiros esquecidos&#8221; &#8211; como precat\u00f3rios que n\u00e3o tenham sido \u201cresgatados\u201d em dois anos e ainda os dep\u00f3sitos judiciais que n\u00e3o foram levantados &#8211; para tapar o buraco do desequil\u00edbrio fiscal da gest\u00e3o de Lula.<\/p>\n<p>Wanderson Dias Ferreira, auditor fiscal da Receita Federal e vice-presidente de Assuntos da Seguridade Social da Associa\u00e7\u00e3o Nacional dos Auditores Fiscais da Receita Federal do Brasil (Anfip), afirma ser favor\u00e1vel \u00e0 reonera\u00e7\u00e3o da folha, mas defende que a medida deve ser tomada por meio de uma legisla\u00e7\u00e3o justa e equilibrada.<\/p>\n<p>Segundo ele, a medida \u00e9 importante para o equil\u00edbrio fiscal e o financiamento da Previd\u00eancia Social. Apesar disso, o auditor avalia que o \u201cmalabarismo fiscal\u201d proposto pelo governo e aprovado pelo Congresso com o \u201cdinheiro esquecido&#8221; \u00e9 bastante heterodoxo.<\/p>\n<p>&#8220;Embora a compet\u00eancia para enfrentamento do assunto seja dos corpos t\u00e9cnicos do Banco Central e da Secretaria do Tesouro Nacional, observa-se que sim, tecnicamente, os recursos esquecidos nas contas banc\u00e1rias, da ordem de R$ 8,6 bilh\u00f5es, n\u00e3o s\u00e3o uma receita do governo e geram dificuldade em sua contabiliza\u00e7\u00e3o&#8221;, salienta Ferreira.<\/p>\n<p>Na mesma linha, Ranieri Genari, advogado especialista em Direito Tribut\u00e1rio pelo Instituto Brasileiro de Estudos Tribut\u00e1rios (IBET) e membro da Comiss\u00e3o de Direito Tribut\u00e1rio da OAB\/Ribeir\u00e3o Preto, afirma que as medidas estipuladas no projeto s\u00e3o legais, todavia, \u201cem que pese sua natureza puramente arrecadat\u00f3ria, denotam por si s\u00f3 uma certa imoralidade da administra\u00e7\u00e3o p\u00fablica\u201d.<\/p>\n<p>Questionado se n\u00e3o seria mais correto optar pela devolu\u00e7\u00e3o desses recursos ao inv\u00e9s de utiliz\u00e1-los para tentar sanar o rombo nas contas p\u00fablicas, o advogado destacou que o governo teria total condi\u00e7\u00e3o de buscar os &#8220;donos&#8221; desses valores, observando todo o rastreio digital que a pr\u00f3pria Receita Federal, Banco Central e demais \u00f3rg\u00e3os governamentais t\u00eam \u00e0 sua disposi\u00e7\u00e3o. Mat\u00e9ria da Gazeta do Povo explicou o passo a passo para voc\u00ea saber se tem &#8220;dinheiro esquecido&#8221; e como fazer o resgate em caso positivo.<\/p>\n<p>No entanto, Genari avalia que se trata de uma barganha feita entre o governo e o Congresso, a fim de manter a desonera\u00e7\u00e3o conforme foi aprovada, com a reonera\u00e7\u00e3o gradual a partir de 2025. E que o processo de vota\u00e7\u00e3o no Senado e na C\u00e2mara deixou claro que o governo n\u00e3o faria nenhum esfor\u00e7o para apresentar medidas compensat\u00f3rias.<\/p>\n<p><strong>Oposi\u00e7\u00e3o ao governo tentou travar vota\u00e7\u00e3o e deve recorrer \u00e0 Justi\u00e7a para barrar uso de \u201cdinheiro esquecido\u201d <\/strong><br \/>A contenda pelas regras da reonera\u00e7\u00e3o foi longa. No fim de 2023, o Congresso vetou a desonera\u00e7\u00e3o proposta pelo governo e, depois de diversas idas e vindas com o Minist\u00e9rio da Fazenda, foi aprovado o projeto que prev\u00ea a reonera\u00e7\u00e3o de forma gradual. No entanto, o texto proposto pelo Congresso n\u00e3o destacava de forma clara quais seriam as medidas de compensa\u00e7\u00e3o \u2013 que devem ser tomadas todas as vezes que o governo renuncia a algum tributo ou receita.<\/p>\n<p>A decis\u00e3o foi levada ao Supremo Tribunal Federal (STF), que estabeleceu o prazo at\u00e9 quarta-feira (11) para que o governo e o Congresso estabelecessem uma proposta de reonera\u00e7\u00e3o. Na \u00faltima hora, para n\u00e3o descumprir o prazo do STF, foi aprovado o texto-base da reonera\u00e7\u00e3o, contando com o uso dos valores a receber que est\u00e3o no Banco Central, entre outras propostas. A oposi\u00e7\u00e3o chegou a obstruir a pauta, com a\u00e7\u00e3o da deputada Bia Kicis (PL-DF), mas n\u00e3o conseguiu impedir a aprova\u00e7\u00e3o da medida.<\/p>\n<p>Na manh\u00e3 desta quinta, a deputada Adriana Ventura (Novo-SP) tamb\u00e9m tentou barrar a pauta com uma quest\u00e3o de ordem. Segundo ela, a emenda que prop\u00f5e o uso desses recursos como compensa\u00e7\u00e3o n\u00e3o seria de reda\u00e7\u00e3o, pois envolve R$ 8 bilh\u00f5es no caso dos bancos e R$ 12 bilh\u00f5es no caso dos dep\u00f3sitos judiciais. Para a parlamentar, esses recursos n\u00e3o poderiam ser mexidos.<\/p>\n<p>O deputado Jos\u00e9 Guimar\u00e3es (PT-CE), relator do projeto e autor da emenda de reda\u00e7\u00e3o, no entanto, argumentou que n\u00e3o h\u00e1 preju\u00edzo para os cidad\u00e3os. Guimar\u00e3es tamb\u00e9m \u00e9 o l\u00edder no governo na C\u00e2mara.<\/p>\n<p>Ap\u00f3s a aprova\u00e7\u00e3o pelo Congresso, o ministro do STF Cristiano Zanin deu tr\u00eas dias ao governo para sancionar a nova lei &#8211; at\u00e9 a pr\u00f3xima segunda-feira (16). Caso o ministro n\u00e3o adiasse o prazo, os setores produtivos e os munic\u00edpios beneficiados pela desonera\u00e7\u00e3o teriam que retomar o pagamento dos impostos a partir desta quinta-feira (12).<\/p>\n<p>No entanto, a deputada Adriana Ventura afirmou que ir\u00e1 recorrer \u00e0 Justi\u00e7a. &#8220;A reonera\u00e7\u00e3o por si s\u00f3 \u00e9 vergonhosa, pois est\u00e3o passando por cima de uma decis\u00e3o do Congresso Nacional [- que havia aprovado a prorroga\u00e7\u00e3o at\u00e9 2027 com derrubada do veto do governo -] e agora est\u00e3o confiscando dinheiro, tanto o do cidad\u00e3o brasileiro esquecido nos bancos como de dep\u00f3sitos judiciais&#8221;, criticou.<\/p>\n<p><strong>Banco Central avisou que n\u00e3o pode contabilizar \u201cdinheiro esquecido\u201d<\/strong><br \/>Na ter\u00e7a-feira (10), dia anterior \u00e0 vota\u00e7\u00e3o, o Banco Central enviou uma nota t\u00e9cnica aos parlamentares advertindo sobre a reda\u00e7\u00e3o do artigo que prev\u00ea o uso do \u201cdinheiro esquecido\u201d e que, da forma como estava no texto, n\u00e3o poderia utilizar os recursos nos c\u00e1lculos do resultado prim\u00e1rio.<\/p>\n<p>Vilma Pinto, economista e diretora da Institui\u00e7\u00e3o Fiscal Independente (IFI), explica que h\u00e1 duas formas de se contabilizar o resultado prim\u00e1rio: pelo c\u00e1lculo das receitas (tudo que o governo arrecada) e pela \u00f3tica da varia\u00e7\u00e3o da d\u00edvida, que \u00e9 a adotada pelo Banco Central.<\/p>\n<p>No caso do &#8220;dinheiro esquecido&#8221;, o texto-base do projeto o considera como receita or\u00e7ament\u00e1ria prim\u00e1ria e, portanto, ele n\u00e3o \u00e9 contabilizado pelo Banco Central. Por outro lado, o Tesouro Nacional calcula o resultado prim\u00e1rio, mas pela \u00f3tica da Receita e, portanto, pode contabilizar as compensa\u00e7\u00f5es do &#8220;dinheiro esquecido&#8221;, o que gera um descompasso entre os resultados produzidos por ambas as institui\u00e7\u00f5es.<\/p>\n<p>Ranieri Genari explica que considerar como receita or\u00e7ament\u00e1ria prim\u00e1ria as transfer\u00eancias para o Tesouro Nacional do \u201cdinheiro esquecido&#8221; em contas banc\u00e1rias inativas, fundos e similares est\u00e1 em total desacordo com as boas pr\u00e1ticas de contabiliza\u00e7\u00e3o p\u00fablica, usadas nas estat\u00edsticas fiscais. \u201cEm outras palavras, seria o mesmo que for\u00e7ar o Banco Central a promover de forma artificial registros de super\u00e1vit prim\u00e1rio\u201d.<\/p>\n<p>A advogada Beatriz Carvalho, da \u00e1rea de Direito Tribut\u00e1rio do escrit\u00f3rio Silveiro Advogados, afirma que, ao notificar os parlamentares, o Bacen deu ind\u00edcios de que n\u00e3o aceitar\u00e1 a &#8220;flexibiliza\u00e7\u00e3o&#8221; proposta por governo e Congresso na apura\u00e7\u00e3o da receita prim\u00e1ria federal.<\/p>\n<p>Ela avalia ainda que n\u00e3o caberia \u00e0 autoridade monet\u00e1ria dizer o que \u00e9 ou n\u00e3o receita prim\u00e1ria, mas t\u00e3o somente apur\u00e1-la. \u201cCertamente lhe compete, dentro de sua independ\u00eancia, identificar aquilo que possa ser prejudicial \u00e0 conten\u00e7\u00e3o da infla\u00e7\u00e3o no pa\u00eds e\/ou risco ao do teto de gastos governamental\u201d, diz.<\/p>\n<p><strong>Governo j\u00e1 utilizou recursos n\u00e3o sacados do Pis-Pasep para reduzir d\u00e9ficit fiscal<\/strong><br \/>N\u00e3o \u00e9 a primeira vez que o governo Lula se vale de recursos n\u00e3o sacados para reduzir o d\u00e9ficit fiscal. Governo e Congresso j\u00e1 adotaram uma medida similar com a Proposta de Emenda \u00e0 Constitui\u00e7\u00e3o (PEC) da Transi\u00e7\u00e3o, aprovada no fim de 2022. A PEC autorizou que o governo Lula tamb\u00e9m incorporasse como receita prim\u00e1ria R$ 26 bilh\u00f5es dos trabalhadores, esquecidos nas cotas do PIS\/Pasep.<\/p>\n<p>Naquela ocasi\u00e3o, o Tesouro seguiu o texto da lei e incorporou o valor no prim\u00e1rio de 2023, o que n\u00e3o ocorreu com o BC, por adotar uma l\u00f3gica de c\u00e1lculo diferente. O resultado foi uma diferen\u00e7a bilion\u00e1ria nas duas contabilidades \u2013 segundo o Tesouro, o resultado prim\u00e1rio em 2023 foi deficit\u00e1rio em R$ 230,5 bilh\u00f5es, enquanto os c\u00e1lculos do Banco Central apontaram para um d\u00e9ficit de R$ 264,5 bilh\u00f5es.<\/p>\n<p>O economista-chefe da Ryo Asset, Gabriel Leal De Barros, afirma que a diferen\u00e7a metodol\u00f3gica entre o resultado do Tesouro e do Banco Central n\u00e3o \u00e9 algo novo, existe h\u00e1 muitos anos e at\u00e9 hoje h\u00e1 pend\u00eancia por parte da Fazenda para uma proposta e elabora\u00e7\u00e3o de nova estat\u00edstica. \u201cNesse \u00ednterim, o Banco Central passou a fazer a apura\u00e7\u00e3o como apoio, mas a responsabilidade \u00e9 do Minist\u00e9rio da Fazenda\u201d, explicou.<\/p>\n<p>Ele ainda explica que, assim como no ano passado, quando houve a diferen\u00e7a na apura\u00e7\u00e3o do resultado fiscal para efeito de cumprimento da meta de resultado prim\u00e1rio entre o Tesouro e o Bacen, em raz\u00e3o dos recursos sacados do fundo do Pis\/Pasep, essa diverg\u00eancia tamb\u00e9m ir\u00e1 ocorrer agora.<\/p>\n<p>Segundo o economista, \u201co excesso de discrep\u00e2ncia entre as estat\u00edsticas n\u00e3o \u00e9 desej\u00e1vel, uma vez que turva a leitura da real situa\u00e7\u00e3o fiscal para os agentes econ\u00f4micos. \u00c9 nesse sentido que a equipe econ\u00f4mica deveria formular de vez um manual de estat\u00edsticas fiscais, apoiado nas melhores pr\u00e1ticas globais\u201d.<\/p>\n<p><strong>STF tem decis\u00e3o contr\u00e1ria \u00e0 reincorpora\u00e7\u00e3o de precat\u00f3rios \u00e0s contas do governo<\/strong><br \/>Outro ponto controverso do projeto de lei da desonera\u00e7\u00e3o \u00e9 a reincorpora\u00e7\u00e3o de precat\u00f3rios \u00e0s contas do governo como compensa\u00e7\u00e3o pela reonera\u00e7\u00e3o gradual da folha. Um precat\u00f3rio \u00e9 uma requisi\u00e7\u00e3o para que o governo pague suas d\u00edvidas junto aos seus credores, conforme decis\u00e3o da Justi\u00e7a.<\/p>\n<p>De acordo com a proposta atual do Congresso, caso n\u00e3o seja recuperado pelos credores em 2 anos, esse tipo de \u201cdinheiro esquecido\u201d tamb\u00e9m poder\u00e1 ser reincorporado \u00e0s contas do governo. No entanto, Gustavo Bachega, advogado tributarista, coordenador do grupo 09 de trabalho da Reforma Tribut\u00e1ria e presidente do Instituto Brasileiro de Precat\u00f3rios (IBP), lembra que o pr\u00f3prio Supremo Tribunal Federal (STF) j\u00e1 se posicionou contra o resgate de precat\u00f3rios n\u00e3o levantados.<\/p>\n<p>Em 2017, por meio da ADI 5.755, de julho de 2022, o STF julgou inconstitucional o art. 2\u00ba da Lei 13.463\/17. O artigo determinava o cancelamento de precat\u00f3rios e Requisi\u00e7\u00f5es de Pequeno Valor (RPV) federais depositados h\u00e1 mais de dois anos em bancos federais, caso n\u00e3o fossem sacados pelos benefici\u00e1rios. De acordo com Bachega, o art. 39 do PL da reonera\u00e7\u00e3o \u00e9 muito similar ao julgado pelo Supremo.<\/p>\n<p>Naquela ocasi\u00e3o, o ministro Edson Fachin afirmou em seu voto que o direito ao valor depositado s\u00f3 se consuma com o saque, consolidando o entendimento de que a aus\u00eancia do resgate n\u00e3o implica a perda do direito ao recebimento. Por essa raz\u00e3o, o advogado entende que \u00e9 prov\u00e1vel que haja contesta\u00e7\u00e3o do artigo 39 do PL de reonera\u00e7\u00e3o.<\/p>\n<p>\u00c0 decis\u00e3o do STF, soma-se uma do STJ, que tamb\u00e9m estabeleceu que o cancelamento de precat\u00f3rios e Requisi\u00e7\u00f5es de Pequeno Valor (RPV) federais entre 2017 e 2022 s\u00f3 seria v\u00e1lido se o credor n\u00e3o tivesse sacado o dinheiro por desinteresse, tornando-o ilegal caso n\u00e3o fosse comprovada a in\u00e9rcia do credor. Por essa raz\u00e3o, mesmo em caso de cancelamento, o credor passou a ter o prazo de cinco anos para fazer novo pedido de precat\u00f3rio, mantendo seu direito de receber o recurso.<\/p>\n<p>Assim, Bachega afirma que no caso da reonera\u00e7\u00e3o, mesmo que os valores sejam resgatados pelo governo, isso n\u00e3o implica, necessariamente, na perda do direito de recebimento pelo credor. Esse cen\u00e1rio gera um ativo para o Executivo, mas, simultaneamente, cria um passivo, pois o credor mant\u00e9m o direito de pleitear a restitui\u00e7\u00e3o dos valores.<\/p>\n<p><strong>Fazenda tem discricionariedade para estabelecer receitas prim\u00e1rias<\/strong><br \/>Para Beatriz Carvalho, a Lei Complementar 200\/2023, a Lei do Arcabou\u00e7o Fiscal, confere certa discricionariedade ao Ministro da Fazenda em rela\u00e7\u00e3o \u00e0quilo que ser\u00e1 considerado receita prim\u00e1ria. No entanto, ela avalia que tanto a recupera\u00e7\u00e3o dos precat\u00f3rios &#8211; haja vista o pr\u00f3prio posicionamento do STF sobre o tema &#8211; quanto a classifica\u00e7\u00e3o como receita prim\u00e1ria s\u00e3o controversas.<\/p>\n<p>J\u00e1 o advogado Ranieri Genari avalia que, ao receber de volta o valor dos precat\u00f3rios, o governo inverte a din\u00e2mica entre devedor e credor. A l\u00f3gica \u00e9 de que o valor de uma d\u00edvida, pago pelo governo, n\u00e3o deveria ser a ele estornada. No caso dos precat\u00f3rios, a Uni\u00e3o n\u00e3o \u00e9 possuidora de um direito ao cr\u00e9dito, ao contr\u00e1rio, tem contra si uma obriga\u00e7\u00e3o de pagamento, devidamente constitu\u00edda e determinada judicialmente.<\/p>\n<p>\u201cLogo, pensando na l\u00f3gica jur\u00eddica da situa\u00e7\u00e3o, por essa medida aprovada ontem, inverte-se de uma s\u00f3 vez a posi\u00e7\u00e3o de devedor e credor, como tamb\u00e9m se desrespeita frontalmente uma decis\u00e3o judicial, que determinou o pagamento dos valores \u00e0 outra parte, decis\u00e3o a qual em nenhum momento tratou do destino do valor depositado, caso o credor dele n\u00e3o se apropriasse\u201d, explica.<\/p>\n<p>Fonte: Gazeta do Povo<\/p>\n<\/p><\/div>\n<p><br \/>\n<br \/><a href=\"https:\/\/diariodobrasilnoticias.com.br\/noticia\/recorrer-ao-dinheiro-esquecido-dos-brasileiros-revela-o-rombo-economico-do-governo-lula-66e4167e3d470\">Source link <\/a><\/p>","protected":false},"excerpt":{"rendered":"<p>O apelo ao &#8220;dinheiro esquecido&#8221; dos brasileiros para compensar a desonera\u00e7\u00e3o da folha de pagamento, medida aprovada ap\u00f3s negocia\u00e7\u00e3o entre o Congresso e o Minist\u00e9rio da Fazenda, exp\u00f5e novamente a&hellip;<\/p>","protected":false},"author":1,"featured_media":36510,"comment_status":"closed","ping_status":"open","sticky":false,"template":"","format":"standard","meta":{"content-type":"","footnotes":""},"categories":[16],"tags":[123,2448,5313,1267],"class_list":["post-36509","post","type-post","status-publish","format-standard","has-post-thumbnail","hentry","category-noticias","tag-brasil","tag-diario","tag-noticia","tag-noticias"],"_links":{"self":[{"href":"https:\/\/tvbrazilusa.com\/pt\/wp-json\/wp\/v2\/posts\/36509","targetHints":{"allow":["GET"]}}],"collection":[{"href":"https:\/\/tvbrazilusa.com\/pt\/wp-json\/wp\/v2\/posts"}],"about":[{"href":"https:\/\/tvbrazilusa.com\/pt\/wp-json\/wp\/v2\/types\/post"}],"author":[{"embeddable":true,"href":"https:\/\/tvbrazilusa.com\/pt\/wp-json\/wp\/v2\/users\/1"}],"replies":[{"embeddable":true,"href":"https:\/\/tvbrazilusa.com\/pt\/wp-json\/wp\/v2\/comments?post=36509"}],"version-history":[{"count":1,"href":"https:\/\/tvbrazilusa.com\/pt\/wp-json\/wp\/v2\/posts\/36509\/revisions"}],"predecessor-version":[{"id":36511,"href":"https:\/\/tvbrazilusa.com\/pt\/wp-json\/wp\/v2\/posts\/36509\/revisions\/36511"}],"wp:featuredmedia":[{"embeddable":true,"href":"https:\/\/tvbrazilusa.com\/pt\/wp-json\/wp\/v2\/media\/36510"}],"wp:attachment":[{"href":"https:\/\/tvbrazilusa.com\/pt\/wp-json\/wp\/v2\/media?parent=36509"}],"wp:term":[{"taxonomy":"category","embeddable":true,"href":"https:\/\/tvbrazilusa.com\/pt\/wp-json\/wp\/v2\/categories?post=36509"},{"taxonomy":"post_tag","embeddable":true,"href":"https:\/\/tvbrazilusa.com\/pt\/wp-json\/wp\/v2\/tags?post=36509"}],"curies":[{"name":"wp","href":"https:\/\/api.w.org\/{rel}","templated":true}]}}