{"id":36512,"date":"2024-09-13T11:08:07","date_gmt":"2024-09-13T11:08:07","guid":{"rendered":"https:\/\/tvbrazilusa.com\/2024\/09\/13\/criminosos-recrutados-para-resgatar-marcola-teriam-sido-treinados-na-bolivia\/"},"modified":"2024-09-13T11:08:08","modified_gmt":"2024-09-13T11:08:08","slug":"criminosos-recrutados-para-resgatar-marcola-teriam-sido-treinados-na-bolivia","status":"publish","type":"post","link":"https:\/\/tvbrazilusa.com\/pt\/2024\/09\/13\/criminosos-recrutados-para-resgatar-marcola-teriam-sido-treinados-na-bolivia\/","title":{"rendered":"Criminosos recrutados para resgatar Marcola teriam sido treinados na Bol\u00edvia"},"content":{"rendered":"<p> <script async src=\"https:\/\/pagead2.googlesyndication.com\/pagead\/js\/adsbygoogle.js?client=ca-pub-8864793242727901\"\r\n     crossorigin=\"anonymous\"><\/script><br \/>\n<\/p>\n<div>\n<figure class=\"post-image\">\n<\/figure>\n<p><span style=\"font-size: 12px\">Hugo Barreto\/ Metr\u00f3poles<\/span><\/p>\n<div id=\"taboola-read-more\" style=\"display:block; width:100%\">\n<p>De acordo com o servi\u00e7o de intelig\u00eancia da Pol\u00edcia Militar, cr1min0sos teriam sido recrutados pelo Primeiro Comando da Capital (PCC) para participar de uma a\u00e7\u00e3o que tentaria liberar o l\u00edder Marcola, que est\u00e1 pr3so na Penitenci\u00e1ria Federal de Bras\u00edlia.<\/p>\n<p>Os cr1min0sos eram liderados por Ivan Garcia de Arruda, conhecido como \u201cDegola\u201d, pr3so na regi\u00e3o de Sorocaba, no interior paulista, durante uma opera\u00e7\u00e3o conjunta do Minist\u00e9rio P\u00fablico de S\u00e3o Paulo (MPSP) e da Pol\u00edcia Militar (PM) na \u00faltima quarta-feira (11\/9). A a\u00e7\u00e3o cumpriu oito mandados de busca e apreens\u00e3o.<\/p>\n<p>De acordo com informa\u00e7\u00f5es divulgadas pelo UOL, os cr1min0sos iriam passar por um treinamento na Bol\u00edvia, recebendo orienta\u00e7\u00f5es de mercen\u00e1rios especializados no uso de armas autom\u00e1ticas, al\u00e9m de aprenderem sobre estrat\u00e9gias militares parecidas com ataques que acontecem a bancos por quadr1lhas que at3rrorizam cidades pelo Brasil, conhecidos como pr\u00e1ticas do Novo Canga\u00e7o.<\/p>\n<p>As investiga\u00e7\u00f5es revelaram, tamb\u00e9m, que os cr1min0sos se comunicavam por celulares com chips habilitados de outros pa\u00edses.<\/p>\n<p>Fonte: Metr\u00f3poles<\/p>\n<\/p><\/div>\n<div class=\"row mt-3\">\n<div class=\"col-sm-6\">\n<p><a href=\"https:\/\/chat.whatsapp.com\/GwURnmOyPiN1XheGYvCspN\" target=\"_blank\" rel=\"noopener\"><br \/>\n<img decoding=\"async\" src=\"https:\/\/diariodobrasilnoticias.com.br\/assets-site\/images\/bot_whatsapp.png\"\/><\/a>\n<\/div>\n<div class=\"col-sm-6\">\n<a href=\"https:\/\/t.me\/+_4gTmi5LKo03OTM5\" target=\"_blank\" rel=\"noopener\"><br \/>\n<img decoding=\"async\" src=\"https:\/\/diariodobrasilnoticias.com.br\/assets-site\/images\/bot_telegram.png\"\/><\/a>\n<\/div>\n<\/div>\n<\/div>\n<p><br \/>\n<br \/><a href=\"https:\/\/diariodobrasilnoticias.com.br\/noticia\/criminosos-recrutados-para-resgatar-marcola-teriam-sido-treinados-na-bolivia-66e40c94a5834\">Source link <\/a><\/p>","protected":false},"excerpt":{"rendered":"<p>Hugo Barreto\/ Metr\u00f3poles De acordo com o servi\u00e7o de intelig\u00eancia da Pol\u00edcia Militar, cr1min0sos teriam sido recrutados pelo Primeiro Comando da Capital (PCC) para participar de uma a\u00e7\u00e3o que tentaria&hellip;<\/p>","protected":false},"author":1,"featured_media":36513,"comment_status":"closed","ping_status":"open","sticky":false,"template":"","format":"standard","meta":{"content-type":"","footnotes":""},"categories":[16],"tags":[123,2448,5313,1267],"class_list":["post-36512","post","type-post","status-publish","format-standard","has-post-thumbnail","hentry","category-noticias","tag-brasil","tag-diario","tag-noticia","tag-noticias"],"_links":{"self":[{"href":"https:\/\/tvbrazilusa.com\/pt\/wp-json\/wp\/v2\/posts\/36512","targetHints":{"allow":["GET"]}}],"collection":[{"href":"https:\/\/tvbrazilusa.com\/pt\/wp-json\/wp\/v2\/posts"}],"about":[{"href":"https:\/\/tvbrazilusa.com\/pt\/wp-json\/wp\/v2\/types\/post"}],"author":[{"embeddable":true,"href":"https:\/\/tvbrazilusa.com\/pt\/wp-json\/wp\/v2\/users\/1"}],"replies":[{"embeddable":true,"href":"https:\/\/tvbrazilusa.com\/pt\/wp-json\/wp\/v2\/comments?post=36512"}],"version-history":[{"count":1,"href":"https:\/\/tvbrazilusa.com\/pt\/wp-json\/wp\/v2\/posts\/36512\/revisions"}],"predecessor-version":[{"id":36514,"href":"https:\/\/tvbrazilusa.com\/pt\/wp-json\/wp\/v2\/posts\/36512\/revisions\/36514"}],"wp:featuredmedia":[{"embeddable":true,"href":"https:\/\/tvbrazilusa.com\/pt\/wp-json\/wp\/v2\/media\/36513"}],"wp:attachment":[{"href":"https:\/\/tvbrazilusa.com\/pt\/wp-json\/wp\/v2\/media?parent=36512"}],"wp:term":[{"taxonomy":"category","embeddable":true,"href":"https:\/\/tvbrazilusa.com\/pt\/wp-json\/wp\/v2\/categories?post=36512"},{"taxonomy":"post_tag","embeddable":true,"href":"https:\/\/tvbrazilusa.com\/pt\/wp-json\/wp\/v2\/tags?post=36512"}],"curies":[{"name":"wp","href":"https:\/\/api.w.org\/{rel}","templated":true}]}}