{"id":36515,"date":"2024-09-13T11:20:27","date_gmt":"2024-09-13T11:20:27","guid":{"rendered":"https:\/\/tvbrazilusa.com\/2024\/09\/13\/bolsonaro-participa-por-video-de-evento-e-expressa-apoio-a-nunes-assista\/"},"modified":"2024-09-13T11:20:28","modified_gmt":"2024-09-13T11:20:28","slug":"bolsonaro-participa-por-video-de-evento-e-expressa-apoio-a-nunes-assista","status":"publish","type":"post","link":"https:\/\/tvbrazilusa.com\/pt\/2024\/09\/13\/bolsonaro-participa-por-video-de-evento-e-expressa-apoio-a-nunes-assista\/","title":{"rendered":"Bolsonaro participa por v\u00eddeo de evento e expressa apoio a Nunes; ASSISTA"},"content":{"rendered":"<p> <script async src=\"https:\/\/pagead2.googlesyndication.com\/pagead\/js\/adsbygoogle.js?client=ca-pub-8864793242727901\"\r\n     crossorigin=\"anonymous\"><\/script><br \/>\n<\/p>\n<div id=\"taboola-read-more\" style=\"display:block; width:100%\">\n<p>Durante o evento &#8216;Alma Premium &#8211; Elei\u00e7\u00f5es&#8217;, o ex-presidente Jair Bolsonaro (PL) participou por v\u00eddeo e expressou seu apoio ao prefeito de S\u00e3o Paulo Ricardo Nunes (MDB) na disputa pela reelei\u00e7\u00e3o. A solenidade, que ocorreu nesta quinta-feira (12), em Moema, Zona Sul da capital paulista, contou com o governador Tarc\u00edsio de Freitas (Republicanos) e o ex-presidente Michel Temer, que foram parabenizados por Bolsonaro.<\/p>\n<p>O ex-presidente declarou que torce por Ricardo Nunes e disse que n\u00e3o quer uma &#8220;experi\u00eancia nova&#8221; na Prefeitura de S\u00e3o Paulo. No final do discurso, Bolsonaro afirmou: &#8220;Com toda certeza, partimos para a vit\u00f3ria. Isso [Ricardo Nunes] \u00e9 bom para S\u00e3o Paulo, \u00e9 bom para o governo, \u00e9 bom para o Brasil&#8221;.<\/p>\n<p>ASSISTA:<\/p>\n<p>Fonte: Jovem Pan<\/p>\n<\/p><\/div>\n<p><br \/>\n<br \/><a href=\"https:\/\/diariodobrasilnoticias.com.br\/noticia\/bolsonaro-participa-por-video-de-evento-e-expressa-apoio-a-nunes-assista-66e40f35c1fb8\">Source link <\/a><\/p>","protected":false},"excerpt":{"rendered":"<p>Durante o evento &#8216;Alma Premium &#8211; Elei\u00e7\u00f5es&#8217;, o ex-presidente Jair Bolsonaro (PL) participou por v\u00eddeo e expressou seu apoio ao prefeito de S\u00e3o Paulo Ricardo Nunes (MDB) na disputa pela&hellip;<\/p>","protected":false},"author":1,"featured_media":36516,"comment_status":"closed","ping_status":"open","sticky":false,"template":"","format":"standard","meta":{"content-type":"","footnotes":""},"categories":[16],"tags":[123,2448,5313,1267],"class_list":["post-36515","post","type-post","status-publish","format-standard","has-post-thumbnail","hentry","category-noticias","tag-brasil","tag-diario","tag-noticia","tag-noticias"],"_links":{"self":[{"href":"https:\/\/tvbrazilusa.com\/pt\/wp-json\/wp\/v2\/posts\/36515","targetHints":{"allow":["GET"]}}],"collection":[{"href":"https:\/\/tvbrazilusa.com\/pt\/wp-json\/wp\/v2\/posts"}],"about":[{"href":"https:\/\/tvbrazilusa.com\/pt\/wp-json\/wp\/v2\/types\/post"}],"author":[{"embeddable":true,"href":"https:\/\/tvbrazilusa.com\/pt\/wp-json\/wp\/v2\/users\/1"}],"replies":[{"embeddable":true,"href":"https:\/\/tvbrazilusa.com\/pt\/wp-json\/wp\/v2\/comments?post=36515"}],"version-history":[{"count":1,"href":"https:\/\/tvbrazilusa.com\/pt\/wp-json\/wp\/v2\/posts\/36515\/revisions"}],"predecessor-version":[{"id":36517,"href":"https:\/\/tvbrazilusa.com\/pt\/wp-json\/wp\/v2\/posts\/36515\/revisions\/36517"}],"wp:featuredmedia":[{"embeddable":true,"href":"https:\/\/tvbrazilusa.com\/pt\/wp-json\/wp\/v2\/media\/36516"}],"wp:attachment":[{"href":"https:\/\/tvbrazilusa.com\/pt\/wp-json\/wp\/v2\/media?parent=36515"}],"wp:term":[{"taxonomy":"category","embeddable":true,"href":"https:\/\/tvbrazilusa.com\/pt\/wp-json\/wp\/v2\/categories?post=36515"},{"taxonomy":"post_tag","embeddable":true,"href":"https:\/\/tvbrazilusa.com\/pt\/wp-json\/wp\/v2\/tags?post=36515"}],"curies":[{"name":"wp","href":"https:\/\/api.w.org\/{rel}","templated":true}]}}