{"id":36521,"date":"2024-09-13T11:34:25","date_gmt":"2024-09-13T11:34:25","guid":{"rendered":"https:\/\/tvbrazilusa.com\/2024\/09\/13\/adolescente-do-colorado-leva-tiro-no-rosto-apos-tentar-pedir-permissao-para-tirar-fotos-na-propriedade-diz-policia-wsvn-7news-noticias-de-miami-clima-esportes-fort-lauderdale\/"},"modified":"2024-09-13T11:36:55","modified_gmt":"2024-09-13T11:36:55","slug":"adolescente-do-colorado-leva-tiro-no-rosto-apos-tentar-pedir-permissao-para-tirar-fotos-na-propriedade-diz-policia-wsvn-7news-noticias-de-miami-clima-esportes-fort-lauderdale","status":"publish","type":"post","link":"https:\/\/tvbrazilusa.com\/pt\/2024\/09\/13\/adolescente-do-colorado-leva-tiro-no-rosto-apos-tentar-pedir-permissao-para-tirar-fotos-na-propriedade-diz-policia-wsvn-7news-noticias-de-miami-clima-esportes-fort-lauderdale\/","title":{"rendered":"Adolescente do Colorado leva tiro no rosto ap\u00f3s tentar pedir permiss\u00e3o para tirar fotos na propriedade, diz pol\u00edcia &#8211; WSVN 7News | Not\u00edcias de Miami, Clima, Esportes | Fort Lauderdale"},"content":{"rendered":"<p> <script async src=\"https:\/\/pagead2.googlesyndication.com\/pagead\/js\/adsbygoogle.js?client=ca-pub-8864793242727901\"\r\n     crossorigin=\"anonymous\"><\/script><br \/>\n<\/p>\n<div itemprop=\"articleBody\">\n<p>CONDADO DE JEFFERSON, Colorado (KCNC) \u2014 Um adolescente do Colorado contou aos policiais que foi baleado no rosto do lado de fora de uma casa pelo namorado da dona da casa depois de tentar pedir permiss\u00e3o para tirar fotos na propriedade, de acordo com o Gabinete do Xerife do Condado de Jefferson.<\/p>\n<p>O jovem de 17 anos foi levado ao hospital, onde permanece internado na noite de quarta-feira, mas, de acordo com um comunicado \u00e0 imprensa do gabinete do xerife, ele disse aos policiais que ele e um amigo foram a uma propriedade no quarteir\u00e3o 23000 da Pleasant Park Road por volta das 16h15 de ter\u00e7a-feira.<\/p>\n<p>Eles pularam a cerca e tentaram localizar o dono da casa para perguntar se eles poderiam tirar fotos de formatura do ensino m\u00e9dio em sua propriedade. Quando ningu\u00e9m respondeu, eles andaram pela propriedade tentando encontrar o dono da casa ou um morador. Quando n\u00e3o conseguiram, eles presumiram que n\u00e3o havia ningu\u00e9m em casa e voltaram para o carro, disse o gabinete do xerife.<\/p>\n<p>A dona da casa chamou a pol\u00edcia, dizendo que os adolescentes estavam invadindo a propriedade. Ela ent\u00e3o ligou para o namorado, Brent Metz, de 38 anos.<\/p>\n<p>A mulher n\u00e3o estava em casa no momento e viu os meninos na c\u00e2mera de vigil\u00e2ncia de sua casa, de acordo com o gabinete do xerife.<\/p>\n<p>Quando os adolescentes estavam de volta ao carro, eles come\u00e7aram a escrever uma nota para o propriet\u00e1rio com seu pedido para tirar fotos na propriedade. Foi quando Metz chegou, saiu de sua caminhonete e disparou um tiro de uma arma de fogo no carro do adolescente atrav\u00e9s do para-brisa, atingindo um no rosto, de acordo com o gabinete do xerife. Os investigadores recuperaram a nota, aparentemente confirmando a hist\u00f3ria dos adolescentes.<\/p>\n<p>Quando os policiais chegaram, eles disseram que o garoto ileso estava pressionando o rosto do amigo com uma camiseta.<\/p>\n<p>De acordo com um depoimento de pris\u00e3o, Metz se recusou a falar com os delegados respondentes, pedindo um advogado em vez disso. Um delegado perguntou se havia uma arma presente para seguran\u00e7a e Metz disse que estava em sua caminhonete.<\/p>\n<p>O jovem de 17 anos disse aos policiais que n\u00e3o achava que Metz atirou nele intencionalmente. O adolescente &#8220;ouviu o motorista (Brent) dizer &#8216;oh m****, minha arma disparou'&#8221;, de acordo com o relat\u00f3rio de pris\u00e3o. O adolescente tamb\u00e9m disse aos policiais que Metz tentou ajudar depois que ele disparou a bala, mas o outro garoto, que tem 15 anos e \u00e9 amigo de inf\u00e2ncia da suposta v\u00edtima, o empurrou e &#8220;perguntou por que ele atirou em seu amigo&#8221;.<\/p>\n<p>Metz foi preso e enfrenta acusa\u00e7\u00f5es de agress\u00e3o de primeiro grau, duas acusa\u00e7\u00f5es de amea\u00e7a grave, disparo ilegal de arma de fogo e duas acusa\u00e7\u00f5es de perigo imprudente.<\/p>\n<p>Ele foi registrado no Jefferson County Sheriff&#8217;s Office com uma fian\u00e7a de $ 5.000 e foi designado um defensor p\u00fablico. Ele deve retornar ao tribunal na segunda-feira.<\/p>\n<p>Nem os adolescentes nem o dono da casa foram imediatamente identificados pelas autoridades.<\/p>\n<p>Metz \u00e9 um membro do Conselho Municipal de Mountain View, de acordo com o site da cidade e confirmado pelo gabinete do xerife. Ele foi empossado ano passado na cidade de pouco mais de 500 moradores. Seu mandato est\u00e1 previsto para expirar em 2027.<\/p>\n<p>O prefeito de Mountain View se recusou a comentar, encaminhando as perguntas ao administrador da cidade, que n\u00e3o respondeu imediatamente.<\/p>\n<p><em>The-CNN-Wire\u2122 &#038; \u00a9 2024 Cable News Network, Inc., uma empresa Time Warner. Todos os direitos reservados.<\/em><\/p>\n<div class=\"wp-block-newsletter\">\n\t<strong class=\"wp-block-newsletter__title\">Inscreva-se em nossa Newsletter para receber as \u00faltimas not\u00edcias diretamente na sua caixa de entrada<\/strong><\/p>\n<\/div><\/div>\n<p><br \/>\n<br \/><a href=\"https:\/\/wsvn.com\/news\/us-world\/colorado-teen-shot-in-the-face-after-trying-to-ask-for-permission-to-take-photos-at-property-police-say\/\">Source link <\/a><\/p>","protected":false},"excerpt":{"rendered":"<p>CONDADO DE JEFFERSON, Colorado (KCNC) \u2014 Um adolescente do Colorado contou aos policiais que foi baleado no rosto do lado de fora de uma casa pelo namorado da dona da&hellip;<\/p>","protected":false},"author":1,"featured_media":36522,"comment_status":"closed","ping_status":"open","sticky":false,"template":"","format":"standard","meta":{"content-type":"","footnotes":""},"categories":[1],"tags":[],"class_list":["post-36521","post","type-post","status-publish","format-standard","has-post-thumbnail","hentry","category-uncategorized"],"_links":{"self":[{"href":"https:\/\/tvbrazilusa.com\/pt\/wp-json\/wp\/v2\/posts\/36521","targetHints":{"allow":["GET"]}}],"collection":[{"href":"https:\/\/tvbrazilusa.com\/pt\/wp-json\/wp\/v2\/posts"}],"about":[{"href":"https:\/\/tvbrazilusa.com\/pt\/wp-json\/wp\/v2\/types\/post"}],"author":[{"embeddable":true,"href":"https:\/\/tvbrazilusa.com\/pt\/wp-json\/wp\/v2\/users\/1"}],"replies":[{"embeddable":true,"href":"https:\/\/tvbrazilusa.com\/pt\/wp-json\/wp\/v2\/comments?post=36521"}],"version-history":[{"count":1,"href":"https:\/\/tvbrazilusa.com\/pt\/wp-json\/wp\/v2\/posts\/36521\/revisions"}],"predecessor-version":[{"id":36523,"href":"https:\/\/tvbrazilusa.com\/pt\/wp-json\/wp\/v2\/posts\/36521\/revisions\/36523"}],"wp:featuredmedia":[{"embeddable":true,"href":"https:\/\/tvbrazilusa.com\/pt\/wp-json\/wp\/v2\/media\/36522"}],"wp:attachment":[{"href":"https:\/\/tvbrazilusa.com\/pt\/wp-json\/wp\/v2\/media?parent=36521"}],"wp:term":[{"taxonomy":"category","embeddable":true,"href":"https:\/\/tvbrazilusa.com\/pt\/wp-json\/wp\/v2\/categories?post=36521"},{"taxonomy":"post_tag","embeddable":true,"href":"https:\/\/tvbrazilusa.com\/pt\/wp-json\/wp\/v2\/tags?post=36521"}],"curies":[{"name":"wp","href":"https:\/\/api.w.org\/{rel}","templated":true}]}}