{"id":36548,"date":"2024-09-13T12:39:52","date_gmt":"2024-09-13T12:39:52","guid":{"rendered":"https:\/\/tvbrazilusa.com\/2024\/09\/13\/incendio-consome-parte-de-floresta-da-faber-castell-no-triangulo-mineiro\/"},"modified":"2024-09-13T12:39:53","modified_gmt":"2024-09-13T12:39:53","slug":"incendio-consome-parte-de-floresta-da-faber-castell-no-triangulo-mineiro","status":"publish","type":"post","link":"https:\/\/tvbrazilusa.com\/pt\/2024\/09\/13\/incendio-consome-parte-de-floresta-da-faber-castell-no-triangulo-mineiro\/","title":{"rendered":"Inc\u00eandio consome parte de floresta da Faber-Castell no Tri\u00e2ngulo Mineiro"},"content":{"rendered":"<p> <script async src=\"https:\/\/pagead2.googlesyndication.com\/pagead\/js\/adsbygoogle.js?client=ca-pub-8864793242727901\"\r\n     crossorigin=\"anonymous\"><\/script><br \/>\n<\/p>\n<div id=\"taboola-read-more\" style=\"display:block; width:100%\">\n<p>Um inc\u00eandio de grandes propor\u00e7\u00f5es atingiu a floresta de pinus da empresa Faber-Castell, localizada na cidade de Prata, no Tri\u00e2ngulo Mineiro. A \u00e1rea afetada representa cerca de 7,8% da planta\u00e7\u00e3o, utilizada principalmente para a produ\u00e7\u00e3o de l\u00e1pis pela companhia. O fogo, que come\u00e7ou no s\u00e1bado (7\/9), foi controlado ap\u00f3s quatro dias, na ter\u00e7a-feira (11\/9).<\/p>\n<p>O Corpo de Bombeiros foi acionado e atuou no combate \u00e0s chamas junto a brigadistas da pr\u00f3pria empresa. Segundo informa\u00e7\u00f5es da corpora\u00e7\u00e3o, o inc\u00eandio teve in\u00edcio \u00e0s margens de uma rodovia pr\u00f3xima, alastrando-se para uma planta\u00e7\u00e3o de seringueiras e, posteriormente, atingindo a floresta de pinus da Faber-Castell.<\/p>\n<p>Cerca de 45 pessoas, entre bombeiros e brigadistas, participaram da opera\u00e7\u00e3o para conter o fogo. A empresa informou, em nota oficial, que seus sistemas de monitoramento identificaram rapidamente o inc\u00eandio, permitindo que as equipes de emerg\u00eancia agissem com prontid\u00e3o.<\/p>\n<p><strong>Veja que disse a Faber-Castell<\/strong><br \/><em>\u201cA Faber-Castell esclarece que os focos de inc\u00eandio na floresta da companhia na regi\u00e3o do Prata (MG) j\u00e1 foram controlados, gra\u00e7as ao r\u00e1pido trabalho da Brigada de Inc\u00eandio da empresa. Os brigadistas da pr\u00f3pria companhia iniciaram o trabalho assim que os sistemas de monitoramento identificaram o fogo, na manh\u00e3 de s\u00e1bado (7 de setembro), que foi originado em uma regi\u00e3o pr\u00f3xima \u00e0 floresta.<\/em><\/p>\n<p><em>A Faber-Castell refor\u00e7a que a \u00e1rea afetada pelo inc\u00eandio corresponde a uma pequena parte da floresta e n\u00e3o deve ter impacto na produ\u00e7\u00e3o dos ecol\u00e1pis e, portanto, os parceiros e os consumidores seguir\u00e3o sendo atendidos normalmente. E a \u00e1rea impactada ser\u00e1 devidamente reflorestada.<\/em><\/p>\n<p><em>A empresa lamenta por essas terr\u00edveis queimadas que impactam a regi\u00e3o do Prata e todo o pa\u00eds.\u201d<\/em><\/p>\n<p>Fonte: Gazeta Brasil<\/p>\n<\/p><\/div>\n<p><br \/>\n<br \/><a href=\"https:\/\/diariodobrasilnoticias.com.br\/noticia\/incendio-consome-parte-de-floresta-da-faber-castell-no-triangulo-mineiro-66e41a622e877\">Source link <\/a><\/p>","protected":false},"excerpt":{"rendered":"<p>Um inc\u00eandio de grandes propor\u00e7\u00f5es atingiu a floresta de pinus da empresa Faber-Castell, localizada na cidade de Prata, no Tri\u00e2ngulo Mineiro. A \u00e1rea afetada representa cerca de 7,8% da planta\u00e7\u00e3o,&hellip;<\/p>","protected":false},"author":1,"featured_media":36549,"comment_status":"closed","ping_status":"open","sticky":false,"template":"","format":"standard","meta":{"content-type":"","footnotes":""},"categories":[16],"tags":[123,2448,5313,1267],"class_list":["post-36548","post","type-post","status-publish","format-standard","has-post-thumbnail","hentry","category-noticias","tag-brasil","tag-diario","tag-noticia","tag-noticias"],"_links":{"self":[{"href":"https:\/\/tvbrazilusa.com\/pt\/wp-json\/wp\/v2\/posts\/36548","targetHints":{"allow":["GET"]}}],"collection":[{"href":"https:\/\/tvbrazilusa.com\/pt\/wp-json\/wp\/v2\/posts"}],"about":[{"href":"https:\/\/tvbrazilusa.com\/pt\/wp-json\/wp\/v2\/types\/post"}],"author":[{"embeddable":true,"href":"https:\/\/tvbrazilusa.com\/pt\/wp-json\/wp\/v2\/users\/1"}],"replies":[{"embeddable":true,"href":"https:\/\/tvbrazilusa.com\/pt\/wp-json\/wp\/v2\/comments?post=36548"}],"version-history":[{"count":1,"href":"https:\/\/tvbrazilusa.com\/pt\/wp-json\/wp\/v2\/posts\/36548\/revisions"}],"predecessor-version":[{"id":36550,"href":"https:\/\/tvbrazilusa.com\/pt\/wp-json\/wp\/v2\/posts\/36548\/revisions\/36550"}],"wp:featuredmedia":[{"embeddable":true,"href":"https:\/\/tvbrazilusa.com\/pt\/wp-json\/wp\/v2\/media\/36549"}],"wp:attachment":[{"href":"https:\/\/tvbrazilusa.com\/pt\/wp-json\/wp\/v2\/media?parent=36548"}],"wp:term":[{"taxonomy":"category","embeddable":true,"href":"https:\/\/tvbrazilusa.com\/pt\/wp-json\/wp\/v2\/categories?post=36548"},{"taxonomy":"post_tag","embeddable":true,"href":"https:\/\/tvbrazilusa.com\/pt\/wp-json\/wp\/v2\/tags?post=36548"}],"curies":[{"name":"wp","href":"https:\/\/api.w.org\/{rel}","templated":true}]}}