{"id":36557,"date":"2024-09-13T12:51:52","date_gmt":"2024-09-13T12:51:52","guid":{"rendered":"https:\/\/tvbrazilusa.com\/2024\/09\/13\/chuva-preta-avanca-e-assusta-a-populacao-veja-onde-havera-o-ceu-apocaliptico\/"},"modified":"2024-09-13T12:51:54","modified_gmt":"2024-09-13T12:51:54","slug":"chuva-preta-avanca-e-assusta-a-populacao-veja-onde-havera-o-ceu-apocaliptico","status":"publish","type":"post","link":"https:\/\/tvbrazilusa.com\/pt\/2024\/09\/13\/chuva-preta-avanca-e-assusta-a-populacao-veja-onde-havera-o-ceu-apocaliptico\/","title":{"rendered":"Chuva preta avan\u00e7a e assusta a popula\u00e7\u00e3o; veja onde haver\u00e1 o c\u00e9u &#8216;apocal\u00edptico&#8217;"},"content":{"rendered":"<p> <script async src=\"https:\/\/pagead2.googlesyndication.com\/pagead\/js\/adsbygoogle.js?client=ca-pub-8864793242727901\"\r\n     crossorigin=\"anonymous\"><\/script><br \/>\n<\/p>\n<div id=\"taboola-read-more\" style=\"display:block; width:100%\">\n<p>Uma frente fria avan\u00e7ou na \u00faltima quinta-feira, 12, trazendo um fen\u00f4meno peculiar e preocupante: a chuva preta. Este fen\u00f4meno, que combina precipita\u00e7\u00e3o de \u00e1gua com fuligem, foi registrado em quatro pa\u00edses da Am\u00e9rica do Sul, conforme informa\u00e7\u00f5es da MetSul Meteorologia.<\/p>\n<p>Com a movimenta\u00e7\u00e3o do sistema frontal atrav\u00e9s das latitudes m\u00e9dias, diversas \u00e1reas cobertas por densa fuma\u00e7a de queimadas experienciaram a chuva preta.<\/p>\n<p>Cidades do interior do Rio Grande do Sul, norte do Uruguai, prov\u00edncias argentinas de Corrientes e Missiones, oeste de Santa Catarina, e sul do Paraguai foram afetadas.<\/p>\n<p><strong>Ocorr\u00eancia da chuva preta<\/strong><br \/>A chuva preta ocorre quando a fuligem, composta principalmente por carbono proveniente da combust\u00e3o incompleta de materiais org\u00e2nicos, se mistura com a umidade do ar e precipita junto com a \u00e1gua.<\/p>\n<p>Esse fen\u00f4meno n\u00e3o \u00e9 necessariamente de cor preta, mas indica altos n\u00edveis de polui\u00e7\u00e3o.<\/p>\n<p>No sul do Paraguai, especialmente na regi\u00e3o de Itap\u00faa, a combina\u00e7\u00e3o de nuvens carregadas com a fuligem fez com que o dia virasse noite, trazendo uma escurid\u00e3o assustadora ao meio-dia.<\/p>\n<p>Segundo relatos locais, houve tempestades acompanhadas de granizo e nuvens de grande desenvolvimento vertical.<\/p>\n<p><strong>Consequ\u00eancias da fuligem<\/strong><br \/>A fuligem \u00e9 um material particulado que pode permanecer suspenso no ar por longos per\u00edodos e percorrer grandes dist\u00e2ncias.<\/p>\n<p>Formada pela combust\u00e3o incompleta de combust\u00edveis f\u00f3sseis e biomassa, ela pode ter s\u00e9rios impactos ambientais e na sa\u00fade humana.<\/p>\n<p>Quando a fuligem se mistura com a umidade nas nuvens, ela age como n\u00facleos de condensa\u00e7\u00e3o, formando gotas contaminadas que precipitam como chuva preta.<\/p>\n<p>Esta pode afetar corpos d\u2019\u00e1gua, solos e vegeta\u00e7\u00e3o, al\u00e9m de deixar uma camada de sujeira em superf\u00edcies urbanas, aumentando os custos de manuten\u00e7\u00e3o.<\/p>\n<p><strong>\u00c1reas afetadas pela chuva preta<\/strong><br \/>Na \u00faltima quinta-feira, Porto Alegre e grande parte do interior do Rio Grande do Sul presenciaram uma situa\u00e7\u00e3o incomum de polui\u00e7\u00e3o, com enorme quantidade de fuma\u00e7a junto \u00e0 superf\u00edcie, c\u00e9u laranja e qualidade do ar considerada ruim ou muito ruim.<\/p>\n<p>A chuva preta foi registrada tamb\u00e9m no norte do Uruguai, prov\u00edncias argentinas de Corrientes e Missiones, oeste de Santa Catarina e diversas \u00e1reas do sul do Paraguai.<\/p>\n<p>Essa combina\u00e7\u00e3o de chuva e fuligem marcou profundamente as regi\u00f5es afetadas.<\/p>\n<p>Imagem: Inmet<\/p>\n<p><strong>Previs\u00f5es de chuvas com fuligem<\/strong><br \/>As previs\u00f5es da MetSul Meteorologia indicam que muitas nuvens continuar\u00e3o a persistir no Rio Grande do Sul devido \u00e0 atua\u00e7\u00e3o de uma frente semi-estacion\u00e1ria e um centro de baixa press\u00e3o atmosf\u00e9rica.<\/p>\n<p>A maioria das cidades do estado dever\u00e1 registrar chuva, podendo ser localmente forte com granizo isolado.<\/p>\n<p>H\u00e1 tamb\u00e9m a possibilidade de chuva preta em diversas regi\u00f5es de Santa Catarina, com exce\u00e7\u00e3o do nordeste do estado, que n\u00e3o deve ter precipita\u00e7\u00e3o.<\/p>\n<p>A chuva preta pode cair ainda no sudoeste do Paran\u00e1 e diversas outras regi\u00f5es conforme o avan\u00e7o do sistema frontal no fim de semana.<\/p>\n<p><strong>Impactos da chuva preta<\/strong><\/p>\n<ul>\n<li>Degrada\u00e7\u00e3o de superf\u00edcies urbanas<\/li>\n<li>Aumento dos custos de manuten\u00e7\u00e3o<\/li>\n<li>Contamina\u00e7\u00e3o de solos e corpos d\u2019\u00e1gua<\/li>\n<li>Problemas respirat\u00f3rios nas popula\u00e7\u00f5es afetadas<\/li>\n<\/ul>\n<p><strong>Medidas preven\u00e7\u00e3o<\/strong><\/p>\n<ul>\n<li>Evitar atividades ao ar livre durante a chuva preta<\/li>\n<li>Instala\u00e7\u00e3o de filtros em sistemas de ventila\u00e7\u00e3o<\/li>\n<li>Monitoramento constante da qualidade do ar<\/li>\n<li>Campanhas de conscientiza\u00e7\u00e3o sobre o impacto das queimadas<\/li>\n<\/ul>\n<p>Fonte: MetSul Meteorologia e O antagonista<\/p>\n<\/p><\/div>\n<p><br \/>\n<br \/><a href=\"https:\/\/diariodobrasilnoticias.com.br\/noticia\/chuva-preta-avanca-e-assusta-a-populacao-veja-onde-havera-o-ceu-apocaliptico-66e41e017fbb9\">Source link <\/a><\/p>","protected":false},"excerpt":{"rendered":"<p>Uma frente fria avan\u00e7ou na \u00faltima quinta-feira, 12, trazendo um fen\u00f4meno peculiar e preocupante: a chuva preta. Este fen\u00f4meno, que combina precipita\u00e7\u00e3o de \u00e1gua com fuligem, foi registrado em quatro&hellip;<\/p>","protected":false},"author":1,"featured_media":36558,"comment_status":"closed","ping_status":"open","sticky":false,"template":"","format":"standard","meta":{"content-type":"","footnotes":""},"categories":[16],"tags":[123,2448,5313,1267],"class_list":["post-36557","post","type-post","status-publish","format-standard","has-post-thumbnail","hentry","category-noticias","tag-brasil","tag-diario","tag-noticia","tag-noticias"],"_links":{"self":[{"href":"https:\/\/tvbrazilusa.com\/pt\/wp-json\/wp\/v2\/posts\/36557","targetHints":{"allow":["GET"]}}],"collection":[{"href":"https:\/\/tvbrazilusa.com\/pt\/wp-json\/wp\/v2\/posts"}],"about":[{"href":"https:\/\/tvbrazilusa.com\/pt\/wp-json\/wp\/v2\/types\/post"}],"author":[{"embeddable":true,"href":"https:\/\/tvbrazilusa.com\/pt\/wp-json\/wp\/v2\/users\/1"}],"replies":[{"embeddable":true,"href":"https:\/\/tvbrazilusa.com\/pt\/wp-json\/wp\/v2\/comments?post=36557"}],"version-history":[{"count":1,"href":"https:\/\/tvbrazilusa.com\/pt\/wp-json\/wp\/v2\/posts\/36557\/revisions"}],"predecessor-version":[{"id":36559,"href":"https:\/\/tvbrazilusa.com\/pt\/wp-json\/wp\/v2\/posts\/36557\/revisions\/36559"}],"wp:featuredmedia":[{"embeddable":true,"href":"https:\/\/tvbrazilusa.com\/pt\/wp-json\/wp\/v2\/media\/36558"}],"wp:attachment":[{"href":"https:\/\/tvbrazilusa.com\/pt\/wp-json\/wp\/v2\/media?parent=36557"}],"wp:term":[{"taxonomy":"category","embeddable":true,"href":"https:\/\/tvbrazilusa.com\/pt\/wp-json\/wp\/v2\/categories?post=36557"},{"taxonomy":"post_tag","embeddable":true,"href":"https:\/\/tvbrazilusa.com\/pt\/wp-json\/wp\/v2\/tags?post=36557"}],"curies":[{"name":"wp","href":"https:\/\/api.w.org\/{rel}","templated":true}]}}