{"id":36563,"date":"2024-09-13T12:54:49","date_gmt":"2024-09-13T12:54:49","guid":{"rendered":"https:\/\/tvbrazilusa.com\/2024\/09\/13\/nfl-diz-que-kyle-van-noy-recebeu-cuidados-adequados-da-equipe-medica-dos-chiefs-apos-machucar-o-olho\/"},"modified":"2024-09-13T12:57:13","modified_gmt":"2024-09-13T12:57:13","slug":"nfl-diz-que-kyle-van-noy-recebeu-cuidados-adequados-da-equipe-medica-dos-chiefs-apos-machucar-o-olho","status":"publish","type":"post","link":"https:\/\/tvbrazilusa.com\/pt\/2024\/09\/13\/nfl-diz-que-kyle-van-noy-recebeu-cuidados-adequados-da-equipe-medica-dos-chiefs-apos-machucar-o-olho\/","title":{"rendered":"NFL diz que Kyle Van Noy recebeu cuidados adequados da equipe m\u00e9dica dos Chiefs ap\u00f3s machucar o olho"},"content":{"rendered":"<p> <script async src=\"https:\/\/pagead2.googlesyndication.com\/pagead\/js\/adsbygoogle.js?client=ca-pub-8864793242727901\"\r\n     crossorigin=\"anonymous\"><\/script><br \/>\n<\/p>\n<div id=\"\">\n<header class=\"m-article-header m-article-header--standard\">\n\t\t\t\t\t\t\t\t\t\t\t\t<span id=\"article-header-primary-term\"><br \/>\n\t\t\t\t\t\t\t\t<a class=\"a-term a-term--primary\" href=\"https:\/\/www.boston.com\/tag\/sports-news\/\"><\/p>\n<p>\t\t\t\t\t\t\t\tNot\u00edcias esportivas\t\t\t\t\t\t\t\t<\/a><br \/>\n\t\t\t\t\t\t\t<\/span><\/p>\n<h2 class=\"m-article-header__sub-headline\">O linebacker disse que ficou \u201cdecepcionado\u201d com o tempo que os m\u00e9dicos do Chiefs levaram para v\u00ea-lo no vesti\u00e1rio.<\/h2>\n<figure class=\"a-photo m-article-header__photo\"><figcaption class=\"a-photo__caption\">\n<p>\tARQUIVO &#8211; Kyle Van Noy participa de treinos antes do jogo contra os Chiefs.<em> AP Photo \/ Reed Hoffmann, Arquivo)<\/em>\t<\/figcaption><\/figure>\n<div class=\"m-article-header__meta\">\n<div class=\"m-article-header__byline\">\n<p class=\"m-article-header__author\">\n<p>\t\t\t\t\t\t\t\tPor ROB MAADDI, Associated Press\t\t\t\t\t\t\t<\/p>\n<p>\t\t\t\t\t\t    \t\t\t\t\t\t\t<time class=\"m-article-header__date\"><\/p>\n<p>        \t\t\t\t\t\t\t13 de setembro de 2024 | 8:54 AM    \t\t\t\t\t\t\t<\/time><\/p><\/div>\n<\/p><\/div>\n<\/header>\n<p>O <a href=\"https:\/\/www.boston.com\/tag\/nfl\/\">NFL<\/a> diz que o linebacker do Baltimore Ravens, Kyle Van Noy, recebeu atendimento \u201cadequado\u201d da equipe m\u00e9dica de Kansas City ap\u00f3s sofrer uma les\u00e3o no olho durante a abertura da temporada do time na semana passada.<\/p>\n<p>\u201c\u00c9 decepcionante que a NFLPA publique conclus\u00f5es sem suporte sem tentar entender os fatos. Revisamos o caso com as equipes m\u00e9dicas dos Chiefs e dos Ravens e estamos confort\u00e1veis \u200b\u200bque ele recebeu o tratamento apropriado\u201d, disse a liga na quinta-feira \u00e0 noite em uma declara\u00e7\u00e3o divulgada pelo porta-voz Brian McCarthy.<\/p>\n<p>Van Noy machucou o olho direito no terceiro quarto do primeiro jogo da NFL na semana passada e disse que ficou &#8220;decepcionado&#8221; com o tempo que os m\u00e9dicos do Chiefs levaram para v\u00ea-lo no vesti\u00e1rio depois de deixar o campo.<\/p>\n<p>\u201cQuando voc\u00ea se machuca, especialmente algo que pode ser s\u00e9rio como o meu, voc\u00ea deve confiar na equipe de treinamento do time ou em seus m\u00e9dicos, e eu deveria consultar um oftalmologista\u201d, disse Van Noy na ter\u00e7a-feira em seu podcast com o defensive tackle aposentado Gerald McCoy. \u201cEles levaram um quarto inteiro para descer e falar comigo no vesti\u00e1rio, o que para mim \u00e9 inaceit\u00e1vel porque ent\u00e3o voc\u00ea come\u00e7a a pensar: &#8216;E se eu estivesse tentando voltar ao jogo? E se eu estivesse realmente, realmente machucado? Eu sei que o meu aconteceu de ser moderado, mas ainda era s\u00e9rio porque \u00e9 um olho e sua expectativa de algu\u00e9m estar l\u00e1, como a equipe de treinamento pediu que eles estivessem l\u00e1, teria tido um pouco mais de urg\u00eancia.\u201d<\/p>\n<p>Os Chiefs n\u00e3o comentaram os coment\u00e1rios de Van Noy, que tamb\u00e9m fizeram refer\u00eancia \u00e0 organiza\u00e7\u00e3o ter recebido nota baixa por sua equipe de treinamento nos boletins da NFLPA.<\/p>\n<p>O diretor executivo da NFLPA, Lloyd Howell, que visitou os Ravens na quinta-feira como parte de sua turn\u00ea pela liga, disse aos rep\u00f3rteres que o tratamento m\u00e9dico no local deve ser fornecido &#8220;o mais r\u00e1pido poss\u00edvel&#8221;, de acordo com o acordo de negocia\u00e7\u00e3o coletiva.<\/p>\n<p>\u201cAcho que foi uma situa\u00e7\u00e3o infeliz em que isso n\u00e3o ocorreu\u201d, disse Howell. \u201cGra\u00e7as a Deus pela situa\u00e7\u00e3o de Kyle (que) n\u00e3o foi pior. Mas aqui estamos com o primeiro jogo da temporada; temos muito mais jogos para jogar. Simplesmente n\u00e3o podemos ter isso.\u201d<\/p>\n<div class=\"m-block m-generic-cta\t m-generic-cta--post-content\t m-generic-cta--dark\t m-generic-cta--homepage\t m-generic-cta--email-signup\t\t m-generic-cta-block-style--default \tt-amp__generic-cta\"><\/p>\n<div class=\"m-generic-cta__wrap\">\n<div class=\"m-generic-cta__content\">\n<h3 class=\"m-generic-cta__title\">Receba as \u00faltimas not\u00edcias esportivas de Boston<\/h3>\n<p class=\"m-generic-cta__subtitle\">Receba atualiza\u00e7\u00f5es sobre seus times favoritos de Boston, diretamente da nossa reda\u00e7\u00e3o para sua caixa de entrada.<\/p>\n<\/p><\/div>\n<\/p><\/div>\n<\/div><\/div>\n<p><script>\n\t\tvar consent=\"grant\";\n\t\t\/* The above code is parsing the JSON data from the local storage and storing it in a variable. *\/\n\t\t\t\t\tconst onetrustStorageConsent = JSON.parse(localStorage.getItem( 'consent_one_trust_bdc' ) );\n\t\t\tif ( ( onetrustStorageConsent !== null ) ) {\n\t\t\t\t\/* Checking to see if the user has consented to the use of cookies.\n\t\t\t\t* If they have not, it is deleting the cookie.\n\t\t\t\t* This will comment for now, until further notice.\n\t\t\t\t*\/\n\t\t\t\t\/\/if ( onetrustStorageConsent.C0002 === false ) {\n\t\t\t\t\/\/\tdocument.cookie=\"_fbp=;expires=Thu, 01 Jan 2010 00:00:00 UTC; path=\/; domain=.boston.com\";\n\t\t\t\t\/\/}\n\t\t\t\t\/* Checking if the user has given consent for the cookie C0002.\n\t\t\t\t* If the user has given consent, the variable consent will be set to 'grant'.\n\t\t\t\t* If the user has not given consent,the variable consent will be set to 'revoke'.\n\t\t\t\t* Documentation https:\/\/developers.facebook.com\/docs\/meta-pixel\/implementation\/gdpr\n\t\t\t\t*\/\n\t\t\t\tif ( onetrustStorageConsent.C0002 !== true ) {\n\t\t\t\t\tconsent=\"revoke\";\n\t\t\t\t}\n\t\t\t}\n\t\t\t\t!function(f,b,e,v,n,t,s)\n\t\t{if(f.fbq)return;n=f.fbq=function(){n.callMethod?\n\t\tn.callMethod.apply(n,arguments):n.queue.push(arguments)};\n\t\tif(!f._fbq)f._fbq=n;n.push=n;n.loaded=!0;n.version='2.0';\n\t\tn.queue=[];t=b.createElement(e);t.async=!0;\n\t\tt.src=v;s=b.getElementsByTagName(e)[0];\n\t\ts.parentNode.insertBefore(t,s)}(window, document,'script',\n\t\t'https:\/\/connect.facebook.net\/en_US\/fbevents.js');\n\t\tfbq('consent', consent);\n\t\tfbq('init', '989222871864976');\n\t\tfbq('track', 'PageView');\n\t<\/script><script type=\"module\">\n\t\tvar consent=\"grant\";\n\t\t\/* The above code is parsing the JSON data from the local storage and storing it in a variable. *\/\n\t\t\tconst onetrustStorageConsent = JSON.parse(localStorage.getItem( 'consent_one_trust_bdc' ) );\n\t\t\t\/* Checking to see if the user has consented to the use of cookies.\n\t\t\t* If they have not, it is deleting the cookie.\n\t\t\t* This will comment for now, until further notice.\n\t\t\t*\/\n\t\t\t\/\/if ( onetrustStorageConsent.C0002 === false ) {\n\t\t\t\/\/\tdocument.cookie=\"_fbp=;expires=Thu, 01 Jan 2010 00:00:00 UTC; path=\/; domain=.boston.com\";\n\t\t\t\/\/}\n\t\t\t\/* Checking if the user has given consent for the cookie C0002.\n\t\t\t* If the user has given consent, the variable consent will be set to 'grant'.\n\t\t\t* If the user has not given consent,the variable consent will be set to 'revoke'.\n\t\t\t* Documentation https:\/\/developers.facebook.com\/docs\/meta-pixel\/implementation\/gdpr\n\t\t\t*\/\n\t\t\tif ( ( onetrustStorageConsent !== null ) && (onetrustStorageConsent.C0002 !== true ) ) {\n\t\t\t\tconsent=\"revoke\";\n\t\t\t}\n\t\t\t\t!function(f,b,e,v,n,t,s){if(f.fbq)return;n=f.fbq=function()\n\t\t{n.callMethod? n.callMethod.apply(n,arguments):n.queue.push(arguments)}\n\t\t;if(!f._fbq)f._fbq=n;\n\t\tn.push=n;n.loaded=!0;n.version='2.0';n.queue=[];t=b.createElement(e);t.async=!0;\n\t\tt.src=v;s=b.getElementsByTagName(e)[0];s.parentNode.insertBefore(t,s)}(window,\n\t\tdocument,'script','https:\/\/connect.facebook.net\/en_US\/fbevents.js');\n\t\tfbq('consent', consent);\n\t\tfbq('init', '813236348753005');\n\t\tfbq('track', \"PageView\");\n\t<\/script><br \/>\n<br \/><br \/>\n<br \/><a href=\"https:\/\/www.boston.com\/sports\/sports-news\/2024\/09\/13\/kyle-van-noy-chiefs-doctors-eye-injury-nfl\/\">Source link <\/a><\/p>","protected":false},"excerpt":{"rendered":"<p>Not\u00edcias esportivas O linebacker disse que ficou \u201cdecepcionado\u201d com o tempo que os m\u00e9dicos do Chiefs levaram para v\u00ea-lo no vesti\u00e1rio. ARQUIVO &#8211; Kyle Van Noy participa de treinos antes&hellip;<\/p>","protected":false},"author":1,"featured_media":36564,"comment_status":"closed","ping_status":"open","sticky":false,"template":"","format":"standard","meta":{"content-type":"","footnotes":""},"categories":[1],"tags":[],"class_list":["post-36563","post","type-post","status-publish","format-standard","has-post-thumbnail","hentry","category-uncategorized"],"_links":{"self":[{"href":"https:\/\/tvbrazilusa.com\/pt\/wp-json\/wp\/v2\/posts\/36563","targetHints":{"allow":["GET"]}}],"collection":[{"href":"https:\/\/tvbrazilusa.com\/pt\/wp-json\/wp\/v2\/posts"}],"about":[{"href":"https:\/\/tvbrazilusa.com\/pt\/wp-json\/wp\/v2\/types\/post"}],"author":[{"embeddable":true,"href":"https:\/\/tvbrazilusa.com\/pt\/wp-json\/wp\/v2\/users\/1"}],"replies":[{"embeddable":true,"href":"https:\/\/tvbrazilusa.com\/pt\/wp-json\/wp\/v2\/comments?post=36563"}],"version-history":[{"count":1,"href":"https:\/\/tvbrazilusa.com\/pt\/wp-json\/wp\/v2\/posts\/36563\/revisions"}],"predecessor-version":[{"id":36565,"href":"https:\/\/tvbrazilusa.com\/pt\/wp-json\/wp\/v2\/posts\/36563\/revisions\/36565"}],"wp:featuredmedia":[{"embeddable":true,"href":"https:\/\/tvbrazilusa.com\/pt\/wp-json\/wp\/v2\/media\/36564"}],"wp:attachment":[{"href":"https:\/\/tvbrazilusa.com\/pt\/wp-json\/wp\/v2\/media?parent=36563"}],"wp:term":[{"taxonomy":"category","embeddable":true,"href":"https:\/\/tvbrazilusa.com\/pt\/wp-json\/wp\/v2\/categories?post=36563"},{"taxonomy":"post_tag","embeddable":true,"href":"https:\/\/tvbrazilusa.com\/pt\/wp-json\/wp\/v2\/tags?post=36563"}],"curies":[{"name":"wp","href":"https:\/\/api.w.org\/{rel}","templated":true}]}}