{"id":36566,"date":"2024-09-13T13:01:00","date_gmt":"2024-09-13T13:01:00","guid":{"rendered":"https:\/\/tvbrazilusa.com\/2024\/09\/13\/dia-de-sao-patricio-em-setembro-algumas-cidades-de-nj-estao-comecando-a-festa-mais-cedo\/"},"modified":"2024-09-13T13:02:59","modified_gmt":"2024-09-13T13:02:59","slug":"dia-de-sao-patricio-em-setembro-algumas-cidades-de-nj-estao-comecando-a-festa-mais-cedo","status":"publish","type":"post","link":"https:\/\/tvbrazilusa.com\/pt\/2024\/09\/13\/dia-de-sao-patricio-em-setembro-algumas-cidades-de-nj-estao-comecando-a-festa-mais-cedo\/","title":{"rendered":"Dia de S\u00e3o Patr\u00edcio em&#8230; setembro? Algumas cidades de NJ est\u00e3o come\u00e7ando a festa mais cedo."},"content":{"rendered":"<p> <script async src=\"https:\/\/pagead2.googlesyndication.com\/pagead\/js\/adsbygoogle.js?client=ca-pub-8864793242727901\"\r\n     crossorigin=\"anonymous\"><\/script><br \/>\n<\/p>\n<p>Aparentemente, nunca \u00e9 cedo ou tarde demais para comemorar o Dia de S\u00e3o Patr\u00edcio em Nova Jersey.<\/p>\n<p><br \/>\n<br \/><a href=\"https:\/\/www.nj.com\/news\/2024\/09\/theres-a-st-patricks-day-parade-in-nj-this-weekend-6-months-early.html\">Source link <\/a><\/p>","protected":false},"excerpt":{"rendered":"<p>Aparentemente, nunca \u00e9 cedo ou tarde demais para comemorar o Dia de S\u00e3o Patr\u00edcio em Nova Jersey. Source link<\/p>","protected":false},"author":1,"featured_media":36567,"comment_status":"closed","ping_status":"open","sticky":false,"template":"","format":"standard","meta":{"content-type":"","footnotes":""},"categories":[1],"tags":[],"class_list":["post-36566","post","type-post","status-publish","format-standard","has-post-thumbnail","hentry","category-uncategorized"],"_links":{"self":[{"href":"https:\/\/tvbrazilusa.com\/pt\/wp-json\/wp\/v2\/posts\/36566","targetHints":{"allow":["GET"]}}],"collection":[{"href":"https:\/\/tvbrazilusa.com\/pt\/wp-json\/wp\/v2\/posts"}],"about":[{"href":"https:\/\/tvbrazilusa.com\/pt\/wp-json\/wp\/v2\/types\/post"}],"author":[{"embeddable":true,"href":"https:\/\/tvbrazilusa.com\/pt\/wp-json\/wp\/v2\/users\/1"}],"replies":[{"embeddable":true,"href":"https:\/\/tvbrazilusa.com\/pt\/wp-json\/wp\/v2\/comments?post=36566"}],"version-history":[{"count":1,"href":"https:\/\/tvbrazilusa.com\/pt\/wp-json\/wp\/v2\/posts\/36566\/revisions"}],"predecessor-version":[{"id":36568,"href":"https:\/\/tvbrazilusa.com\/pt\/wp-json\/wp\/v2\/posts\/36566\/revisions\/36568"}],"wp:featuredmedia":[{"embeddable":true,"href":"https:\/\/tvbrazilusa.com\/pt\/wp-json\/wp\/v2\/media\/36567"}],"wp:attachment":[{"href":"https:\/\/tvbrazilusa.com\/pt\/wp-json\/wp\/v2\/media?parent=36566"}],"wp:term":[{"taxonomy":"category","embeddable":true,"href":"https:\/\/tvbrazilusa.com\/pt\/wp-json\/wp\/v2\/categories?post=36566"},{"taxonomy":"post_tag","embeddable":true,"href":"https:\/\/tvbrazilusa.com\/pt\/wp-json\/wp\/v2\/tags?post=36566"}],"curies":[{"name":"wp","href":"https:\/\/api.w.org\/{rel}","templated":true}]}}