{"id":36578,"date":"2024-09-13T13:24:21","date_gmt":"2024-09-13T13:24:21","guid":{"rendered":"https:\/\/tvbrazilusa.com\/2024\/09\/13\/justica-cancela-provas-de-concurso-que-suzane-von-richthofen-prestou-veja-motivo\/"},"modified":"2024-09-13T13:24:22","modified_gmt":"2024-09-13T13:24:22","slug":"justica-cancela-provas-de-concurso-que-suzane-von-richthofen-prestou-veja-motivo","status":"publish","type":"post","link":"https:\/\/tvbrazilusa.com\/pt\/2024\/09\/13\/justica-cancela-provas-de-concurso-que-suzane-von-richthofen-prestou-veja-motivo\/","title":{"rendered":"Justi\u00e7a cancela provas de concurso que Suzane von Richthofen prestou; veja motivo"},"content":{"rendered":"<p> <script async src=\"https:\/\/pagead2.googlesyndication.com\/pagead\/js\/adsbygoogle.js?client=ca-pub-8864793242727901\"\r\n     crossorigin=\"anonymous\"><\/script><br \/>\n<\/p>\n<div id=\"taboola-read-more\" style=\"display:block; width:100%\">\n<p>O Tribunal de Justi\u00e7a de S\u00e3o Paulo (TJSP) anulou a prova realizada no \u00faltimo domingo (8\/9) para o concurso de escrevente t\u00e9cnico judici\u00e1rio. De acordo com o tribunal, a anula\u00e7\u00e3o alcan\u00e7a apenas a capital paulista. Nas demais regi\u00f5es do estado seguem v\u00e1lidas os exames j\u00e1 realizados<\/p>\n<p>Em nota, o TJSP afirma que o motivo seria um erro no hor\u00e1rio de encerramento da prova. Segundo o tribunal, em um dos locais onde o exame foi realizado, a fiscal de sala encerrou o prova uma hora antes do hor\u00e1rio determinado. &#8220;Para n\u00e3o prejudicar os candidatos que ali estavam, em homenagem \u00e0 isonomia, a Presid\u00eancia do TJSP decidiu que ser\u00e1 realizada nova prova objetiva, em data a ser definida&#8221;, informa o \u00f3rg\u00e3o.<\/p>\n<p>O \u00f3rg\u00e3o ainda ressaltou que &#8220;oportunamente ser\u00e3o divulgadas mais informa\u00e7\u00f5es pela Vunesp e pelos canais de comunica\u00e7\u00e3o do TJSP&#8221;, finaliza o comunicado.<\/p>\n<p><strong>Suzane von Richthofen prestou o concurso<\/strong><br \/>Suzane von Richthofen, que cumpre pena em liberdade pela morte dos pais, prestou o concurso p\u00fablico do TJSP. Ela est\u00e1 inscrita com o nome que usa atualmente, Suzane Louise Magnani Muniz. Suzane realizou o exame em um col\u00e9gio do bairro Cambu\u00ed, em Campinas.<\/p>\n<p><strong>Sobre o concurso <\/strong><br \/>S\u00e3o ofertadas 572 vagas para escrevente t\u00e9cnico judici\u00e1rio, cargo de n\u00edvel m\u00e9dio, cuja remunera\u00e7\u00e3o \u00e9 de R$ 6.043,54, al\u00e9m de benef\u00edcios como aux\u00edlio-alimenta\u00e7\u00e3o, sa\u00fade e transporte.<\/p>\n<p>A prova objetiva conteve 100 quest\u00f5es de m\u00faltipla escolha distribu\u00eddas nos seguintes conte\u00fados: l\u00edngua portuguesa, direito e gerais (atualidades, matem\u00e1tica, inform\u00e1tica e racioc\u00ednio l\u00f3gico).<\/p>\n<p>O certame reuniu mais de 180 mil inscritos. De acordo com a estat\u00edstica de inscritos, a capital paulista tem o maior n\u00famero de inscritos, sendo 89.856.<\/p>\n<p>Fonte: Correio Braziliense<\/p>\n<\/p><\/div>\n<p><br \/>\n<br \/><a href=\"https:\/\/diariodobrasilnoticias.com.br\/noticia\/justica-cancela-provas-de-concurso-que-suzane-von-richthofen-prestou-veja-motivo-66e439265abac\">Source link <\/a><\/p>","protected":false},"excerpt":{"rendered":"<p>O Tribunal de Justi\u00e7a de S\u00e3o Paulo (TJSP) anulou a prova realizada no \u00faltimo domingo (8\/9) para o concurso de escrevente t\u00e9cnico judici\u00e1rio. De acordo com o tribunal, a anula\u00e7\u00e3o&hellip;<\/p>","protected":false},"author":1,"featured_media":36579,"comment_status":"closed","ping_status":"open","sticky":false,"template":"","format":"standard","meta":{"content-type":"","footnotes":""},"categories":[16],"tags":[123,2448,5313,1267],"class_list":["post-36578","post","type-post","status-publish","format-standard","has-post-thumbnail","hentry","category-noticias","tag-brasil","tag-diario","tag-noticia","tag-noticias"],"_links":{"self":[{"href":"https:\/\/tvbrazilusa.com\/pt\/wp-json\/wp\/v2\/posts\/36578","targetHints":{"allow":["GET"]}}],"collection":[{"href":"https:\/\/tvbrazilusa.com\/pt\/wp-json\/wp\/v2\/posts"}],"about":[{"href":"https:\/\/tvbrazilusa.com\/pt\/wp-json\/wp\/v2\/types\/post"}],"author":[{"embeddable":true,"href":"https:\/\/tvbrazilusa.com\/pt\/wp-json\/wp\/v2\/users\/1"}],"replies":[{"embeddable":true,"href":"https:\/\/tvbrazilusa.com\/pt\/wp-json\/wp\/v2\/comments?post=36578"}],"version-history":[{"count":1,"href":"https:\/\/tvbrazilusa.com\/pt\/wp-json\/wp\/v2\/posts\/36578\/revisions"}],"predecessor-version":[{"id":36580,"href":"https:\/\/tvbrazilusa.com\/pt\/wp-json\/wp\/v2\/posts\/36578\/revisions\/36580"}],"wp:featuredmedia":[{"embeddable":true,"href":"https:\/\/tvbrazilusa.com\/pt\/wp-json\/wp\/v2\/media\/36579"}],"wp:attachment":[{"href":"https:\/\/tvbrazilusa.com\/pt\/wp-json\/wp\/v2\/media?parent=36578"}],"wp:term":[{"taxonomy":"category","embeddable":true,"href":"https:\/\/tvbrazilusa.com\/pt\/wp-json\/wp\/v2\/categories?post=36578"},{"taxonomy":"post_tag","embeddable":true,"href":"https:\/\/tvbrazilusa.com\/pt\/wp-json\/wp\/v2\/tags?post=36578"}],"curies":[{"name":"wp","href":"https:\/\/api.w.org\/{rel}","templated":true}]}}