{"id":36586,"date":"2024-09-13T13:36:33","date_gmt":"2024-09-13T13:36:33","guid":{"rendered":"https:\/\/tvbrazilusa.com\/2024\/09\/13\/jornalista-lamenta-brigas-e-divisoes-da-direita-em-publico\/"},"modified":"2024-09-13T13:36:34","modified_gmt":"2024-09-13T13:36:34","slug":"jornalista-lamenta-brigas-e-divisoes-da-direita-em-publico","status":"publish","type":"post","link":"https:\/\/tvbrazilusa.com\/pt\/2024\/09\/13\/jornalista-lamenta-brigas-e-divisoes-da-direita-em-publico\/","title":{"rendered":"Jornalista lamenta brigas e divis\u00f5es da direita em p\u00fablico"},"content":{"rendered":"<p> <script async src=\"https:\/\/pagead2.googlesyndication.com\/pagead\/js\/adsbygoogle.js?client=ca-pub-8864793242727901\"\r\n     crossorigin=\"anonymous\"><\/script><br \/>\n<\/p>\n<div id=\"taboola-read-more\" style=\"display:block; width:100%\">\n<p>A jornalista Carla Cecato usou as redes sociais nesta quarta-feira (11) para comentar as brigas e divis\u00f5es do espectro pol\u00edtico de direita em meio \u00e0s elei\u00e7\u00f5es municipais deste ano.<\/p>\n<p>Cecato citou nominalmente os nomes do pastor Silas Malafaia, al\u00e9m do candidato a prefeito de S\u00e3o Paulo, Pablo Mar\u00e7al (PRTB). No v\u00eddeo, ela diz lamentar a exposi\u00e7\u00e3o p\u00fablica que a direita faz perante os advers\u00e1rios.<\/p>\n<p>A jornalista chega a dizer, entre outras coisas, que a esquerda, em contrapartida, resolve suas diverg\u00eancias em \u2018off\u2019, longe dos holofotes, enquanto publicamente mant\u00e9m alinhamento m\u00e1ximo para, segundo ela, manter-se no poder.<\/p>\n<p>Fonte: Conex\u00e3o Pol\u00edtica<\/p>\n<\/p><\/div>\n<p><br \/>\n<br \/><a href=\"https:\/\/diariodobrasilnoticias.com.br\/noticia\/jornalista-lamenta-brigas-e-divisoes-da-direita-em-publico-66e43a7046efb\">Source link <\/a><\/p>","protected":false},"excerpt":{"rendered":"<p>A jornalista Carla Cecato usou as redes sociais nesta quarta-feira (11) para comentar as brigas e divis\u00f5es do espectro pol\u00edtico de direita em meio \u00e0s elei\u00e7\u00f5es municipais deste ano. Cecato&hellip;<\/p>","protected":false},"author":1,"featured_media":36587,"comment_status":"closed","ping_status":"open","sticky":false,"template":"","format":"standard","meta":{"content-type":"","footnotes":""},"categories":[16],"tags":[123,2448,5313,1267],"class_list":["post-36586","post","type-post","status-publish","format-standard","has-post-thumbnail","hentry","category-noticias","tag-brasil","tag-diario","tag-noticia","tag-noticias"],"_links":{"self":[{"href":"https:\/\/tvbrazilusa.com\/pt\/wp-json\/wp\/v2\/posts\/36586","targetHints":{"allow":["GET"]}}],"collection":[{"href":"https:\/\/tvbrazilusa.com\/pt\/wp-json\/wp\/v2\/posts"}],"about":[{"href":"https:\/\/tvbrazilusa.com\/pt\/wp-json\/wp\/v2\/types\/post"}],"author":[{"embeddable":true,"href":"https:\/\/tvbrazilusa.com\/pt\/wp-json\/wp\/v2\/users\/1"}],"replies":[{"embeddable":true,"href":"https:\/\/tvbrazilusa.com\/pt\/wp-json\/wp\/v2\/comments?post=36586"}],"version-history":[{"count":1,"href":"https:\/\/tvbrazilusa.com\/pt\/wp-json\/wp\/v2\/posts\/36586\/revisions"}],"predecessor-version":[{"id":36588,"href":"https:\/\/tvbrazilusa.com\/pt\/wp-json\/wp\/v2\/posts\/36586\/revisions\/36588"}],"wp:featuredmedia":[{"embeddable":true,"href":"https:\/\/tvbrazilusa.com\/pt\/wp-json\/wp\/v2\/media\/36587"}],"wp:attachment":[{"href":"https:\/\/tvbrazilusa.com\/pt\/wp-json\/wp\/v2\/media?parent=36586"}],"wp:term":[{"taxonomy":"category","embeddable":true,"href":"https:\/\/tvbrazilusa.com\/pt\/wp-json\/wp\/v2\/categories?post=36586"},{"taxonomy":"post_tag","embeddable":true,"href":"https:\/\/tvbrazilusa.com\/pt\/wp-json\/wp\/v2\/tags?post=36586"}],"curies":[{"name":"wp","href":"https:\/\/api.w.org\/{rel}","templated":true}]}}