{"id":36592,"date":"2024-09-13T12:49:35","date_gmt":"2024-09-13T12:49:35","guid":{"rendered":"https:\/\/tvbrazilusa.com\/2024\/09\/13\/moderna-sediada-em-cambridge-apresenta-plano-para-cortar-gastos-com-pesquisa-e-desenvolvimento\/"},"modified":"2024-09-13T13:43:31","modified_gmt":"2024-09-13T13:43:31","slug":"moderna-sediada-em-cambridge-apresenta-plano-para-cortar-gastos-com-pesquisa-e-desenvolvimento","status":"publish","type":"post","link":"https:\/\/tvbrazilusa.com\/pt\/2024\/09\/13\/moderna-sediada-em-cambridge-apresenta-plano-para-cortar-gastos-com-pesquisa-e-desenvolvimento\/","title":{"rendered":"Moderna, sediada em Cambridge, apresenta plano para cortar gastos com pesquisa e desenvolvimento"},"content":{"rendered":"<p> <script async src=\"https:\/\/pagead2.googlesyndication.com\/pagead\/js\/adsbygoogle.js?client=ca-pub-8864793242727901\"\r\n     crossorigin=\"anonymous\"><\/script><br \/>\n<\/p>\n<div id=\"\">\n<header class=\"m-article-header m-article-header--standard\">\n\t\t\t\t\t\t\t\t\t\t\t\t<span id=\"article-header-primary-term\"><br \/>\n\t\t\t\t\t\t\t\t<a class=\"a-term a-term--primary\" href=\"https:\/\/www.boston.com\/tag\/business\/\"><\/p>\n<p>\t\t\t\t\t\t\t\tNeg\u00f3cios\t\t\t\t\t\t\t\t<\/a><br \/>\n\t\t\t\t\t\t\t<\/span><\/p>\n<h2 class=\"m-article-header__sub-headline\">A empresa tamb\u00e9m disse na quinta-feira que agora espera atingir o ponto de equil\u00edbrio em 2028. Em novembro passado, ela previu que isso aconteceria em 2026.<\/h2>\n<figure class=\"a-photo m-article-header__photo\"><figcaption class=\"a-photo__caption\">\n<p>\tUma placa marca a entrada de um pr\u00e9dio da Moderna em Cambridge, Massachusetts, em 18 de maio de 2020.<em> AP Photo\/Bill Sikes, Arquivo<\/em>\t<\/figcaption><\/figure>\n<div class=\"m-article-header__meta\">\n<div class=\"m-article-header__byline\">\n<p class=\"m-article-header__author\">\n<p>\t\t\t\t\t\t\t\tPor The Associated Press, Associated Press\t\t\t\t\t\t\t<\/p>\n<p>\t\t\t\t\t\t    \t\t\t\t\t\t\t<time class=\"m-article-header__date\"><\/p>\n<p>        \t\t\t\t\t\t\t13 de setembro de 2024 | 8h49    \t\t\t\t\t\t\t<\/time><\/p><\/div>\n<\/p><\/div>\n<\/header>\n<p>As a\u00e7\u00f5es da Moderna ca\u00edram na manh\u00e3 de quinta-feira depois que a desenvolvedora da vacina disse que estava cortando gastos com pesquisa e desenvolvimento e adiou seu prazo para atingir o ponto de equil\u00edbrio.<\/p>\n<p>A empresa tamb\u00e9m previu uma faixa de receita para 2025 abaixo das expectativas de Wall Street.<\/p>\n<p>A Moderna disse que planejou uma redu\u00e7\u00e3o de aproximadamente 20% nas despesas esperadas com pesquisa e desenvolvimento para 2025 a 2028, de US$ 20 bilh\u00f5es para US$ 16 bilh\u00f5es. Ela espera uma redu\u00e7\u00e3o de cerca de US$ 1,1 bilh\u00e3o em gastos anuais a partir de 2027 por meio de cortes de custos e pela prioriza\u00e7\u00e3o de seu portf\u00f3lio.<\/p>\n<p>A Moderna desenvolveu a vacina Spikevax COVID-19, e os reguladores aprovaram este ano sua vacina para RSV ou v\u00edrus sincicial respirat\u00f3rio. A empresa tamb\u00e9m tem uma vacina combinada contra gripe\/COVID e uma vacina contra RSV para adultos jovens de alto risco que espera submeter aos reguladores em 2024.<\/p>\n<p>A empresa tamb\u00e9m disse na quinta-feira que agora espera atingir o ponto de equil\u00edbrio em 2028. Em novembro passado, ela previu que isso aconteceria em 2026.<\/p>\n<p>Para 2025, a Moderna disse que espera uma receita entre US$ 2,5 bilh\u00f5es e US$ 3,5 bilh\u00f5es.<\/p>\n<p>Analistas preveem US$ 3,87 bilh\u00f5es, de acordo com a FactSet.<\/p>\n<p>As a\u00e7\u00f5es da Moderna Inc., sediada em Cambridge, Massachusetts, ca\u00edram 12%, para US$ 69,61, antes da abertura dos mercados na quinta-feira.<\/p>\n<p>Esse pre\u00e7o j\u00e1 caiu 20% neste ano, tendo come\u00e7ado 2024 em torno de US$ 100.<\/p>\n<div class=\"m-block m-generic-cta\t m-generic-cta--post-content\t m-generic-cta--dark\t m-generic-cta--homepage\t m-generic-cta--email-signup\t\t m-generic-cta-block-style--default \tt-amp__generic-cta\"><\/p>\n<div class=\"m-generic-cta__wrap\">\n<div class=\"m-generic-cta__content\">\n<h3 class=\"m-generic-cta__title\">Alertas de not\u00edcias extras<\/h3>\n<p class=\"m-generic-cta__subtitle\">Receba atualiza\u00e7\u00f5es de \u00faltima hora assim que elas acontecerem.<\/p>\n<\/p><\/div>\n<\/p><\/div>\n<\/div><\/div>\n<p><script>\n\t\tvar consent=\"grant\";\n\t\t\/* The above code is parsing the JSON data from the local storage and storing it in a variable. *\/\n\t\t\t\t\tconst onetrustStorageConsent = JSON.parse(localStorage.getItem( 'consent_one_trust_bdc' ) );\n\t\t\tif ( ( onetrustStorageConsent !== null ) ) {\n\t\t\t\t\/* Checking to see if the user has consented to the use of cookies.\n\t\t\t\t* If they have not, it is deleting the cookie.\n\t\t\t\t* This will comment for now, until further notice.\n\t\t\t\t*\/\n\t\t\t\t\/\/if ( onetrustStorageConsent.C0002 === false ) {\n\t\t\t\t\/\/\tdocument.cookie=\"_fbp=;expires=Thu, 01 Jan 2010 00:00:00 UTC; path=\/; domain=.boston.com\";\n\t\t\t\t\/\/}\n\t\t\t\t\/* Checking if the user has given consent for the cookie C0002.\n\t\t\t\t* If the user has given consent, the variable consent will be set to 'grant'.\n\t\t\t\t* If the user has not given consent,the variable consent will be set to 'revoke'.\n\t\t\t\t* Documentation https:\/\/developers.facebook.com\/docs\/meta-pixel\/implementation\/gdpr\n\t\t\t\t*\/\n\t\t\t\tif ( onetrustStorageConsent.C0002 !== true ) {\n\t\t\t\t\tconsent=\"revoke\";\n\t\t\t\t}\n\t\t\t}\n\t\t\t\t!function(f,b,e,v,n,t,s)\n\t\t{if(f.fbq)return;n=f.fbq=function(){n.callMethod?\n\t\tn.callMethod.apply(n,arguments):n.queue.push(arguments)};\n\t\tif(!f._fbq)f._fbq=n;n.push=n;n.loaded=!0;n.version='2.0';\n\t\tn.queue=[];t=b.createElement(e);t.async=!0;\n\t\tt.src=v;s=b.getElementsByTagName(e)[0];\n\t\ts.parentNode.insertBefore(t,s)}(window, document,'script',\n\t\t'https:\/\/connect.facebook.net\/en_US\/fbevents.js');\n\t\tfbq('consent', consent);\n\t\tfbq('init', '989222871864976');\n\t\tfbq('track', 'PageView');\n\t<\/script><script type=\"module\">\n\t\tvar consent=\"grant\";\n\t\t\/* The above code is parsing the JSON data from the local storage and storing it in a variable. *\/\n\t\t\tconst onetrustStorageConsent = JSON.parse(localStorage.getItem( 'consent_one_trust_bdc' ) );\n\t\t\t\/* Checking to see if the user has consented to the use of cookies.\n\t\t\t* If they have not, it is deleting the cookie.\n\t\t\t* This will comment for now, until further notice.\n\t\t\t*\/\n\t\t\t\/\/if ( onetrustStorageConsent.C0002 === false ) {\n\t\t\t\/\/\tdocument.cookie=\"_fbp=;expires=Thu, 01 Jan 2010 00:00:00 UTC; path=\/; domain=.boston.com\";\n\t\t\t\/\/}\n\t\t\t\/* Checking if the user has given consent for the cookie C0002.\n\t\t\t* If the user has given consent, the variable consent will be set to 'grant'.\n\t\t\t* If the user has not given consent,the variable consent will be set to 'revoke'.\n\t\t\t* Documentation https:\/\/developers.facebook.com\/docs\/meta-pixel\/implementation\/gdpr\n\t\t\t*\/\n\t\t\tif ( ( onetrustStorageConsent !== null ) && (onetrustStorageConsent.C0002 !== true ) ) {\n\t\t\t\tconsent=\"revoke\";\n\t\t\t}\n\t\t\t\t!function(f,b,e,v,n,t,s){if(f.fbq)return;n=f.fbq=function()\n\t\t{n.callMethod? n.callMethod.apply(n,arguments):n.queue.push(arguments)}\n\t\t;if(!f._fbq)f._fbq=n;\n\t\tn.push=n;n.loaded=!0;n.version='2.0';n.queue=[];t=b.createElement(e);t.async=!0;\n\t\tt.src=v;s=b.getElementsByTagName(e)[0];s.parentNode.insertBefore(t,s)}(window,\n\t\tdocument,'script','https:\/\/connect.facebook.net\/en_US\/fbevents.js');\n\t\tfbq('consent', consent);\n\t\tfbq('init', '813236348753005');\n\t\tfbq('track', \"PageView\");\n\t<\/script><br \/>\n<br \/><br \/>\n<br \/><a href=\"https:\/\/www.boston.com\/news\/business\/2024\/09\/13\/cambridge-massachusetts-moderna-lays-out-plan-slice-research-development-spending\/\">Source link <\/a><\/p>","protected":false},"excerpt":{"rendered":"<p>Neg\u00f3cios A empresa tamb\u00e9m disse na quinta-feira que agora espera atingir o ponto de equil\u00edbrio em 2028. Em novembro passado, ela previu que isso aconteceria em 2026. Uma placa marca&hellip;<\/p>","protected":false},"author":1,"featured_media":36593,"comment_status":"closed","ping_status":"open","sticky":false,"template":"","format":"standard","meta":{"content-type":"","footnotes":""},"categories":[1],"tags":[],"class_list":["post-36592","post","type-post","status-publish","format-standard","has-post-thumbnail","hentry","category-uncategorized"],"_links":{"self":[{"href":"https:\/\/tvbrazilusa.com\/pt\/wp-json\/wp\/v2\/posts\/36592","targetHints":{"allow":["GET"]}}],"collection":[{"href":"https:\/\/tvbrazilusa.com\/pt\/wp-json\/wp\/v2\/posts"}],"about":[{"href":"https:\/\/tvbrazilusa.com\/pt\/wp-json\/wp\/v2\/types\/post"}],"author":[{"embeddable":true,"href":"https:\/\/tvbrazilusa.com\/pt\/wp-json\/wp\/v2\/users\/1"}],"replies":[{"embeddable":true,"href":"https:\/\/tvbrazilusa.com\/pt\/wp-json\/wp\/v2\/comments?post=36592"}],"version-history":[{"count":1,"href":"https:\/\/tvbrazilusa.com\/pt\/wp-json\/wp\/v2\/posts\/36592\/revisions"}],"predecessor-version":[{"id":36594,"href":"https:\/\/tvbrazilusa.com\/pt\/wp-json\/wp\/v2\/posts\/36592\/revisions\/36594"}],"wp:featuredmedia":[{"embeddable":true,"href":"https:\/\/tvbrazilusa.com\/pt\/wp-json\/wp\/v2\/media\/36593"}],"wp:attachment":[{"href":"https:\/\/tvbrazilusa.com\/pt\/wp-json\/wp\/v2\/media?parent=36592"}],"wp:term":[{"taxonomy":"category","embeddable":true,"href":"https:\/\/tvbrazilusa.com\/pt\/wp-json\/wp\/v2\/categories?post=36592"},{"taxonomy":"post_tag","embeddable":true,"href":"https:\/\/tvbrazilusa.com\/pt\/wp-json\/wp\/v2\/tags?post=36592"}],"curies":[{"name":"wp","href":"https:\/\/api.w.org\/{rel}","templated":true}]}}