{"id":36595,"date":"2024-09-13T13:50:01","date_gmt":"2024-09-13T13:50:01","guid":{"rendered":"https:\/\/tvbrazilusa.com\/2024\/09\/13\/mae-e-padrasto-sao-presos-por-morte-de-menino-de-3-anos\/"},"modified":"2024-09-13T13:50:02","modified_gmt":"2024-09-13T13:50:02","slug":"mae-e-padrasto-sao-presos-por-morte-de-menino-de-3-anos","status":"publish","type":"post","link":"https:\/\/tvbrazilusa.com\/pt\/2024\/09\/13\/mae-e-padrasto-sao-presos-por-morte-de-menino-de-3-anos\/","title":{"rendered":"M\u00e3e e padrasto s\u00e3o presos por morte de menino de 3 anos"},"content":{"rendered":"<p> <script async src=\"https:\/\/pagead2.googlesyndication.com\/pagead\/js\/adsbygoogle.js?client=ca-pub-8864793242727901\"\r\n     crossorigin=\"anonymous\"><\/script><br \/>\n<\/p>\n<div id=\"taboola-read-more\" style=\"display:block; width:100%\">\n<p>Um casal foi preso em flagrante no Tanque, na Zona Oeste do Rio, ap\u00f3s a morte de um menino de 3 anos. O menino foi levado com diversas les\u00f5es para o Centro Municipal de Sa\u00fade Jorge Bandeira de Mello, que fica na Avenida Gerem\u00e1rio Dantas, em Jacarepagu\u00e1. Ele j\u00e1 deu entrada na unidade de sa\u00fade em parada cardiorrespirat\u00f3ria e n\u00e3o resistiu.<\/p>\n<p>Daniel Alves Brasil e Laryssa Bezerra Aguiar, padrasto e a m\u00e3e da crian\u00e7a, respectivamente, foram presos nessa quinta-feira (12\/9) por tortura com resultado morte, sem direito \u00e0 fian\u00e7a.<\/p>\n<p>Os m\u00e9dicos tentaram a crian\u00e7a durante 30 minutos, mas, apesar da tentativa de socorro, o menino n\u00e3o resistiu. H\u00e1 ainda a suspeita de abuso sexual.<\/p>\n<p><strong>Maus-tratos<\/strong><br \/>O menino foi levado para o hospital pelo pr\u00f3prio padrasto. Os m\u00e9dicos suspeitaram de maus-tratos depois que o homem relatou que o menino se afogou ao tomar banho de balde. Um exame de corpo delito ser\u00e1 feito para atestar a causa da morte.<\/p>\n<p>A mulher levou a crian\u00e7a junto com o homem para a unidade hospitalar e, por conta da proximidade, a Pol\u00edcia Civil logo foi acionada.<\/p>\n<p>O homem teria tentado fugir do posto m\u00e9dico enquanto a pol\u00edcia n\u00e3o chegava.<\/p>\n<p>\u201cAs les\u00f5es s\u00e3o evidentes e o relato do padrasto n\u00e3o era compat\u00edvel. O que chamou aten\u00e7\u00e3o foi a quantidade e intensidade dos ferimentos. Em uma breve an\u00e1lise podemos verificar que ele tinha hematomas, lacera\u00e7\u00f5es, e pela colora\u00e7\u00e3o contatamos que as marcas tanto eram recentes quanto antigas, ent\u00e3o tinha um espancamento constante\u201d, disse o delegado Ricardo Barboza ao g1.<\/p>\n<p><strong>M\u00e3e era conivente<\/strong><br \/>Testemunhas contaram para a pol\u00edcia que o padrasto costumava ficar sozinho com o menino, e que a m\u00e3e sabia das agress\u00f5es. Mais de 10 depoimentos foram colhidos pela pol\u00edcia.<\/p>\n<p>Para o delegado, a crian\u00e7a, que tinha marcas de agress\u00f5es no rosto, bra\u00e7o e t\u00f3rax, sofria ainda viol\u00eancia psicol\u00f3gica.<\/p>\n<p>A Pol\u00edcia Civil informou que o padrasto foi preso em flagrante por homic\u00eddio e que a ocorr\u00eancia foi registrada na 41\u00aa DP (Tanque).<\/p>\n<p>Depois que o homem foi levado para a delegacia, moradores revoltados com o crime foram para a porta do local protestar. Para preservar a integridade f\u00edsica do suspeito, ele foi transferido para a 32\u00aa DP (Taquara).<\/p>\n<p>\u201cA sociedade falhou com essa crian\u00e7a, todos n\u00f3s falhamos com essa crian\u00e7a porque ela precisava de um socorro e n\u00e3o teve. A trag\u00e9dia emocionou muito os policiais, os m\u00e9dicos tamb\u00e9m. Todos temos familiares. Os m\u00e9dicos lamentaram que n\u00e3o conseguiram salv\u00e1-lo. Todos n\u00f3s imaginamos o quanto essa crian\u00e7a sofreu\u201d, disse o delegado.<\/p>\n<p>Fonte: Metr\u00f3poles<\/p>\n<\/p><\/div>\n<p><br \/>\n<br \/><a href=\"https:\/\/diariodobrasilnoticias.com.br\/noticia\/mae-e-padrasto-sao-presos-por-morte-de-menino-de-3-anos-66e41ede77378\">Source link <\/a><\/p>","protected":false},"excerpt":{"rendered":"<p>Um casal foi preso em flagrante no Tanque, na Zona Oeste do Rio, ap\u00f3s a morte de um menino de 3 anos. O menino foi levado com diversas les\u00f5es para&hellip;<\/p>","protected":false},"author":1,"featured_media":36596,"comment_status":"closed","ping_status":"open","sticky":false,"template":"","format":"standard","meta":{"content-type":"","footnotes":""},"categories":[16],"tags":[123,2448,5313,1267],"class_list":["post-36595","post","type-post","status-publish","format-standard","has-post-thumbnail","hentry","category-noticias","tag-brasil","tag-diario","tag-noticia","tag-noticias"],"_links":{"self":[{"href":"https:\/\/tvbrazilusa.com\/pt\/wp-json\/wp\/v2\/posts\/36595","targetHints":{"allow":["GET"]}}],"collection":[{"href":"https:\/\/tvbrazilusa.com\/pt\/wp-json\/wp\/v2\/posts"}],"about":[{"href":"https:\/\/tvbrazilusa.com\/pt\/wp-json\/wp\/v2\/types\/post"}],"author":[{"embeddable":true,"href":"https:\/\/tvbrazilusa.com\/pt\/wp-json\/wp\/v2\/users\/1"}],"replies":[{"embeddable":true,"href":"https:\/\/tvbrazilusa.com\/pt\/wp-json\/wp\/v2\/comments?post=36595"}],"version-history":[{"count":1,"href":"https:\/\/tvbrazilusa.com\/pt\/wp-json\/wp\/v2\/posts\/36595\/revisions"}],"predecessor-version":[{"id":36597,"href":"https:\/\/tvbrazilusa.com\/pt\/wp-json\/wp\/v2\/posts\/36595\/revisions\/36597"}],"wp:featuredmedia":[{"embeddable":true,"href":"https:\/\/tvbrazilusa.com\/pt\/wp-json\/wp\/v2\/media\/36596"}],"wp:attachment":[{"href":"https:\/\/tvbrazilusa.com\/pt\/wp-json\/wp\/v2\/media?parent=36595"}],"wp:term":[{"taxonomy":"category","embeddable":true,"href":"https:\/\/tvbrazilusa.com\/pt\/wp-json\/wp\/v2\/categories?post=36595"},{"taxonomy":"post_tag","embeddable":true,"href":"https:\/\/tvbrazilusa.com\/pt\/wp-json\/wp\/v2\/tags?post=36595"}],"curies":[{"name":"wp","href":"https:\/\/api.w.org\/{rel}","templated":true}]}}