{"id":3660,"date":"2023-12-06T22:00:11","date_gmt":"2023-12-06T22:00:11","guid":{"rendered":"https:\/\/tvbrazilusa.com\/2023\/12\/06\/guer4a-na-venezuela-paulo-figueiredo-fala-sobre-anexacao-de-parte-da-guiana-por-nicolas-maduro\/"},"modified":"2023-12-06T22:00:11","modified_gmt":"2023-12-06T22:00:11","slug":"guer4a-na-venezuela-paulo-figueiredo-fala-sobre-anexacao-de-parte-da-guiana-por-nicolas-maduro","status":"publish","type":"post","link":"https:\/\/tvbrazilusa.com\/pt\/2023\/12\/06\/guer4a-na-venezuela-paulo-figueiredo-fala-sobre-anexacao-de-parte-da-guiana-por-nicolas-maduro\/","title":{"rendered":"GUER4A NA VENEZUELA? &#8211;  Paulo Figueiredo Fala Sobre Anexa\u00e7\u00e3o de Parte da Guiana por Nicol\u00e1s Maduro"},"content":{"rendered":"<p><iframe  width=\"580\" height=\"385\" src=\"https:\/\/www.youtube.com\/embed\/OcljuORvRSE?modestbranding=1\" frameborder=\"0\" allowfullscreen><\/iframe><br \/>\n<br \/>Apoie o trabalho do Paulo Figueiredo com 30% de desconto: <\/p>\n<p>Assine e apoie o Fio Di\u00e1rio: &#8211;<\/p>\n<p>Whatsapp, Intagram e muito mais: &#8211;<\/p>\n<p><a href=\"https:\/\/www.youtube.com\/watch?v=OcljuORvRSE\">source<\/a><\/p>","protected":false},"excerpt":{"rendered":"<p>Apoie o trabalho do Paulo Figueiredo com 30% de desconto: Assine e apoie o Fio Di\u00e1rio: &#8211; Whatsapp, Intagram e muito mais: &#8211; source<\/p>","protected":false},"author":1,"featured_media":3661,"comment_status":"","ping_status":"open","sticky":false,"template":"","format":"standard","meta":{"content-type":"","footnotes":""},"categories":[18],"tags":[],"class_list":["post-3660","post","type-post","status-publish","format-standard","has-post-thumbnail","hentry","category-paulo-figueiredo"],"_links":{"self":[{"href":"https:\/\/tvbrazilusa.com\/pt\/wp-json\/wp\/v2\/posts\/3660","targetHints":{"allow":["GET"]}}],"collection":[{"href":"https:\/\/tvbrazilusa.com\/pt\/wp-json\/wp\/v2\/posts"}],"about":[{"href":"https:\/\/tvbrazilusa.com\/pt\/wp-json\/wp\/v2\/types\/post"}],"author":[{"embeddable":true,"href":"https:\/\/tvbrazilusa.com\/pt\/wp-json\/wp\/v2\/users\/1"}],"replies":[{"embeddable":true,"href":"https:\/\/tvbrazilusa.com\/pt\/wp-json\/wp\/v2\/comments?post=3660"}],"version-history":[{"count":0,"href":"https:\/\/tvbrazilusa.com\/pt\/wp-json\/wp\/v2\/posts\/3660\/revisions"}],"wp:featuredmedia":[{"embeddable":true,"href":"https:\/\/tvbrazilusa.com\/pt\/wp-json\/wp\/v2\/media\/3661"}],"wp:attachment":[{"href":"https:\/\/tvbrazilusa.com\/pt\/wp-json\/wp\/v2\/media?parent=3660"}],"wp:term":[{"taxonomy":"category","embeddable":true,"href":"https:\/\/tvbrazilusa.com\/pt\/wp-json\/wp\/v2\/categories?post=3660"},{"taxonomy":"post_tag","embeddable":true,"href":"https:\/\/tvbrazilusa.com\/pt\/wp-json\/wp\/v2\/tags?post=3660"}],"curies":[{"name":"wp","href":"https:\/\/api.w.org\/{rel}","templated":true}]}}