{"id":36637,"date":"2024-09-13T14:35:59","date_gmt":"2024-09-13T14:35:59","guid":{"rendered":"https:\/\/tvbrazilusa.com\/2024\/09\/13\/nova-ministra-de-lula-deixou-um-rombo-de-r-177-milhoes-na-educacao-de-mg-paulo-figueiredo\/"},"modified":"2024-09-13T14:47:45","modified_gmt":"2024-09-13T14:47:45","slug":"nova-ministra-de-lula-deixou-um-rombo-de-r-177-milhoes-na-educacao-de-mg-paulo-figueiredo","status":"publish","type":"post","link":"https:\/\/tvbrazilusa.com\/pt\/2024\/09\/13\/nova-ministra-de-lula-deixou-um-rombo-de-r-177-milhoes-na-educacao-de-mg-paulo-figueiredo\/","title":{"rendered":"Nova ministra de Lula deixou um rombo de R$ 177 milh\u00f5es na Educa\u00e7\u00e3o de MG &#8211; Paulo Figueiredo"},"content":{"rendered":"<p> <script async src=\"https:\/\/pagead2.googlesyndication.com\/pagead\/js\/adsbygoogle.js?client=ca-pub-8864793242727901\"\r\n     crossorigin=\"anonymous\"><\/script><br \/>\n<\/p>\n<div id=\"wtr-content\" data-bg=\"#FFFFFF\" data-fg=\"#006d91\" data-width=\"25\" data-mute=\"1\" data-fgopacity=\"1.00\" data-mutedopacity=\"0.5\" data-placement=\"bottom\" data-placement-offset=\"0\" data-content-offset=\"262\" data-placement-touch=\"bottom\" data-placement-offset-touch=\"0\" data-transparent=\"\" data-shadow=\"0\" data-touch=\"1\" data-non-touch=\"1\" data-comments=\"0\" data-commentsbg=\"transparent\" data-location=\"page\" data-mutedfg=\"#006d91\" data-endfg=\"#006d91\" data-rtl=\"\">\n<h3 class=\"wp-block-heading\">Verba do MEC era destinada a merenda escolar; Maca\u00e9 Evaristo foi secret\u00e1ria da pasta no Estado<\/h3>\n<p>Uma auditoria do\u00a0<strong>Minist\u00e9rio da Educa\u00e7\u00e3o (MEC)<\/strong>\u00a0aponta que Maca\u00e9 Evaristo, nova ministra dos Direitos Humanos e da Cidadania, do governo Luiz In\u00e1cio Lula da Silva, deixou um d\u00e9ficit de R$ 177,3 milh\u00f5es sem justificativa na Secretaria de Educa\u00e7\u00e3o de Minas Gerais. Os recursos foram destinados ao governo estadual em 2016, na gest\u00e3o de Fernando Pimentel (PT), para a compra de merenda escolar. \u00c0 \u00e9poca, Maca\u00e9 comandava a pasta.<\/p>\n<p><strong>+ Leia mais not\u00edcias de Pol\u00edtica em Oeste<\/strong><\/p>\n<p>De acordo com o documento ao qual o UOL teve acesso, o MEC \u201cresponsabiliza a senhora Maca\u00e9 Maria Evaristo dos Santos pelo d\u00e9bito em raz\u00e3o da n\u00e3o comprova\u00e7\u00e3o da regular aplica\u00e7\u00e3o dos recursos repassados pela Uni\u00e3o\u201d.<\/p>\n<p>A auditoria tamb\u00e9m concluiu que ela \u201cera a respons\u00e1vel pela gest\u00e3o dos recursos federais recebidos e, no entanto, n\u00e3o tomou as provid\u00eancias para a correta comprova\u00e7\u00e3o de sua execu\u00e7\u00e3o\u201d.<\/p>\n<h3 class=\"wp-block-heading\">TCU analisa a\u00e7\u00f5es da nova ministra de Lula<\/h3>\n<p>Atualmente, o caso est\u00e1 sob an\u00e1lise do Tribunal de Contas da Uni\u00e3o (TCU). Se a decis\u00e3o da auditoria for mantida, Evaristo poder\u00e1 ser condenada a devolver o montante com acr\u00e9scimo de multa. Al\u00e9m disso, ela poder\u00e1 ser impedida de ocupar cargos p\u00fablicos e responder judicialmente por improbidade administrativa.<\/p>\n<p>O pente-fino, realizado pelo Fundo Nacional de Educa\u00e7\u00e3o (FNDE), foi conclu\u00eddo em julho de 2023. A Controladoria-Geral da Uni\u00e3o (CGU) validou essa an\u00e1lise e encaminhou o processo ao TCU em agosto do mesmo ano.<\/p>\n<p>Em nota, a assessoria do minist\u00e9rio afirmou que Evaristo vai fornecer todas as informa\u00e7\u00f5es necess\u00e1rias. A pasta diz que \u201cconfia na resolu\u00e7\u00e3o dos fatos conforme os tr\u00e2mites legais\u201d.<\/p>\n<blockquote class=\"wp-block-quote is-layout-flow wp-block-quote-is-layout-flow\">\n<p>\u201cA ministra segue consciente do compromisso com a transpar\u00eancia e correta gest\u00e3o dos recursos p\u00fablicos\u201d, disse o comunicado. \u201cDestaca ainda que a responsabilidade e compromisso com interesse p\u00fablico guiaram sua gest\u00e3o \u00e0 frente da Secretaria de Estado da Educa\u00e7\u00e3o de Minas Gerais\u201d.<\/p>\n<\/blockquote>\n<h3 class=\"wp-block-heading\">Recursos seriam para alimenta\u00e7\u00e3o de alunos da educa\u00e7\u00e3o b\u00e1sica<\/h3>\n<p>Os recursos auditados faziam parte do\u00a0<strong>Programa Nacional de Alimenta\u00e7\u00e3o Escolar (Pnae)<\/strong>, que visa fornecer educa\u00e7\u00e3o alimentar e nutricional aos alunos da educa\u00e7\u00e3o b\u00e1sica, al\u00e9m de refei\u00e7\u00f5es que atendam suas necessidades nutricionais durante as aulas.<\/p>\n<p>O principal problema que a auditoria identificou foi a falta de comprova\u00e7\u00e3o do destino de R$ 177,3 milh\u00f5es da verba federal. A investiga\u00e7\u00e3o constatou que a Secretaria de Educa\u00e7\u00e3o, sob a gest\u00e3o de Evaristo, n\u00e3o apresentou os nomes dos fornecedores contratados.<\/p>\n<p>Embora a secretaria alegasse que os valores foram repassados aos caixas escolares, a auditoria considerou essa justificativa insuficiente para evitar o desfalque.<\/p>\n<h3 class=\"wp-block-heading\">D\u00e9ficit atualizado e gastos inadequados<\/h3>\n<p>O valor do d\u00e9ficit foi atualizado para R$ 177,3 milh\u00f5es, considerando os juros desde 2016.<\/p>\n<blockquote class=\"wp-block-quote is-layout-flow wp-block-quote-is-layout-flow\">\n<p>\u201cConstam no extrato banc\u00e1rio da conta espec\u00edfica do programa pagamentos descritos como pagamentos a fornecedor, cujos benefici\u00e1rios desses valores n\u00e3o foram declarados\u201d, diz a auditoria.<\/p>\n<\/blockquote>\n<p>Al\u00e9m disso, foram identificados gastos de R$ 111 mil com alimentos de baixo valor nutricional, como xaropes e ch\u00e1s prontos, itens que o MEC pro\u00edbe. Evaristo devolveu essa quantia, mas recebeu uma advert\u00eancia.<\/p>\n<h3 class=\"wp-block-heading\">Outro processo por superfaturamento de fardas escolares<\/h3>\n<p>A auditoria considerou a falha \u201cgrave\u201d e solicitou o seu registro.\u00a0<strong>Evaristo tamb\u00e9m enfrenta outro processo por superfaturamento de R$ 6,5 milh\u00f5es em uniformes escolares<\/strong>\u00a0quando era secret\u00e1ria de Educa\u00e7\u00e3o de Belo Horizonte, na gest\u00e3o de Marcio Lacerda (PSB), em 2012.<\/p>\n<p>Esse processo est\u00e1 em andamento na Justi\u00e7a de Minas Gerais. Em nota, a ministra afirmou que a licita\u00e7\u00e3o dos uniformes foi conduzida por uma comiss\u00e3o independente da Secretaria Municipal de Educa\u00e7\u00e3o e que teve o aval da procuradoria do munic\u00edpio.<\/p>\n<p><strong><a href=\"https:\/\/revistaoeste.com\/politica\/nova-ministra-de-lula-deixou-um-rombo-de-r-177-milhoes-na-educacao-de-mg\/\">Source link<\/a><\/strong><\/p>\n<\/div>\n<p><br \/>\n<br \/><a href=\"https:\/\/paulofigueiredoshow.com\/nova-ministra-de-lula-deixou-um-rombo-de-r-177-milhoes-na-educacao-de-mg\/\">Source link <\/a><\/p>","protected":false},"excerpt":{"rendered":"<p>Verba do MEC era destinada a merenda escolar; Maca\u00e9 Evaristo foi secret\u00e1ria da pasta no Estado Uma auditoria do\u00a0Minist\u00e9rio da Educa\u00e7\u00e3o (MEC)\u00a0aponta que Maca\u00e9 Evaristo, nova ministra dos Direitos Humanos&hellip;<\/p>","protected":false},"author":1,"featured_media":34695,"comment_status":"closed","ping_status":"open","sticky":false,"template":"","format":"standard","meta":{"content-type":"","footnotes":""},"categories":[16],"tags":[18957,19778,5367,964,5893,19779],"class_list":["post-36637","post","type-post","status-publish","format-standard","has-post-thumbnail","hentry","category-noticias","tag-ensino","tag-merenda","tag-ministra","tag-processo","tag-recursos","tag-superfaturamento"],"_links":{"self":[{"href":"https:\/\/tvbrazilusa.com\/pt\/wp-json\/wp\/v2\/posts\/36637","targetHints":{"allow":["GET"]}}],"collection":[{"href":"https:\/\/tvbrazilusa.com\/pt\/wp-json\/wp\/v2\/posts"}],"about":[{"href":"https:\/\/tvbrazilusa.com\/pt\/wp-json\/wp\/v2\/types\/post"}],"author":[{"embeddable":true,"href":"https:\/\/tvbrazilusa.com\/pt\/wp-json\/wp\/v2\/users\/1"}],"replies":[{"embeddable":true,"href":"https:\/\/tvbrazilusa.com\/pt\/wp-json\/wp\/v2\/comments?post=36637"}],"version-history":[{"count":1,"href":"https:\/\/tvbrazilusa.com\/pt\/wp-json\/wp\/v2\/posts\/36637\/revisions"}],"predecessor-version":[{"id":36638,"href":"https:\/\/tvbrazilusa.com\/pt\/wp-json\/wp\/v2\/posts\/36637\/revisions\/36638"}],"wp:featuredmedia":[{"embeddable":true,"href":"https:\/\/tvbrazilusa.com\/pt\/wp-json\/wp\/v2\/media\/34695"}],"wp:attachment":[{"href":"https:\/\/tvbrazilusa.com\/pt\/wp-json\/wp\/v2\/media?parent=36637"}],"wp:term":[{"taxonomy":"category","embeddable":true,"href":"https:\/\/tvbrazilusa.com\/pt\/wp-json\/wp\/v2\/categories?post=36637"},{"taxonomy":"post_tag","embeddable":true,"href":"https:\/\/tvbrazilusa.com\/pt\/wp-json\/wp\/v2\/tags?post=36637"}],"curies":[{"name":"wp","href":"https:\/\/api.w.org\/{rel}","templated":true}]}}