{"id":36675,"date":"2024-09-13T15:34:53","date_gmt":"2024-09-13T15:34:53","guid":{"rendered":"https:\/\/tvbrazilusa.com\/2024\/09\/13\/vereadores-da-cidade-de-boston-pedem-ao-estado-que-investigue-onibus-escolares-atrasados\/"},"modified":"2024-09-13T15:39:26","modified_gmt":"2024-09-13T15:39:26","slug":"vereadores-da-cidade-de-boston-pedem-ao-estado-que-investigue-onibus-escolares-atrasados","status":"publish","type":"post","link":"https:\/\/tvbrazilusa.com\/pt\/2024\/09\/13\/vereadores-da-cidade-de-boston-pedem-ao-estado-que-investigue-onibus-escolares-atrasados\/","title":{"rendered":"Vereadores da cidade de Boston pedem ao estado que investigue \u00f4nibus escolares atrasados"},"content":{"rendered":"<p> <script async src=\"https:\/\/pagead2.googlesyndication.com\/pagead\/js\/adsbygoogle.js?client=ca-pub-8864793242727901\"\r\n     crossorigin=\"anonymous\"><\/script><br \/>\n<\/p>\n<div id=\"\">\n<header class=\"m-article-header m-article-header--standard\">\n\t\t\t\t\t\t\t\t\t\t\t\t<span id=\"article-header-primary-term\"><br \/>\n\t\t\t\t\t\t\t\t<a class=\"a-term a-term--primary\" href=\"https:\/\/www.boston.com\/tag\/local-news\/\"><\/p>\n<p>\t\t\t\t\t\t\t\tNot\u00edcias locais\t\t\t\t\t\t\t\t<\/a><br \/>\n\t\t\t\t\t\t\t<\/span><\/p>\n<h2 class=\"m-article-header__sub-headline\">Embora a taxa de chegada no hor\u00e1rio tenha melhorado, os principais par\u00e2metros ainda n\u00e3o foram atingidos e as autoridades querem respostas.<\/h2>\n<figure class=\"a-photo m-article-header__photo\"><figcaption class=\"a-photo__caption\">\n<p>\tMais de 14.500 alunos do BPS foram afetados por atrasos de \u00f4nibus no primeiro dia de aula.  <em> David L. Ryan\/Boston Globe <\/em>\t<\/figcaption><\/figure>\n<\/header>\n<div class=\"m-block t-amp__list-container m-article-list-container m-article-list-container--frame-border a-border-frame  a-list-header__headline--red m-article-list--alternative--default  m-article-list--floated\">\n<ul class=\"t-amp__list a-list--no-style m-article-list m-article-list--recirculation m-article-list--has-images\">\n<li class=\"m-article-list__item m-article-list__item--featured\">\n\t\t\t\t<a class=\"m-article-list__link-wrapper\" href=\"https:\/\/www.boston.com\/news\/local-news\/2024\/09\/10\/two-thirds-of-bps-buses-were-late-for-first-day-of-school-partially-due-to-new-app\/\" data-p1=\"article_recirc_inline_feature\"><br \/>\n\t\t\t\t<img fetchpriority=\"high\" decoding=\"async\" width=\"768\" height=\"432\" src=\"https:\/\/bdc2020.o0bc.com\/wp-content\/uploads\/2024\/09\/s3___bgmp-arc_arc-feeds_generic-photos_to-arc_06bpsfirstday-02a-66e06ddf75088-768x432.jpg\" class=\"t-amp__list-image m-article-list__image m-article-list__image--full\" alt=\"\" aria-hidden=\"true\" srcset=\"https:\/\/bdc2020.o0bc.com\/wp-content\/uploads\/2024\/09\/s3___bgmp-arc_arc-feeds_generic-photos_to-arc_06bpsfirstday-02a-66e06ddf75088-768x432.jpg?width=200 200w, https:\/\/bdc2020.o0bc.com\/wp-content\/uploads\/2024\/09\/s3___bgmp-arc_arc-feeds_generic-photos_to-arc_06bpsfirstday-02a-66e06ddf75088-768x432.jpg?width=300 300w, https:\/\/bdc2020.o0bc.com\/wp-content\/uploads\/2024\/09\/s3___bgmp-arc_arc-feeds_generic-photos_to-arc_06bpsfirstday-02a-66e06ddf75088-768x432.jpg?width=400 400w, https:\/\/bdc2020.o0bc.com\/wp-content\/uploads\/2024\/09\/s3___bgmp-arc_arc-feeds_generic-photos_to-arc_06bpsfirstday-02a-66e06ddf75088-768x432.jpg?width=500 500w, https:\/\/bdc2020.o0bc.com\/wp-content\/uploads\/2024\/09\/s3___bgmp-arc_arc-feeds_generic-photos_to-arc_06bpsfirstday-02a-66e06ddf75088-768x432.jpg?width=600 600w, https:\/\/bdc2020.o0bc.com\/wp-content\/uploads\/2024\/09\/s3___bgmp-arc_arc-feeds_generic-photos_to-arc_06bpsfirstday-02a-66e06ddf75088-768x432.jpg?width=700 700w, https:\/\/bdc2020.o0bc.com\/wp-content\/uploads\/2024\/09\/s3___bgmp-arc_arc-feeds_generic-photos_to-arc_06bpsfirstday-02a-66e06ddf75088-768x432.jpg?width=800 800w, https:\/\/bdc2020.o0bc.com\/wp-content\/uploads\/2024\/09\/s3___bgmp-arc_arc-feeds_generic-photos_to-arc_06bpsfirstday-02a-66e06ddf75088-768x432.jpg?width=900 900w\" sizes=\"(max-width: 768px) 100vw, 768px\"\/>\t\t\t\t\t<\/p>\n<p><h4 class=\"m-article-list__headline t-amp__list-headline\">\n\t\t\t\t\t\t\t<span class=\"m-article-list__link a-link a-link--inline a-link--text-link a-link--text-link-dark\"><\/p>\n<p>\t\t\t\t\t\t\tDois ter\u00e7os dos \u00f4nibus do BPS chegaram atrasados \u200b\u200bpara o primeiro dia de aula, autoridades culpam novo aplicativo e mudan\u00e7as de rota\t\t\t\t\t\t\t<\/span><br \/>\n\t\t\t\t\t\t<\/h4>\n<\/p>\n<p>\t\t\t\t<\/a>\n\t\t\t<\/li>\n<\/ul>\n<\/div>\n<p>Na manh\u00e3 do primeiro dia de aula em Boston, cerca de dois ter\u00e7os dos \u00f4nibus <a href=\"https:\/\/www.boston.com\/news\/local-news\/2024\/09\/10\/two-thirds-of-bps-buses-were-late-for-first-day-of-school-partially-due-to-new-app\/\">n\u00e3o chegou na hora<\/a>. Uma semana depois, membros do Conselho Municipal de Boston est\u00e3o convocando autoridades estaduais de educa\u00e7\u00e3o para resolver os problemas de transporte. <\/p>\n<p>Em uma carta que os conselheiros Ed Flynn e Erin Murphy enviaram \u00e0 presidente do Conselho de Educa\u00e7\u00e3o Elementar e Secund\u00e1ria de Massachusetts, Katherine Craven, na quinta-feira, os conselheiros disseram que tinham \u201cprofunda preocupa\u00e7\u00e3o\u201d com os problemas de transporte. Eles pediram que Craven iniciasse uma investiga\u00e7\u00e3o sobre o assunto e desenvolvesse um plano de a\u00e7\u00e3o. <\/p>\n<p>\u201cAs fam\u00edlias do BPS querem responsabilidade e resultados. A falha no transporte \u00e9 inaceit\u00e1vel. Pedimos aos funcion\u00e1rios da educa\u00e7\u00e3o estadual que investigassem o plano de transporte do BPS e oferecessem recomenda\u00e7\u00f5es para consertar o problema crescente. O status quo n\u00e3o \u00e9 uma op\u00e7\u00e3o\u201d, escreveu Flynn em um <a href=\"https:\/\/x.com\/EdforBoston\/status\/1834562789035106601\">publicar <\/a>na sexta-feira X.<\/p>\n<p>A taxa de chegada no hor\u00e1rio normalmente \u00e9 baixa no primeiro dia do ano letivo em Boston antes de melhorar conforme os motoristas aprendem suas rotas e as fam\u00edlias aprendem seus hor\u00e1rios. Mas o n\u00famero de \u00f4nibus atrasados \u200b\u200beste ano foi particularmente impressionante. Apenas 34% dos \u00f4nibus chegaram no hor\u00e1rio na manh\u00e3 de 5 de setembro, de acordo com dados fornecidos pelas Escolas P\u00fablicas de Boston. A taxa de chegada no hor\u00e1rio subiu para 61% no dia seguinte e ficou em torno da taxa durante a primeira parte desta semana. O n\u00famero de \u00f4nibus que chegaram dentro de 15 minutos de sua meta foi de 62% no primeiro dia de aula e 84% na ter\u00e7a-feira desta semana. <\/p>\n<p>Os alunos e suas fam\u00edlias sentiram os impactos. Alguns pais esperaram com seus filhos por at\u00e9 45 minutos na primeira manh\u00e3, \u00e0s vezes recorrendo a outras op\u00e7\u00f5es de transporte quando os \u00f4nibus n\u00e3o chegavam. No caminho para casa, uma crian\u00e7a ficou no \u00f4nibus por mais de duas horas enquanto ele dirigia de Dorchester para South Boston. A crian\u00e7a eventualmente teve que dar ao motorista instru\u00e7\u00f5es para chegar em casa, de acordo com um <a href=\"https:\/\/boston.legistar.com\/LegislationDetail.aspx?ID=6856041&#038;GUID=67890CBD-0145-4CFC-AE08-8F877B56E01F&#038;Options=&#038;Search=\">ordem de audi\u00eancia<\/a> apresentado por Flynn em uma reuni\u00e3o do Conselho Municipal esta semana. <\/p>\n<p>Uma m\u00e3e disse aos meios de comunica\u00e7\u00e3o locais que seu filho do primeiro ano deveria voltar para casa \u00e0s 15h30, mas <a href=\"https:\/\/www.boston.com\/news\/schools\/2024\/09\/12\/boston-1st-grader-left-on-bus-for-hours-after-missing-drop-off-mother-says\/\">n\u00e3o consegui voltar at\u00e9 as 19h<\/a> A mulher agora diz que seu filho est\u00e1 ansioso demais para andar de \u00f4nibus.<\/p>\n<p>A prefeita de Boston, Michelle Wu, e a superintendente Mary Skipper atribu\u00edram os problemas principalmente a dois fatores: a implementa\u00e7\u00e3o de um novo aplicativo em tempo real projetado para rastrear \u00f4nibus e uma quantidade incomum de fam\u00edlias esperando at\u00e9 as \u00faltimas semanas de ver\u00e3o para registrar seus filhos no transporte de \u00f4nibus. <\/p>\n<p>O aplicativo Zum foi <a href=\"https:\/\/www.boston.com\/news\/schools\/2024\/07\/29\/new-app-allows-bps-parents-to-track-school-buses-in-real-time\/\">introduzido este ano<\/a> como uma forma de reduzir o tempo de deslocamento dos alunos, melhorar a transpar\u00eancia e coletar melhores dados. Os motoristas de \u00f4nibus agora trabalham com um tablet afixado em seus pain\u00e9is, permitindo melhor rastreamento por GPS e dando a eles a capacidade de registrar cada aluno que embarca em seu \u00f4nibus. Alguns motoristas tiveram problemas com a tecnologia durante a primeira semana de aula, e as fam\u00edlias tamb\u00e9m relataram problemas com o aplicativo n\u00e3o permitindo que eles rastreassem seus filhos conforme prometido. <\/p>\n<p>Mudan\u00e7as de rota desempenharam um papel importante no atraso dos \u00f4nibus, disse Wu. Os motoristas recebem suas atribui\u00e7\u00f5es iniciais de rota no in\u00edcio de agosto e podem praticar \u201ctestes\u201d ao longo das rotas. No ano passado, cerca de um ter\u00e7o dos motoristas do BPD tiveram mudan\u00e7as de rota adicionadas entre aquela \u00e9poca e o in\u00edcio do ano letivo. Mas este ano, esse n\u00famero dobrou. <\/p>\n<p>Embora os problemas de transporte sejam <a href=\"https:\/\/www.boston.com\/news\/schools\/2022\/11\/10\/boston-schools-face-increased-scrutiny-amid-transportation-troubles\/\">nada de novo<\/a> para os alunos do BPS e suas fam\u00edlias, os funcion\u00e1rios eleitos parecem estar assumindo um foco renovado na solu\u00e7\u00e3o dos problemas. No centro de suas preocupa\u00e7\u00f5es est\u00e1 o fato de que o distrito n\u00e3o parece estar perto de atingir os principais marcos. Em 2022, o BPS e o DESE concordaram com um <a href=\"https:\/\/www.boston.com\/news\/schools\/2022\/06\/27\/mayor-michelle-wu-dese-plan-improvement-boston-public-schools-jeff-riley-agreement\/\">plano de melhoria<\/a> que exige que os \u00f4nibus do BPS atinjam uma taxa mensal de chegada pontual de 95%. Estabeleceu uma meta de ter 99% dos \u00f4nibus chegando em at\u00e9 15 minutos do in\u00edcio do dia escolar. <\/p>\n<p>\u201c[This year\u2019s] &#8220;O atraso impressionante impactou mais de 14.500 estudantes, deixando suas fam\u00edlias enfrentando o estresse e a inconveni\u00eancia de encontrar solu\u00e7\u00f5es alternativas de transporte. Tais atrasos s\u00e3o inaceit\u00e1veis \u200b\u200be prejudicam severamente o progresso educacional e a estabilidade de nossos estudantes&#8221;, escreveram Flynn e Murphy em sua carta. <\/p>\n<p>Eles argumentaram que os atrasos n\u00e3o afetam apenas a capacidade do distrito de atingir suas metas de transporte, mas tamb\u00e9m causam impactos abrangentes sobre os alunos. <\/p>\n<p>\u201c\u00d4nibus atrasados \u200b\u200bcontribuem para o aumento do absente\u00edsmo, interrompem as experi\u00eancias de aprendizagem dos alunos e prejudicam o progresso que o BPS pretende alcan\u00e7ar\u201d, escreveram. <\/p>\n<p>Flynn e Murphy pediram ao DESE que conduzisse uma investiga\u00e7\u00e3o completa sobre as pr\u00e1ticas de programa\u00e7\u00e3o, roteamento e opera\u00e7\u00e3o do sistema de transporte do BPS. Eles querem ver um novo plano de a\u00e7\u00e3o, comunica\u00e7\u00e3o aprimorada e um novo sistema para monitorar o desempenho do transporte. <\/p>\n<p>Durante a reuni\u00e3o do Conselho Municipal de quarta-feira, v\u00e1rios conselheiros expressaram suas preocupa\u00e7\u00f5es e assinaram a ordem de audi\u00eancia. Ela foi encaminhada ao Comit\u00ea de Educa\u00e7\u00e3o, e uma audi\u00eancia ser\u00e1 agendada para que os conselheiros ou\u00e7am diretamente os oficiais de educa\u00e7\u00e3o. <\/p>\n<p>\u201cQuando 66% de todos os \u00f4nibus chegam atrasados \u200b\u200b\u00e0 escola, isso significa que 14.500 de nossas crian\u00e7as de escolas p\u00fablicas de Boston n\u00e3o chegaram \u00e0 escola no hor\u00e1rio na semana passada\u201d, disse Murphy durante a reuni\u00e3o. \u201cEu sei, como ex-professor por d\u00e9cadas, que aqueles primeiros dias de aula s\u00e3o estressantes para muitos de nossos alunos e fam\u00edlias. E saber que eles est\u00e3o perdendo aqueles primeiros momentos quando voc\u00ea est\u00e1 conhecendo seus novos colegas de classe ou descobrindo sua programa\u00e7\u00e3o para o dia&#8230; n\u00e3o \u00e9 aceit\u00e1vel.\u201d<\/p>\n<div class=\"m-block m-generic-cta\t m-generic-cta--post-content\t m-generic-cta--dark\t m-generic-cta--homepage\t m-generic-cta--email-signup\t\t m-generic-cta-block-style--default \tt-amp__generic-cta\"><\/p>\n<div class=\"m-generic-cta__wrap\">\n<div class=\"m-generic-cta__content\">\n<h3 class=\"m-generic-cta__title\">Boston.com Hoje<\/h3>\n<p class=\"m-generic-cta__subtitle\">Inscreva-se para receber as \u00faltimas manchetes na sua caixa de entrada todas as manh\u00e3s.<\/p>\n<\/p><\/div>\n<\/p><\/div>\n<\/div><\/div>\n<p><script>\n\t\tvar consent=\"grant\";\n\t\t\/* The above code is parsing the JSON data from the local storage and storing it in a variable. *\/\n\t\t\t\t\tconst onetrustStorageConsent = JSON.parse(localStorage.getItem( 'consent_one_trust_bdc' ) );\n\t\t\tif ( ( onetrustStorageConsent !== null ) ) {\n\t\t\t\t\/* Checking to see if the user has consented to the use of cookies.\n\t\t\t\t* If they have not, it is deleting the cookie.\n\t\t\t\t* This will comment for now, until further notice.\n\t\t\t\t*\/\n\t\t\t\t\/\/if ( onetrustStorageConsent.C0002 === false ) {\n\t\t\t\t\/\/\tdocument.cookie=\"_fbp=;expires=Thu, 01 Jan 2010 00:00:00 UTC; path=\/; domain=.boston.com\";\n\t\t\t\t\/\/}\n\t\t\t\t\/* Checking if the user has given consent for the cookie C0002.\n\t\t\t\t* If the user has given consent, the variable consent will be set to 'grant'.\n\t\t\t\t* If the user has not given consent,the variable consent will be set to 'revoke'.\n\t\t\t\t* Documentation https:\/\/developers.facebook.com\/docs\/meta-pixel\/implementation\/gdpr\n\t\t\t\t*\/\n\t\t\t\tif ( onetrustStorageConsent.C0002 !== true ) {\n\t\t\t\t\tconsent=\"revoke\";\n\t\t\t\t}\n\t\t\t}\n\t\t\t\t!function(f,b,e,v,n,t,s)\n\t\t{if(f.fbq)return;n=f.fbq=function(){n.callMethod?\n\t\tn.callMethod.apply(n,arguments):n.queue.push(arguments)};\n\t\tif(!f._fbq)f._fbq=n;n.push=n;n.loaded=!0;n.version='2.0';\n\t\tn.queue=[];t=b.createElement(e);t.async=!0;\n\t\tt.src=v;s=b.getElementsByTagName(e)[0];\n\t\ts.parentNode.insertBefore(t,s)}(window, document,'script',\n\t\t'https:\/\/connect.facebook.net\/en_US\/fbevents.js');\n\t\tfbq('consent', consent);\n\t\tfbq('init', '989222871864976');\n\t\tfbq('track', 'PageView');\n\t<\/script><script type=\"module\">\n\t\tvar consent=\"grant\";\n\t\t\/* The above code is parsing the JSON data from the local storage and storing it in a variable. *\/\n\t\t\tconst onetrustStorageConsent = JSON.parse(localStorage.getItem( 'consent_one_trust_bdc' ) );\n\t\t\t\/* Checking to see if the user has consented to the use of cookies.\n\t\t\t* If they have not, it is deleting the cookie.\n\t\t\t* This will comment for now, until further notice.\n\t\t\t*\/\n\t\t\t\/\/if ( onetrustStorageConsent.C0002 === false ) {\n\t\t\t\/\/\tdocument.cookie=\"_fbp=;expires=Thu, 01 Jan 2010 00:00:00 UTC; path=\/; domain=.boston.com\";\n\t\t\t\/\/}\n\t\t\t\/* Checking if the user has given consent for the cookie C0002.\n\t\t\t* If the user has given consent, the variable consent will be set to 'grant'.\n\t\t\t* If the user has not given consent,the variable consent will be set to 'revoke'.\n\t\t\t* Documentation https:\/\/developers.facebook.com\/docs\/meta-pixel\/implementation\/gdpr\n\t\t\t*\/\n\t\t\tif ( ( onetrustStorageConsent !== null ) && (onetrustStorageConsent.C0002 !== true ) ) {\n\t\t\t\tconsent=\"revoke\";\n\t\t\t}\n\t\t\t\t!function(f,b,e,v,n,t,s){if(f.fbq)return;n=f.fbq=function()\n\t\t{n.callMethod? n.callMethod.apply(n,arguments):n.queue.push(arguments)}\n\t\t;if(!f._fbq)f._fbq=n;\n\t\tn.push=n;n.loaded=!0;n.version='2.0';n.queue=[];t=b.createElement(e);t.async=!0;\n\t\tt.src=v;s=b.getElementsByTagName(e)[0];s.parentNode.insertBefore(t,s)}(window,\n\t\tdocument,'script','https:\/\/connect.facebook.net\/en_US\/fbevents.js');\n\t\tfbq('consent', consent);\n\t\tfbq('init', '813236348753005');\n\t\tfbq('track', \"PageView\");\n\t<\/script><br \/>\n<br \/><br \/>\n<br \/><a href=\"https:\/\/www.boston.com\/news\/local-news\/2024\/09\/13\/boston-city-councilors-call-on-state-to-investigate-late-school-buses\/\">Source link <\/a><\/p>","protected":false},"excerpt":{"rendered":"<p>Not\u00edcias locais Embora a taxa de chegada no hor\u00e1rio tenha melhorado, os principais par\u00e2metros ainda n\u00e3o foram atingidos e as autoridades querem respostas. Mais de 14.500 alunos do BPS foram&hellip;<\/p>","protected":false},"author":1,"featured_media":36676,"comment_status":"closed","ping_status":"open","sticky":false,"template":"","format":"standard","meta":{"content-type":"","footnotes":""},"categories":[1],"tags":[],"class_list":["post-36675","post","type-post","status-publish","format-standard","has-post-thumbnail","hentry","category-uncategorized"],"_links":{"self":[{"href":"https:\/\/tvbrazilusa.com\/pt\/wp-json\/wp\/v2\/posts\/36675","targetHints":{"allow":["GET"]}}],"collection":[{"href":"https:\/\/tvbrazilusa.com\/pt\/wp-json\/wp\/v2\/posts"}],"about":[{"href":"https:\/\/tvbrazilusa.com\/pt\/wp-json\/wp\/v2\/types\/post"}],"author":[{"embeddable":true,"href":"https:\/\/tvbrazilusa.com\/pt\/wp-json\/wp\/v2\/users\/1"}],"replies":[{"embeddable":true,"href":"https:\/\/tvbrazilusa.com\/pt\/wp-json\/wp\/v2\/comments?post=36675"}],"version-history":[{"count":1,"href":"https:\/\/tvbrazilusa.com\/pt\/wp-json\/wp\/v2\/posts\/36675\/revisions"}],"predecessor-version":[{"id":36677,"href":"https:\/\/tvbrazilusa.com\/pt\/wp-json\/wp\/v2\/posts\/36675\/revisions\/36677"}],"wp:featuredmedia":[{"embeddable":true,"href":"https:\/\/tvbrazilusa.com\/pt\/wp-json\/wp\/v2\/media\/36676"}],"wp:attachment":[{"href":"https:\/\/tvbrazilusa.com\/pt\/wp-json\/wp\/v2\/media?parent=36675"}],"wp:term":[{"taxonomy":"category","embeddable":true,"href":"https:\/\/tvbrazilusa.com\/pt\/wp-json\/wp\/v2\/categories?post=36675"},{"taxonomy":"post_tag","embeddable":true,"href":"https:\/\/tvbrazilusa.com\/pt\/wp-json\/wp\/v2\/tags?post=36675"}],"curies":[{"name":"wp","href":"https:\/\/api.w.org\/{rel}","templated":true}]}}