{"id":36697,"date":"2024-09-13T16:11:58","date_gmt":"2024-09-13T16:11:58","guid":{"rendered":"https:\/\/tvbrazilusa.com\/2024\/09\/13\/valor-bilionario-governo-lula-deve-confiscar-dinheiro-de-brasileiros-em-contas-bancarias-paulo-figueiredo\/"},"modified":"2024-09-13T16:13:19","modified_gmt":"2024-09-13T16:13:19","slug":"valor-bilionario-governo-lula-deve-confiscar-dinheiro-de-brasileiros-em-contas-bancarias-paulo-figueiredo","status":"publish","type":"post","link":"https:\/\/tvbrazilusa.com\/pt\/2024\/09\/13\/valor-bilionario-governo-lula-deve-confiscar-dinheiro-de-brasileiros-em-contas-bancarias-paulo-figueiredo\/","title":{"rendered":"Valor bilion\u00e1rio: governo Lula deve confiscar dinheiro de brasileiros em contas banc\u00e1rias &#8211; Paulo Figueiredo"},"content":{"rendered":"<p> <script async src=\"https:\/\/pagead2.googlesyndication.com\/pagead\/js\/adsbygoogle.js?client=ca-pub-8864793242727901\"\r\n     crossorigin=\"anonymous\"><\/script><br \/>\n<\/p>\n<div id=\"wtr-content\" data-bg=\"#FFFFFF\" data-fg=\"#006d91\" data-width=\"25\" data-mute=\"1\" data-fgopacity=\"1.00\" data-mutedopacity=\"0.5\" data-placement=\"bottom\" data-placement-offset=\"0\" data-content-offset=\"262\" data-placement-touch=\"bottom\" data-placement-offset-touch=\"0\" data-transparent=\"\" data-shadow=\"0\" data-touch=\"1\" data-non-touch=\"1\" data-comments=\"0\" data-commentsbg=\"transparent\" data-location=\"page\" data-mutedfg=\"#006d91\" data-endfg=\"#006d91\" data-rtl=\"\">\n<pre class=\"wp-block-preformatted has-small-font-size\">Foto - Ricardo Stuckert\/Divulga\u00e7\u00e3o<\/pre>\n<h3 class=\"wp-block-heading\">Gest\u00e3o federal alega \u2018dinheiro esquecido\u2019 e uso para fechar or\u00e7amento de 2024; Congresso autorizou o recolhimento de at\u00e9 R$ 8,5 bi.<\/h3>\n<p>Com uma manobra intensificada na madrugada desta quinta-feira (12), \u00e0s 1h49, a C\u00e2mara dos Deputados concluiu a aprova\u00e7\u00e3o do projeto que prev\u00ea a reonera\u00e7\u00e3o gradual da folha de pagamentos de 17 setores da\u00a0economia. A proposta autoriza o governo a confiscar recursos tidos como \u2018esquecidos\u2019 em contas banc\u00e1rias.<\/p>\n<p>J\u00e1 aprovado pelo Senado, o texto segue para san\u00e7\u00e3o do presidente\u00a0Luiz In\u00e1cio Lula da Silva\u00a0(PT), que poder\u00e1 vetar partes ou a totalidade do projeto. Caso haja vetos, a decis\u00e3o final caber\u00e1 ao Congresso.<\/p>\n<p>Se o projeto for sancionado, os titulares do chamado \u2018dinheiro esquecido\u2019 ter\u00e3o apenas 30 dias ap\u00f3s a publica\u00e7\u00e3o da norma para resgatar os valores. Ap\u00f3s esse prazo, os recursos ser\u00e3o direcionados ao Tesouro Nacional.<\/p>\n<p>Uma vez que os saldos forem transferidos para o Tesouro, o Minist\u00e9rio da Fazenda publicar\u00e1 no Di\u00e1rio Oficial da Uni\u00e3o (DOU) um edital com a rela\u00e7\u00e3o dos valores recolhidos, informando a institui\u00e7\u00e3o deposit\u00e1ria, a ag\u00eancia, a natureza e o n\u00famero da conta.<\/p>\n<p>O edital tamb\u00e9m fixar\u00e1 um prazo de 30 dias, a partir da data de sua publica\u00e7\u00e3o, para que os titulares dos recursos contestem o confisco.<\/p>\n<p>Decorrido esse prazo, os valores n\u00e3o contestados ser\u00e3o incorporados definitivamente ao Tesouro Nacional, passando a ser contabilizados como\u00a0receita\u00a0prim\u00e1ria, v\u00e1lidos para os c\u00e1lculos da meta de resultado prim\u00e1rio \u2013 a diferen\u00e7a entre o que o governo arrecada e o que gasta \u2014 conforme previsto na Lei de Diretrizes Or\u00e7ament\u00e1rias (LDO).<\/p>\n<p>Os titulares dos recursos incorporados ao Tesouro ter\u00e3o um prazo de seis meses, a partir da publica\u00e7\u00e3o do edital do Minist\u00e9rio da Fazenda, para requerer judicialmente o reconhecimento de direito aos dep\u00f3sitos.<\/p>\n<p>Ainda sem detalhamento, o projeto afirma que os recursos repassados \u00e0 Uni\u00e3o poder\u00e3o ser reclamados junto aos bancos at\u00e9 31 de dezembro de 2027.<\/p>\n<p>Na semana passada, o Banco Central divulgou que h\u00e1 R$ 8,56 bilh\u00f5es classificados como \u2018esquecidos\u2019, dispon\u00edveis para resgate atrav\u00e9s do Sistema de Valores a Receber (SVR).<\/p>\n<p>A oposi\u00e7\u00e3o, em rea\u00e7\u00e3o, tenta travar a medida, comparando-a a uma manobra \u2018Al\u00e1 Collor\u2019, similar ao confisco de recursos promovido pelo governo Fernando Collor de Mello. Um dos principais cr\u00edticos do projeto foi o deputado Marcel Van Hattem (Novo-SP).<\/p>\n<p><strong><a href=\"https:\/\/www.conexaopolitica.com.br\/politica\/valor-bilionario-governo-lula-deve-confiscar-dinheiro-de-brasileiros-em-contas-bancarias\/\">Source link<\/a><\/strong><\/p>\n<\/div>\n<p><br \/>\n<br \/><a href=\"https:\/\/paulofigueiredoshow.com\/valor-bilionario-governo-lula-deve-confiscar-dinheiro-de-brasileiros-em-contas-bancarias\/\">Source link <\/a><\/p>","protected":false},"excerpt":{"rendered":"<p>Foto &#8211; Ricardo Stuckert\/Divulga\u00e7\u00e3o Gest\u00e3o federal alega \u2018dinheiro esquecido\u2019 e uso para fechar or\u00e7amento de 2024; Congresso autorizou o recolhimento de at\u00e9 R$ 8,5 bi. Com uma manobra intensificada na&hellip;<\/p>","protected":false},"author":1,"featured_media":6276,"comment_status":"closed","ping_status":"open","sticky":false,"template":"","format":"standard","meta":{"content-type":"","footnotes":""},"categories":[16],"tags":[19804,19130,74,1815,5095,336,89,44,19805,19806],"class_list":["post-36697","post","type-post","status-publish","format-standard","has-post-thumbnail","hentry","category-noticias","tag-8-5-bi","tag-confisco","tag-conta","tag-economia","tag-folha","tag-governo","tag-lula","tag-receita","tag-reoneracao","tag-svr"],"_links":{"self":[{"href":"https:\/\/tvbrazilusa.com\/pt\/wp-json\/wp\/v2\/posts\/36697","targetHints":{"allow":["GET"]}}],"collection":[{"href":"https:\/\/tvbrazilusa.com\/pt\/wp-json\/wp\/v2\/posts"}],"about":[{"href":"https:\/\/tvbrazilusa.com\/pt\/wp-json\/wp\/v2\/types\/post"}],"author":[{"embeddable":true,"href":"https:\/\/tvbrazilusa.com\/pt\/wp-json\/wp\/v2\/users\/1"}],"replies":[{"embeddable":true,"href":"https:\/\/tvbrazilusa.com\/pt\/wp-json\/wp\/v2\/comments?post=36697"}],"version-history":[{"count":1,"href":"https:\/\/tvbrazilusa.com\/pt\/wp-json\/wp\/v2\/posts\/36697\/revisions"}],"predecessor-version":[{"id":36698,"href":"https:\/\/tvbrazilusa.com\/pt\/wp-json\/wp\/v2\/posts\/36697\/revisions\/36698"}],"wp:featuredmedia":[{"embeddable":true,"href":"https:\/\/tvbrazilusa.com\/pt\/wp-json\/wp\/v2\/media\/6276"}],"wp:attachment":[{"href":"https:\/\/tvbrazilusa.com\/pt\/wp-json\/wp\/v2\/media?parent=36697"}],"wp:term":[{"taxonomy":"category","embeddable":true,"href":"https:\/\/tvbrazilusa.com\/pt\/wp-json\/wp\/v2\/categories?post=36697"},{"taxonomy":"post_tag","embeddable":true,"href":"https:\/\/tvbrazilusa.com\/pt\/wp-json\/wp\/v2\/tags?post=36697"}],"curies":[{"name":"wp","href":"https:\/\/api.w.org\/{rel}","templated":true}]}}