{"id":36756,"date":"2024-09-13T15:48:33","date_gmt":"2024-09-13T15:48:33","guid":{"rendered":"https:\/\/tvbrazilusa.com\/2024\/09\/13\/lula-aprovou-fim-do-saque-aniversario-do-fgts-diz-marinho-paulo-figueiredo\/"},"modified":"2024-09-13T17:55:58","modified_gmt":"2024-09-13T17:55:58","slug":"lula-aprovou-fim-do-saque-aniversario-do-fgts-diz-marinho-paulo-figueiredo","status":"publish","type":"post","link":"https:\/\/tvbrazilusa.com\/pt\/2024\/09\/13\/lula-aprovou-fim-do-saque-aniversario-do-fgts-diz-marinho-paulo-figueiredo\/","title":{"rendered":"Lula aprovou fim do saque-anivers\u00e1rio do FGTS, diz Marinho &#8211; Paulo Figueiredo"},"content":{"rendered":"<p> <script async src=\"https:\/\/pagead2.googlesyndication.com\/pagead\/js\/adsbygoogle.js?client=ca-pub-8864793242727901\"\r\n     crossorigin=\"anonymous\"><\/script><br \/>\n<\/p>\n<div id=\"wtr-content\" data-bg=\"#FFFFFF\" data-fg=\"#006d91\" data-width=\"25\" data-mute=\"1\" data-fgopacity=\"1.00\" data-mutedopacity=\"0.5\" data-placement=\"bottom\" data-placement-offset=\"0\" data-content-offset=\"262\" data-placement-touch=\"bottom\" data-placement-offset-touch=\"0\" data-transparent=\"\" data-shadow=\"0\" data-touch=\"1\" data-non-touch=\"1\" data-comments=\"0\" data-commentsbg=\"transparent\" data-location=\"page\" data-mutedfg=\"#006d91\" data-endfg=\"#006d91\" data-rtl=\"\">\n<h3 class=\"wp-block-heading\">Ministro do trabalho afirma que o governo enviar\u00e1 a proposta ao Congresso em novembro, logo depois das elei\u00e7\u00f5es<\/h3>\n<p>O presidente\u00a0Luiz In\u00e1cio Lula da Silva\u00a0(PT) deu aval ao plano para acabar com o saque-anivers\u00e1rio do\u00a0FGTS\u00a0(Fundo de Garantia por Tempo de Servi\u00e7o), disse na 5\u00aa feira (12.set.2024) o ministro Luiz Marinho (Trabalho e Emprego) em entrevista \u00e0\u00a0<em>TV Globo<\/em>. Segundo ele, o projeto deve ser enviado ao Congresso em novembro, logo depois das elei\u00e7\u00f5es.<\/p>\n<p>Em contrapartida, o governo deve propor que o trabalhador do setor privado tenha mais acesso a cr\u00e9dito consignado. \u201c<em>Ele\u00a0<\/em>[Lula]\u00a0<em>est\u00e1 me cobrando: \u2018Cad\u00ea o consignado?\u2019<\/em>\u201d, declarou Marinho. \u201c<em>N\u00f3s vamos oferecer um direito a pessoas que hoje n\u00e3o est\u00e3o cobertas em nenhum lugar<\/em>\u201d, acrescentou.<\/p>\n<p>O saque-anivers\u00e1rio foi criado em 2020. A ades\u00e3o \u00e9 opcional. O trabalhador tem direito de sacar uma parcela do FGTS quando completa mais 1 ano de vida. Mas, ao optar por essa modalidade, abre m\u00e3o de receber o valor integral da conta do fundo se for demitido e s\u00f3 recebe a multa (em caso de demiss\u00e3o sem justa causa).<\/p>\n<p>Segundo Marinho, o governo quer acabar com o saque-anivers\u00e1rio desde que Lula assumiu a Presid\u00eancia. Agora, disse ele, h\u00e1 respaldo pol\u00edtico para apresentar a ideia ao Congresso, ainda que haja resist\u00eancia de alguns congressistas.<\/p>\n<p>O ministro afirmou que a principal preocupa\u00e7\u00e3o dos congressistas \u00e9 que os juros do consignado sejam mais elevados do que os oferecidos por meio do saque-anivers\u00e1rio.<\/p>\n<p>Hoje, os trabalhadores que aderiram ao saque-anivers\u00e1rio recebem o valor de forma antecipada atrav\u00e9s de empr\u00e9stimos banc\u00e1rios, com juros.<\/p>\n<p>\u201c<em>Essa \u00e9 a garantia que os parlamentares querem quando perguntam\u00a0<\/em>[sobre a proposta do governo]\u00a0<em>e a resposta \u00e9: \u00e9 poss\u00edvel voc\u00ea mudar a modalidade e ter mesmo padr\u00e3o de taxa de juros por conta das garantias que o trabalhador oferece, a folha de pagamento e, em caso de demiss\u00e3o, o Fundo de Garantia\u00a0<\/em>[para quitar o empr\u00e9stimo]\u201d, disse Marinho.<\/p>\n<p>A demora para que o projeto chegue ao Legislativo \u00e9 porque \u201c<em>falta a discuss\u00e3o<\/em>\u201d para que o governo tenha \u201c<em>a seguran\u00e7a de que o Congresso vai recepcionar<\/em>\u201d (aprovar) a medida. \u201c<em>N\u00f3s precis\u00e1vamos tamb\u00e9m pactuar internamente no governo<\/em>\u201d, afirmou o ministro.<\/p>\n<p>\u201c<em>J\u00e1 falamos sobre isso com v\u00e1rias lideran\u00e7as<\/em>\u201d, afirmou Marinho, acrescentando ter conversado sobre o assunto com o presidente da C\u00e2mara dos Deputados,\u00a0Arthur Lira\u00a0(PP-AL).<\/p>\n<p>\u201c<em>Mas vamos retomar essa conversa com a dire\u00e7\u00e3o das Casas, com o presidente Lira e o presidente\u00a0<\/em>[do Senado, Rodrigo]\u00a0<em>Pacheco<\/em>\u00a0[PSD-MG]<em>, e propor conversa com todas as lideran\u00e7as, de todos os partidos para apresentar o problema que existe hoje e a solu\u00e7\u00e3o que n\u00f3s queremos da<\/em>r\u201d, completou.<\/p>\n<p><strong><a href=\"https:\/\/www.poder360.com.br\/poder-governo\/lula-aprovou-fim-do-saque-aniversario-do-fgts-diz-marinho\/\">Source link<\/a><\/strong><\/p>\n<\/div>\n<p><br \/>\n<br \/><a href=\"https:\/\/paulofigueiredoshow.com\/lula-aprovou-fim-do-saque-aniversario-do-fgts-diz-marinho\/\">Source link <\/a><\/p>","protected":false},"excerpt":{"rendered":"<p>Ministro do trabalho afirma que o governo enviar\u00e1 a proposta ao Congresso em novembro, logo depois das elei\u00e7\u00f5es O presidente\u00a0Luiz In\u00e1cio Lula da Silva\u00a0(PT) deu aval ao plano para acabar&hellip;<\/p>","protected":false},"author":1,"featured_media":7428,"comment_status":"closed","ping_status":"open","sticky":false,"template":"","format":"standard","meta":{"content-type":"","footnotes":""},"categories":[16],"tags":[203,979,2652,1806,336,89],"class_list":["post-36756","post","type-post","status-publish","format-standard","has-post-thumbnail","hentry","category-noticias","tag-aniversario","tag-aprovou","tag-fgts","tag-fim","tag-governo","tag-lula"],"_links":{"self":[{"href":"https:\/\/tvbrazilusa.com\/pt\/wp-json\/wp\/v2\/posts\/36756","targetHints":{"allow":["GET"]}}],"collection":[{"href":"https:\/\/tvbrazilusa.com\/pt\/wp-json\/wp\/v2\/posts"}],"about":[{"href":"https:\/\/tvbrazilusa.com\/pt\/wp-json\/wp\/v2\/types\/post"}],"author":[{"embeddable":true,"href":"https:\/\/tvbrazilusa.com\/pt\/wp-json\/wp\/v2\/users\/1"}],"replies":[{"embeddable":true,"href":"https:\/\/tvbrazilusa.com\/pt\/wp-json\/wp\/v2\/comments?post=36756"}],"version-history":[{"count":1,"href":"https:\/\/tvbrazilusa.com\/pt\/wp-json\/wp\/v2\/posts\/36756\/revisions"}],"predecessor-version":[{"id":36757,"href":"https:\/\/tvbrazilusa.com\/pt\/wp-json\/wp\/v2\/posts\/36756\/revisions\/36757"}],"wp:featuredmedia":[{"embeddable":true,"href":"https:\/\/tvbrazilusa.com\/pt\/wp-json\/wp\/v2\/media\/7428"}],"wp:attachment":[{"href":"https:\/\/tvbrazilusa.com\/pt\/wp-json\/wp\/v2\/media?parent=36756"}],"wp:term":[{"taxonomy":"category","embeddable":true,"href":"https:\/\/tvbrazilusa.com\/pt\/wp-json\/wp\/v2\/categories?post=36756"},{"taxonomy":"post_tag","embeddable":true,"href":"https:\/\/tvbrazilusa.com\/pt\/wp-json\/wp\/v2\/tags?post=36756"}],"curies":[{"name":"wp","href":"https:\/\/api.w.org\/{rel}","templated":true}]}}