{"id":36783,"date":"2024-09-13T19:07:18","date_gmt":"2024-09-13T19:07:18","guid":{"rendered":"https:\/\/tvbrazilusa.com\/2024\/09\/13\/kendrick-perkins-chama-a-previsao-de-mvp-de-jayson-tatum-de-egoista-no-bom-sentido\/"},"modified":"2024-09-13T19:11:41","modified_gmt":"2024-09-13T19:11:41","slug":"kendrick-perkins-chama-a-previsao-de-mvp-de-jayson-tatum-de-egoista-no-bom-sentido","status":"publish","type":"post","link":"https:\/\/tvbrazilusa.com\/pt\/2024\/09\/13\/kendrick-perkins-chama-a-previsao-de-mvp-de-jayson-tatum-de-egoista-no-bom-sentido\/","title":{"rendered":"Kendrick Perkins chama a previs\u00e3o de MVP de Jayson Tatum de &#8220;ego\u00edsta&#8221; \u2014 no bom sentido"},"content":{"rendered":"<p> <script async src=\"https:\/\/pagead2.googlesyndication.com\/pagead\/js\/adsbygoogle.js?client=ca-pub-8864793242727901\"\r\n     crossorigin=\"anonymous\"><\/script><br \/>\n<\/p>\n<div id=\"\">\n<header class=\"m-article-header m-article-header--standard\">\n\t\t\t\t\t\t\t\t\t\t\t\t<span id=\"article-header-primary-term\"><br \/>\n\t\t\t\t\t\t\t\t<a class=\"a-term a-term--primary\" href=\"https:\/\/www.boston.com\/tag\/boston-celtics\/\"><\/p>\n<p>\t\t\t\t\t\t\t\tCeltas\t\t\t\t\t\t\t\t<\/a><br \/>\n\t\t\t\t\t\t\t<\/span><\/p>\n<h2 class=\"m-article-header__sub-headline\">&#8220;Se um indiv\u00edduo quer atingir e conquistar reconhecimentos individuais, eu apoio.&#8221;<\/h2>\n<figure class=\"a-photo m-article-header__photo\"><figcaption class=\"a-photo__caption\">\n<p>\tJayson Tatum quer ganhar o pr\u00eamio de MVP ap\u00f3s liderar o Celtics ao t\u00edtulo em 2023-24. <em> (Foto de Billie Weiss\/Getty Images)<\/em>\t<\/figcaption><\/figure>\n<\/header>\n<p>Quando Jayson Tatum foi questionado sobre quem ele achava que ganharia o pr\u00eamio de MVP da temporada 2024-25 <a href=\"https:\/\/www.boston.com\/sports\/boston-celtics\/2024\/09\/12\/jayson-tatum-jimmy-fallon-tonight-show-deuce-nba-champion-prediction\/\" target=\"_blank\" rel=\"noreferrer noopener\">no \u201cThe Tonight Show\u201d,<\/a> a estrela do Celtics parou por um segundo antes de perguntar a Jimmy Fallon se n\u00e3o havia problema em ele mesmo ser escolhido.<\/p>\n<p>Como Tatum pareceu hesitar em escolher a si mesmo para ganhar o pr\u00eamio de MVP, Kendrick Perkins quer que a estrela do Celtics abrace seu desejo por elogios individuais. Perkins, que ganhou um t\u00edtulo com o Celtics e agora \u00e9 analista da ESPN, disse que a previs\u00e3o de MVP de Tatum foi &#8220;ego\u00edsta&#8221;, mas explicou que n\u00e3o h\u00e1 problema em jogadores quererem ganhar um pr\u00eamio como esse.<\/p>\n<p>\u201cN\u00e3o estou sendo negativo nem nada\u201d, Perkins <a href=\"https:\/\/x.com\/ESPNNBA\/status\/1834329157896908926\" target=\"_blank\" rel=\"noreferrer noopener\">disse no \u201cNBA Today\u201d antes de dar a defini\u00e7\u00e3o de ego\u00edsta<\/a>. \u201cAqui est\u00e1 a quest\u00e3o: eu entendo que basquete \u00e9 um esporte de equipe, certo? E eu entendo que campeonatos ajudaram a definir o legado de muitos caras. Caramba, eu ainda sou chamado de campe\u00e3o da NBA at\u00e9 hoje.<\/p>\n<p>\u201cMas se um indiv\u00edduo quiser atingir e conquistar reconhecimentos individuais, eu concordo totalmente.\u201d<\/p>\n<figure class=\"wp-block-embed is-type-video is-provider-sendtonews wp-block-embed-sendtonews\"\/>\n<p>Perkins compartilhou que ele tamb\u00e9m podia se identificar com Tatum. Dois anos ap\u00f3s a temporada de campeonato do Celtics em 2007-08, Perkins decidiu que queria fazer uma tentativa de All-Star na temporada 2009-10. Esse desejo inicialmente levou a alguma resist\u00eancia com um dos l\u00edderes do time.<\/p>\n<p>\u201c[Kevin Garnett] e eu, em 2009-10, n\u00f3s realmente entramos em uma batalha acirrada que quase nos custou nosso relacionamento depois que ganhamos o campeonato porque KG sentiu que eu estava jogando para tentar entrar no time All-Star. E eu estava\u201d, disse Perkins. \u201cEu tinha minha pr\u00f3pria agenda pessoal. Ticket, o grand\u00e3o, ele teve que ir e pensar sobre isso. Ele disse, &#8216;Perk, eu deveria querer que voc\u00ea entrasse no time All-Star. Voc\u00ea deveria querer isso para si mesmo.&#8217; <\/p>\n<p>\u201cPortanto, n\u00e3o tenho problemas com um jogador que seja um tanto ego\u00edsta querendo realizar coisas individualmente.\u201d<\/p>\n<figure class=\"wp-block-embed is-type-rich is-provider-twitter wp-block-embed-twitter\"\/>\n<p>Tatum <a href=\"https:\/\/www.boston.com\/sports\/boston-celtics\/2024\/02\/17\/celtics-jayson-tatum-mvp-chances-face-of-nba-quote\/\" target=\"_blank\" rel=\"noreferrer noopener\">expressou o desejo de ganhar o pr\u00eamio de MVP<\/a> no passado, dizendo que \u201cpr\u00eamios individuais s\u00e3o importantes\u201d quando falou com rep\u00f3rteres no All-Star Game na temporada passada. <\/p>\n<p>\u201cEles t\u00eam pr\u00eamios individuais por um motivo\u201d, disse Tatum em fevereiro. \u201cComo competidor, como jogador, voc\u00ea cresceu assistindo seus jogadores favoritos ganharem MVP, primeiro time All-NBA e tudo isso.\u201d<\/p>\n<p>Tatum tem pairado na lista de favoritos para ganhar o pr\u00eamio de MVP nas \u00faltimas tr\u00eas temporadas. Ele <a href=\"https:\/\/www.espn.com\/nba\/story\/_\/id\/35253462\/nba-mvp-straw-poll-luka-giannis-tatum-100-league-insiders-make-their-picks\" target=\"_blank\" rel=\"noreferrer noopener\">foi brevemente visto como o favorito<\/a> para ganhar o pr\u00eamio na temporada 2022-23, mas terminou em quarto ap\u00f3s uma sequ\u00eancia fria de arremessos no final daquela temporada. Tatum terminou em sexto nas temporadas 2021-22 e 2023-24 tamb\u00e9m.<\/p>\n<p>O pr\u00eamio MVP \u00e9 uma das poucas honrarias importantes que Tatum ainda n\u00e3o ganhou nas primeiras sete temporadas de sua carreira. Tatum, que foi nomeado primeiro time All-NBA em cada uma das \u00faltimas tr\u00eas temporadas, tem +1800 chances de ganhar o pr\u00eamio MVP nesta pr\u00f3xima temporada <a href=\"https:\/\/sportsbook.draftkings.com\/leagues\/basketball\/nba?category=awards&#038;subcategory=regular-season-mvp\" target=\"_blank\" rel=\"noreferrer noopener\">no DraftKings Sportsbook<\/a>que est\u00e1 empatado com a s\u00e9tima melhor probabilidade. <\/p>\n<p>Claro, os f\u00e3s do Celtics podem querer que Tatum coloque seus olhos em ganhar o pr\u00eamio de MVP das Finais, que foi para Jaylen Brown durante a corrida pelo t\u00edtulo de Boston em junho. Tatum \u00e9 o favorito nas apostas para ganhar esse pr\u00eamio em +600. <\/p>\n<div class=\"m-block m-generic-cta\t m-generic-cta--post-content\t m-generic-cta--dark\t m-generic-cta--homepage\t m-generic-cta--email-signup\t\t m-generic-cta-block-style--default \tt-amp__generic-cta\"><\/p>\n<div class=\"m-generic-cta__wrap\">\n<div class=\"m-generic-cta__content\">\n<h3 class=\"m-generic-cta__title\">Inscreva-se para receber atualiza\u00e7\u00f5es do Celtics\ud83c\udfc0<\/h3>\n<p class=\"m-generic-cta__subtitle\">Receba not\u00edcias de \u00faltima hora e an\u00e1lises na sua caixa de entrada durante a temporada de basquete.<\/p>\n<\/p><\/div>\n<\/p><\/div>\n<\/div><\/div>\n<p><script>\n\t\tvar consent=\"grant\";\n\t\t\/* The above code is parsing the JSON data from the local storage and storing it in a variable. *\/\n\t\t\t\t\tconst onetrustStorageConsent = JSON.parse(localStorage.getItem( 'consent_one_trust_bdc' ) );\n\t\t\tif ( ( onetrustStorageConsent !== null ) ) {\n\t\t\t\t\/* Checking to see if the user has consented to the use of cookies.\n\t\t\t\t* If they have not, it is deleting the cookie.\n\t\t\t\t* This will comment for now, until further notice.\n\t\t\t\t*\/\n\t\t\t\t\/\/if ( onetrustStorageConsent.C0002 === false ) {\n\t\t\t\t\/\/\tdocument.cookie=\"_fbp=;expires=Thu, 01 Jan 2010 00:00:00 UTC; path=\/; domain=.boston.com\";\n\t\t\t\t\/\/}\n\t\t\t\t\/* Checking if the user has given consent for the cookie C0002.\n\t\t\t\t* If the user has given consent, the variable consent will be set to 'grant'.\n\t\t\t\t* If the user has not given consent,the variable consent will be set to 'revoke'.\n\t\t\t\t* Documentation https:\/\/developers.facebook.com\/docs\/meta-pixel\/implementation\/gdpr\n\t\t\t\t*\/\n\t\t\t\tif ( onetrustStorageConsent.C0002 !== true ) {\n\t\t\t\t\tconsent=\"revoke\";\n\t\t\t\t}\n\t\t\t}\n\t\t\t\t!function(f,b,e,v,n,t,s)\n\t\t{if(f.fbq)return;n=f.fbq=function(){n.callMethod?\n\t\tn.callMethod.apply(n,arguments):n.queue.push(arguments)};\n\t\tif(!f._fbq)f._fbq=n;n.push=n;n.loaded=!0;n.version='2.0';\n\t\tn.queue=[];t=b.createElement(e);t.async=!0;\n\t\tt.src=v;s=b.getElementsByTagName(e)[0];\n\t\ts.parentNode.insertBefore(t,s)}(window, document,'script',\n\t\t'https:\/\/connect.facebook.net\/en_US\/fbevents.js');\n\t\tfbq('consent', consent);\n\t\tfbq('init', '989222871864976');\n\t\tfbq('track', 'PageView');\n\t<\/script><script type=\"module\">\n\t\tvar consent=\"grant\";\n\t\t\/* The above code is parsing the JSON data from the local storage and storing it in a variable. *\/\n\t\t\tconst onetrustStorageConsent = JSON.parse(localStorage.getItem( 'consent_one_trust_bdc' ) );\n\t\t\t\/* Checking to see if the user has consented to the use of cookies.\n\t\t\t* If they have not, it is deleting the cookie.\n\t\t\t* This will comment for now, until further notice.\n\t\t\t*\/\n\t\t\t\/\/if ( onetrustStorageConsent.C0002 === false ) {\n\t\t\t\/\/\tdocument.cookie=\"_fbp=;expires=Thu, 01 Jan 2010 00:00:00 UTC; path=\/; domain=.boston.com\";\n\t\t\t\/\/}\n\t\t\t\/* Checking if the user has given consent for the cookie C0002.\n\t\t\t* If the user has given consent, the variable consent will be set to 'grant'.\n\t\t\t* If the user has not given consent,the variable consent will be set to 'revoke'.\n\t\t\t* Documentation https:\/\/developers.facebook.com\/docs\/meta-pixel\/implementation\/gdpr\n\t\t\t*\/\n\t\t\tif ( ( onetrustStorageConsent !== null ) && (onetrustStorageConsent.C0002 !== true ) ) {\n\t\t\t\tconsent=\"revoke\";\n\t\t\t}\n\t\t\t\t!function(f,b,e,v,n,t,s){if(f.fbq)return;n=f.fbq=function()\n\t\t{n.callMethod? n.callMethod.apply(n,arguments):n.queue.push(arguments)}\n\t\t;if(!f._fbq)f._fbq=n;\n\t\tn.push=n;n.loaded=!0;n.version='2.0';n.queue=[];t=b.createElement(e);t.async=!0;\n\t\tt.src=v;s=b.getElementsByTagName(e)[0];s.parentNode.insertBefore(t,s)}(window,\n\t\tdocument,'script','https:\/\/connect.facebook.net\/en_US\/fbevents.js');\n\t\tfbq('consent', consent);\n\t\tfbq('init', '813236348753005');\n\t\tfbq('track', \"PageView\");\n\t<\/script><br \/>\n<br \/><br \/>\n<br \/><a href=\"https:\/\/www.boston.com\/sports\/boston-celtics\/2024\/09\/13\/celtics-jayson-tatum-mvp-kendrick-perkins-selfish\/\">Source link <\/a><\/p>","protected":false},"excerpt":{"rendered":"<p>Celtas &#8220;Se um indiv\u00edduo quer atingir e conquistar reconhecimentos individuais, eu apoio.&#8221; Jayson Tatum quer ganhar o pr\u00eamio de MVP ap\u00f3s liderar o Celtics ao t\u00edtulo em 2023-24. (Foto de&hellip;<\/p>","protected":false},"author":1,"featured_media":36784,"comment_status":"closed","ping_status":"open","sticky":false,"template":"","format":"standard","meta":{"content-type":"","footnotes":""},"categories":[1],"tags":[],"class_list":["post-36783","post","type-post","status-publish","format-standard","has-post-thumbnail","hentry","category-uncategorized"],"_links":{"self":[{"href":"https:\/\/tvbrazilusa.com\/pt\/wp-json\/wp\/v2\/posts\/36783","targetHints":{"allow":["GET"]}}],"collection":[{"href":"https:\/\/tvbrazilusa.com\/pt\/wp-json\/wp\/v2\/posts"}],"about":[{"href":"https:\/\/tvbrazilusa.com\/pt\/wp-json\/wp\/v2\/types\/post"}],"author":[{"embeddable":true,"href":"https:\/\/tvbrazilusa.com\/pt\/wp-json\/wp\/v2\/users\/1"}],"replies":[{"embeddable":true,"href":"https:\/\/tvbrazilusa.com\/pt\/wp-json\/wp\/v2\/comments?post=36783"}],"version-history":[{"count":1,"href":"https:\/\/tvbrazilusa.com\/pt\/wp-json\/wp\/v2\/posts\/36783\/revisions"}],"predecessor-version":[{"id":36785,"href":"https:\/\/tvbrazilusa.com\/pt\/wp-json\/wp\/v2\/posts\/36783\/revisions\/36785"}],"wp:featuredmedia":[{"embeddable":true,"href":"https:\/\/tvbrazilusa.com\/pt\/wp-json\/wp\/v2\/media\/36784"}],"wp:attachment":[{"href":"https:\/\/tvbrazilusa.com\/pt\/wp-json\/wp\/v2\/media?parent=36783"}],"wp:term":[{"taxonomy":"category","embeddable":true,"href":"https:\/\/tvbrazilusa.com\/pt\/wp-json\/wp\/v2\/categories?post=36783"},{"taxonomy":"post_tag","embeddable":true,"href":"https:\/\/tvbrazilusa.com\/pt\/wp-json\/wp\/v2\/tags?post=36783"}],"curies":[{"name":"wp","href":"https:\/\/api.w.org\/{rel}","templated":true}]}}