{"id":36797,"date":"2024-09-13T19:31:22","date_gmt":"2024-09-13T19:31:22","guid":{"rendered":"https:\/\/tvbrazilusa.com\/2024\/09\/13\/papa-critica-harris-e-trump-por-suas-posicoes-anti-vida-e-pede-que-catolicos-votem-no-mal-menor-wsvn-7news-noticias-de-miami-clima-esportes-fort-lauderdale\/"},"modified":"2024-09-13T19:34:42","modified_gmt":"2024-09-13T19:34:42","slug":"papa-critica-harris-e-trump-por-suas-posicoes-anti-vida-e-pede-que-catolicos-votem-no-mal-menor-wsvn-7news-noticias-de-miami-clima-esportes-fort-lauderdale","status":"publish","type":"post","link":"https:\/\/tvbrazilusa.com\/pt\/2024\/09\/13\/papa-critica-harris-e-trump-por-suas-posicoes-anti-vida-e-pede-que-catolicos-votem-no-mal-menor-wsvn-7news-noticias-de-miami-clima-esportes-fort-lauderdale\/","title":{"rendered":"Papa critica Harris e Trump por suas posi\u00e7\u00f5es anti-vida e pede que cat\u00f3licos votem no &#8220;mal menor&#8221; &#8211; WSVN 7News | Not\u00edcias de Miami, Clima, Esportes | Fort Lauderdale"},"content":{"rendered":"<p> <script async src=\"https:\/\/pagead2.googlesyndication.com\/pagead\/js\/adsbygoogle.js?client=ca-pub-8864793242727901\"\r\n     crossorigin=\"anonymous\"><\/script><br \/>\n<\/p>\n<div itemprop=\"articleBody\">\n<p>A BORDO DO AVI\u00c3O PAPAL (AP) \u2014 O Papa Francisco criticou na sexta-feira os dois candidatos presidenciais dos EUA pelo que chamou de pol\u00edticas antivida sobre aborto e migra\u00e7\u00e3o, e aconselhou os cat\u00f3licos americanos a escolherem quem eles acham que \u00e9 o &#8220;mal menor&#8221; nas pr\u00f3ximas elei\u00e7\u00f5es dos EUA.<\/p>\n<p>\u201cAmbos s\u00e3o contra a vida, seja aquele que expulsa os migrantes, seja aquele que mata beb\u00eas\u201d, disse Francisco.<\/p>\n<p>O jesu\u00edta argentino foi convidado a dar conselhos aos eleitores cat\u00f3licos americanos durante uma entrevista coletiva no ar enquanto ele voava de volta para Roma de sua viagem por quatro pa\u00edses pela \u00c1sia. Francisco enfatizou que ele n\u00e3o \u00e9 americano e n\u00e3o votaria.<\/p>\n<p>Nem o candidato republicano Donald Trump nem a candidata democrata Kamala Harris foram mencionados nominalmente.<\/p>\n<p>Mas Francisco, mesmo assim, se expressou em termos firmes quando solicitado a opinar sobre suas posi\u00e7\u00f5es em duas quest\u00f5es pol\u00eamicas nas elei\u00e7\u00f5es dos EUA \u2014 aborto e migra\u00e7\u00e3o \u2014 que tamb\u00e9m s\u00e3o de grande preocupa\u00e7\u00e3o para a Igreja Cat\u00f3lica.<\/p>\n<p>Francisco fez da situa\u00e7\u00e3o dos migrantes uma prioridade de seu pontificado e fala enfaticamente e frequentemente sobre isso. Embora defenda fortemente o ensinamento da igreja que pro\u00edbe o aborto, Francisco n\u00e3o enfatizou a doutrina da igreja tanto quanto seus predecessores.<\/p>\n<p>Francisco disse que a migra\u00e7\u00e3o \u00e9 um direito descrito nas Escrituras e que qualquer um que n\u00e3o siga o chamado b\u00edblico de acolher o estrangeiro est\u00e1 cometendo um \u201cpecado grave\u201d.<\/p>\n<p>Ele tamb\u00e9m foi direto ao falar sobre aborto. \u201cFazer um aborto \u00e9 matar um ser humano. Voc\u00ea pode gostar da palavra ou n\u00e3o, mas \u00e9 matar\u201d, ele disse. \u201cTemos que ver isso claramente.\u201d<\/p>\n<p>Questionado sobre o que os eleitores devem fazer nas urnas, Francisco lembrou o dever c\u00edvico de votar.<\/p>\n<p>\u201cDeve-se votar e escolher o mal menor\u201d, \u200b\u200bele disse. \u201cQuem \u00e9 o mal menor, a mulher ou o homem? N\u00e3o sei.<\/p>\n<p>\u201cTodos em consci\u00eancia deveriam pensar e fazer isso\u201d, disse ele.<\/p>\n<p>N\u00e3o \u00e9 a primeira vez que Francis opina sobre uma elei\u00e7\u00e3o nos EUA. Na prepara\u00e7\u00e3o para a elei\u00e7\u00e3o de 2016, Francis foi questionado sobre o plano de Trump de construir um muro na fronteira EUA-M\u00e9xico. Francis declarou ent\u00e3o que qualquer um que construa um muro para manter migrantes fora &#8220;n\u00e3o \u00e9 crist\u00e3o&#8221;.<\/p>\n<p>Ao responder na sexta-feira, Francisco lembrou que celebrou a missa na fronteira EUA-M\u00e9xico e que \u201chavia muitos sapatos de migrantes que acabaram mal l\u00e1\u201d.<\/p>\n<p>Trump promete deporta\u00e7\u00f5es em massa, assim como fez em sua primeira tentativa de chegar \u00e0 Casa Branca, quando havia um enorme abismo entre suas ambi\u00e7\u00f5es e as realidades legais, financeiras e pol\u00edticas de tal empreendimento.<\/p>\n<p>A confer\u00eancia dos bispos dos EUA, por sua vez, chamou o aborto de \u201cprioridade preeminente\u201d para os cat\u00f3licos americanos em seu conselho de eleitores publicado. Harris defendeu fortemente os direitos ao aborto e enfatizou o apoio \u00e0 reintegra\u00e7\u00e3o de um direito federal ao aborto.<\/p>\n<p>Em seus coment\u00e1rios, o papa acrescentou: \u201cSobre o aborto, a ci\u00eancia diz que um m\u00eas ap\u00f3s a concep\u00e7\u00e3o, todos os \u00f3rg\u00e3os de um ser humano j\u00e1 est\u00e3o l\u00e1, todos eles. Realizar um aborto \u00e9 matar um ser humano. Quer voc\u00ea goste da palavra ou n\u00e3o, isso \u00e9 matar. Voc\u00ea n\u00e3o pode dizer que a igreja est\u00e1 fechada porque n\u00e3o permite o aborto. A igreja n\u00e3o permite o aborto porque \u00e9 matar. \u00c9 assassinato.\u201d<\/p>\n<p>No entanto, as c\u00e9lulas est\u00e3o apenas come\u00e7ando o processo de desenvolvimento de \u00f3rg\u00e3os nas primeiras semanas de gravidez. O Col\u00e9gio Americano de Obstetras e Ginecologistas diz que, em 13 semanas, todos os principais \u00f3rg\u00e3os j\u00e1 se formaram. Por exemplo, o tecido card\u00edaco come\u00e7a a se formar nos primeiros dois meses \u2014 inicialmente um tubo que s\u00f3 mais tarde evolui para as quatro c\u00e2maras que definem um cora\u00e7\u00e3o.<\/p>\n<p>Em outros coment\u00e1rios, Francisco:<\/p>\n<p>\u2014 negou uma reportagem da m\u00eddia francesa de que ele viajaria a Paris para a inaugura\u00e7\u00e3o em dezembro da restaurada Catedral de Notre Dame, dizendo categoricamente que n\u00e3o estaria l\u00e1. Mas ele confirmou que gostaria de ir \u00e0s Ilhas Can\u00e1rias para destacar a situa\u00e7\u00e3o dos migrantes.<\/p>\n<p>\u2014 abafou novas especula\u00e7\u00f5es de que ele poderia finalmente retornar \u00e0 Argentina no final deste ano, dizendo que quer ir, mas que nada havia sido decidido. Ele acrescentou: \u201cH\u00e1 v\u00e1rias coisas para resolver primeiro.\u201d Francisco n\u00e3o volta para casa desde antes do conclave de 2013 que o elegeu papa.<\/p>\n<p>\u2014 declarou que a China era \u201cuma promessa e uma esperan\u00e7a\u201d para a Igreja Cat\u00f3lica e esperava um dia visit\u00e1-la.<\/p>\n<p>\u2014 chamou o abuso sexual de \u201cdemon\u00edaco\u201d e ponderou sobre as \u00faltimas revela\u00e7\u00f5es de agress\u00e3o contra um lend\u00e1rio padre franc\u00eas, o abade Pierre.<\/p>\n<p><em>Copyright 2024 The Associated Press. Todos os direitos reservados. Este material n\u00e3o pode ser publicado, transmitido, reescrito ou redistribu\u00eddo.<\/em><\/p>\n<div class=\"wp-block-newsletter\">\n\t<strong class=\"wp-block-newsletter__title\">Inscreva-se em nossa Newsletter para receber as \u00faltimas not\u00edcias diretamente na sua caixa de entrada<\/strong><\/p>\n<\/div><\/div>\n<p><br \/>\n<br \/><a href=\"https:\/\/wsvn.com\/news\/us-world\/pope-slams-harris-and-trump-on-anti-life-stances-urges-catholics-to-vote-for-lesser-evil\/\">Source link <\/a><\/p>","protected":false},"excerpt":{"rendered":"<p>A BORDO DO AVI\u00c3O PAPAL (AP) \u2014 O Papa Francisco criticou na sexta-feira os dois candidatos presidenciais dos EUA pelo que chamou de pol\u00edticas antivida sobre aborto e migra\u00e7\u00e3o, e&hellip;<\/p>","protected":false},"author":1,"featured_media":36798,"comment_status":"closed","ping_status":"open","sticky":false,"template":"","format":"standard","meta":{"content-type":"","footnotes":""},"categories":[1],"tags":[],"class_list":["post-36797","post","type-post","status-publish","format-standard","has-post-thumbnail","hentry","category-uncategorized"],"_links":{"self":[{"href":"https:\/\/tvbrazilusa.com\/pt\/wp-json\/wp\/v2\/posts\/36797","targetHints":{"allow":["GET"]}}],"collection":[{"href":"https:\/\/tvbrazilusa.com\/pt\/wp-json\/wp\/v2\/posts"}],"about":[{"href":"https:\/\/tvbrazilusa.com\/pt\/wp-json\/wp\/v2\/types\/post"}],"author":[{"embeddable":true,"href":"https:\/\/tvbrazilusa.com\/pt\/wp-json\/wp\/v2\/users\/1"}],"replies":[{"embeddable":true,"href":"https:\/\/tvbrazilusa.com\/pt\/wp-json\/wp\/v2\/comments?post=36797"}],"version-history":[{"count":1,"href":"https:\/\/tvbrazilusa.com\/pt\/wp-json\/wp\/v2\/posts\/36797\/revisions"}],"predecessor-version":[{"id":36799,"href":"https:\/\/tvbrazilusa.com\/pt\/wp-json\/wp\/v2\/posts\/36797\/revisions\/36799"}],"wp:featuredmedia":[{"embeddable":true,"href":"https:\/\/tvbrazilusa.com\/pt\/wp-json\/wp\/v2\/media\/36798"}],"wp:attachment":[{"href":"https:\/\/tvbrazilusa.com\/pt\/wp-json\/wp\/v2\/media?parent=36797"}],"wp:term":[{"taxonomy":"category","embeddable":true,"href":"https:\/\/tvbrazilusa.com\/pt\/wp-json\/wp\/v2\/categories?post=36797"},{"taxonomy":"post_tag","embeddable":true,"href":"https:\/\/tvbrazilusa.com\/pt\/wp-json\/wp\/v2\/tags?post=36797"}],"curies":[{"name":"wp","href":"https:\/\/api.w.org\/{rel}","templated":true}]}}