{"id":36800,"date":"2024-09-13T19:36:45","date_gmt":"2024-09-13T19:36:45","guid":{"rendered":"https:\/\/tvbrazilusa.com\/2024\/09\/13\/peticao-por-impeachment-de-alexandre-de-moraes-atinge-15-milhao-de-assinaturas-paulo-figueiredo\/"},"modified":"2024-09-13T19:41:41","modified_gmt":"2024-09-13T19:41:41","slug":"peticao-por-impeachment-de-alexandre-de-moraes-atinge-15-milhao-de-assinaturas-paulo-figueiredo","status":"publish","type":"post","link":"https:\/\/tvbrazilusa.com\/pt\/2024\/09\/13\/peticao-por-impeachment-de-alexandre-de-moraes-atinge-15-milhao-de-assinaturas-paulo-figueiredo\/","title":{"rendered":"Peti\u00e7\u00e3o por impeachment de Alexandre de Moraes atinge 1,5 milh\u00e3o de assinaturas &#8211; Paulo Figueiredo"},"content":{"rendered":"<p> <script async src=\"https:\/\/pagead2.googlesyndication.com\/pagead\/js\/adsbygoogle.js?client=ca-pub-8864793242727901\"\r\n     crossorigin=\"anonymous\"><\/script><br \/>\n<\/p>\n<div id=\"wtr-content\" data-bg=\"#FFFFFF\" data-fg=\"#006d91\" data-width=\"25\" data-mute=\"1\" data-fgopacity=\"1.00\" data-mutedopacity=\"0.5\" data-placement=\"bottom\" data-placement-offset=\"0\" data-content-offset=\"262\" data-placement-touch=\"bottom\" data-placement-offset-touch=\"0\" data-transparent=\"\" data-shadow=\"0\" data-touch=\"1\" data-non-touch=\"1\" data-comments=\"0\" data-commentsbg=\"transparent\" data-location=\"page\" data-mutedfg=\"#006d91\" data-endfg=\"#006d91\" data-rtl=\"\">\n<pre class=\"wp-block-preformatted has-small-font-size\">Foto - EFE\/Isaac Fontana<\/pre>\n<h3 class=\"wp-block-heading\">A peti\u00e7\u00e3o que pede o impeachment do ministro Alexandre de Moraes atingiu a marca de 1,5 milh\u00e3o de assinaturas.<\/h3>\n<p>A peti\u00e7\u00e3o p\u00fablica que pede o\u00a0<em>impeachment\u00a0<\/em>do Ministro do Supremo Tribunal Federal (STF) Alexandre de Moraes atingiu a marca de 1,5 milh\u00e3o de assinaturas na madrugada desta sexta-feira, 13.<\/p>\n<p>O abaixo-assinado, dispon\u00edvel em plataformas on-line, acusa o ministro de uma s\u00e9rie de condutas que, segundo os signat\u00e1rios, configuram crime de responsabilidade.<\/p>\n<p>O movimento foi impulsionado pelas\u00a0<strong>den\u00fancias publicadas pelo jornal\u00a0<em>Folha de S.Paulo<\/em><\/strong>\u00a0e assinadas pelos jornalistas F\u00e1bio Serapi\u00e3o e Glenn Greenwald.<\/p>\n<p>As den\u00fancias giram em torno de alega\u00e7\u00f5es de abuso de poder. Mensagens entre auxiliares de Moraes no STF e no TSE mostram que o ministro decidia que seria investigado e mandava a equipe confeccionar relat\u00f3rios que embasariam medidas judiciais, com bloqueio de contas e desmonentiza\u00e7\u00e3o de p\u00e1ginas.<\/p>\n<p><strong>A peti\u00e7\u00e3o<\/strong>\u00a0est\u00e1 dispon\u00edvel no site change.org e qualquer pessoa pode assinar. Basta inserir o nome, sobrenome e e-mail. Peti\u00e7\u00f5es on-line n\u00e3o t\u00eam validade jur\u00eddica, pois n\u00e3o oferecem meios de verifica\u00e7\u00e3o.<\/p>\n<h3 class=\"wp-block-heading\">Os motivos para o\u00a0<em>impeachment\u00a0<\/em>de Moraes<\/h3>\n<p>De acordo com as reportagens da\u00a0<em>Folha<\/em>, o Ministro teria ordenado informalmente a produ\u00e7\u00e3o de relat\u00f3rios pelo Tribunal Superior Eleitoral (TSE) com o objetivo de embasar decis\u00f5es contra apoiadores do ex-presidente Jair Bolsonaro e p\u00e1ginas de direita no inqu\u00e9rito das\u00a0<em>fake news<\/em>.<\/p>\n<p>A peti\u00e7\u00e3o solicita formalmente ao presidente do Senado Federal,\u00a0<strong>Rodrigo Pacheco<\/strong>\u00a0(PSD-MG), a instaura\u00e7\u00e3o de um processo de\u00a0<em>impeachment\u00a0<\/em>com base na Lei 1.079\/1950, que regula os crimes de responsabilidade.<\/p>\n<p>A pe\u00e7a argumenta que o ministro teria forjado provas e violado o devido processo legal, configurando uma s\u00e9rie de irregularidades que, segundo os signat\u00e1rios, atentam contra os pilares democr\u00e1ticos.<\/p>\n<p>O texto descreve as a\u00e7\u00f5es de Moraes como \u201co maior atentado \u00e0 democracia j\u00e1 testemunhado pelo povo brasileiro\u201d.<\/p>\n<p>A mobiliza\u00e7\u00e3o em torno do abaixo-assinado reflete um antigo descontentamento de parte da popula\u00e7\u00e3o com a atua\u00e7\u00e3o do ministro Alexandre de Moraes.<\/p>\n<p>Em 2021, uma peti\u00e7\u00e3o iniciada pelo senador Jorge Kajuru (PSB-GO) e pelo bacharel em Direito e comentarista pol\u00edtico Caio Coppolla chegou a 4,8 milh\u00f5es de assinaturas.<\/p>\n<h3 class=\"wp-block-heading\">O abaixo-assinado foi levado ao Senado<\/h3>\n<p>O pedido formal de\u00a0<em>impeachment\u00a0<\/em>do Ministro Alexandre de Moraes foi entregue ao Senado, o \u00fanico \u00f3rg\u00e3o com compet\u00eancia para processar ministros do STF.<\/p>\n<p>De acordo com\u00a0<strong>levantamento<\/strong>\u00a0divulgado atualizado periodicamente, s\u00e3o 36 senadores favor\u00e1veis ao pedido, contra 29 indecisos e 16 contr\u00e1rios.<\/p>\n<p>Nunca ocorreu uma deposi\u00e7\u00e3o de ministro do STF na hist\u00f3ria do Brasil. Moraes j\u00e1 acumula 24 pedidos de\u00a0<em>impeachment<\/em>, segundo o Poder360.<\/p>\n<p><strong><a href=\"https:\/\/revistaoeste.com\/politica\/peticao-contra-moraes-15-milhao-assinaturas\/\">Source link<\/a><\/strong><\/p>\n<\/div>\n<p><br \/>\n<br \/><a href=\"https:\/\/paulofigueiredoshow.com\/peticao-por-impeachment-de-alexandre-de-moraes-atinge-15-milhao-de-assinaturas\/\">Source link <\/a><\/p>","protected":false},"excerpt":{"rendered":"<p>Foto &#8211; EFE\/Isaac Fontana A peti\u00e7\u00e3o que pede o impeachment do ministro Alexandre de Moraes atingiu a marca de 1,5 milh\u00e3o de assinaturas. A peti\u00e7\u00e3o p\u00fablica que pede o\u00a0impeachment\u00a0do Ministro&hellip;<\/p>","protected":false},"author":1,"featured_media":36801,"comment_status":"closed","ping_status":"open","sticky":false,"template":"","format":"standard","meta":{"content-type":"","footnotes":""},"categories":[16],"tags":[19840,19841,18917,425,1601,19842,871],"class_list":["post-36800","post","type-post","status-publish","format-standard","has-post-thumbnail","hentry","category-noticias","tag-1-5-milhoes","tag-abaixo-assinado","tag-impeachement","tag-moraes","tag-pacheco","tag-peticao","tag-stf"],"_links":{"self":[{"href":"https:\/\/tvbrazilusa.com\/pt\/wp-json\/wp\/v2\/posts\/36800","targetHints":{"allow":["GET"]}}],"collection":[{"href":"https:\/\/tvbrazilusa.com\/pt\/wp-json\/wp\/v2\/posts"}],"about":[{"href":"https:\/\/tvbrazilusa.com\/pt\/wp-json\/wp\/v2\/types\/post"}],"author":[{"embeddable":true,"href":"https:\/\/tvbrazilusa.com\/pt\/wp-json\/wp\/v2\/users\/1"}],"replies":[{"embeddable":true,"href":"https:\/\/tvbrazilusa.com\/pt\/wp-json\/wp\/v2\/comments?post=36800"}],"version-history":[{"count":1,"href":"https:\/\/tvbrazilusa.com\/pt\/wp-json\/wp\/v2\/posts\/36800\/revisions"}],"predecessor-version":[{"id":36802,"href":"https:\/\/tvbrazilusa.com\/pt\/wp-json\/wp\/v2\/posts\/36800\/revisions\/36802"}],"wp:featuredmedia":[{"embeddable":true,"href":"https:\/\/tvbrazilusa.com\/pt\/wp-json\/wp\/v2\/media\/36801"}],"wp:attachment":[{"href":"https:\/\/tvbrazilusa.com\/pt\/wp-json\/wp\/v2\/media?parent=36800"}],"wp:term":[{"taxonomy":"category","embeddable":true,"href":"https:\/\/tvbrazilusa.com\/pt\/wp-json\/wp\/v2\/categories?post=36800"},{"taxonomy":"post_tag","embeddable":true,"href":"https:\/\/tvbrazilusa.com\/pt\/wp-json\/wp\/v2\/tags?post=36800"}],"curies":[{"name":"wp","href":"https:\/\/api.w.org\/{rel}","templated":true}]}}