{"id":36826,"date":"2024-09-13T20:23:01","date_gmt":"2024-09-13T20:23:01","guid":{"rendered":"https:\/\/tvbrazilusa.com\/2024\/09\/13\/numero-de-senadores-que-apoiam-o-impeachment-de-moraes-ja-chega-a-36-confira-a-lista\/"},"modified":"2024-09-13T20:23:02","modified_gmt":"2024-09-13T20:23:02","slug":"numero-de-senadores-que-apoiam-o-impeachment-de-moraes-ja-chega-a-36-confira-a-lista","status":"publish","type":"post","link":"https:\/\/tvbrazilusa.com\/pt\/2024\/09\/13\/numero-de-senadores-que-apoiam-o-impeachment-de-moraes-ja-chega-a-36-confira-a-lista\/","title":{"rendered":"N\u00famero de senadores que apoiam o impeachment de Moraes j\u00e1 chega a 36; confira a lista"},"content":{"rendered":"<p> <script async src=\"https:\/\/pagead2.googlesyndication.com\/pagead\/js\/adsbygoogle.js?client=ca-pub-8864793242727901\"\r\n     crossorigin=\"anonymous\"><\/script><br \/>\n<\/p>\n<div id=\"taboola-read-more\" style=\"display:block; width:100%\">\n<p>Chegou a 36 o n\u00famero de senadores que se manifestam a favor do impeachment do ministro do Supremo Tribunal Federal (STF) Alexandre de Moraes. O levantamento foi feito pela oposi\u00e7\u00e3o no Congresso Nacional, que pressiona o presidente do Senado, Rodrigo Pacheco (PSD-MG), para que o pedido de impeachment seja apreciado pelo plen\u00e1rio.<\/p>\n<p>Parlamentares da base governista tamb\u00e9m passaram a apoiar o pedido de impeachment do magistrado, como os senadores Alessandro Vieira (MDB-SE), Lucas Barreto (PSD-AP), Vanderlan Cardoso (PSD-GO) e at\u00e9 o vice-l\u00edder do governo Lula Jorge Kajuru (PSD-MG).<\/p>\n<p>Os senadores, no entanto, n\u00e3o assinam o pedido de impeachment. Caso seja apreciado pelo plen\u00e1rio, eles atuam como julgadores. No total, 153 deputados assinam o pedido de impeachment, acompanhado por 1,5 milh\u00e3o de assinaturas de brasileiros<\/p>\n<h2 id=\"h-motivacao-para-o-superpedido-de-impeachment\" class=\"wp-block-heading\">Motiva\u00e7\u00e3o para o\u00a0<em>\u201csuperpedido\u201d<\/em>\u00a0de impeachment<\/h2>\n<p>Como mostramos, a movimenta\u00e7\u00e3o para o denominado\u00a0<em>\u201csuperpedido\u201d<\/em>\u00a0de impeachment de Moraes ocorre ap\u00f3s uma s\u00e9rie de reportagens publicada pelo jornal\u00a0<em>Folha de S.Paulo<\/em>\u00a0revelar que um auxiliar de Moraes no gabinete do STF pediu, de forma n\u00e3o oficial, a produ\u00e7\u00e3o de relat\u00f3rios de investiga\u00e7\u00e3o do Tribunal Superior Eleitoral (TSE) para embasar decis\u00f5es no chamado inqu\u00e9rito das fake news, instaurado pela Corte para apurar ataques a ministros.\u00a0<strong>O Antagonista<\/strong>\u00a0apelidou o esc\u00e2ndalo de\u00a0<strong><a href=\"https:\/\/oantagonista.com\/tag\/vaza-toga\/\" target=\"_blank\" rel=\"noopener noreferrer\">Vaza Toga<\/a><\/strong>.<\/p>\n<p>Para os denunciantes, v\u00e1rias a\u00e7\u00f5es cometidas por Moraes no \u00e2mbito desses inqu\u00e9ritos est\u00e3o desrespeitando os princ\u00edpios constitucionais, tais como, viola\u00e7\u00e3o de direitos e garantias constitucionais; desrespeito ao devido processo legal; abuso de poder; prevarica\u00e7\u00e3o no Caso Clez\u00e3o; uso indevido de instrumentos como a pris\u00e3o preventiva para utilizar como um mecanismo de coer\u00e7\u00e3o e desrespeito a pareceres da Procuradoria-Geral da Rep\u00fablica (PGR).<\/p>\n<h2 id=\"h-prerrogativas-dos-advogados\" class=\"wp-block-heading\">Prerrogativas dos advogados<\/h2>\n<p>Os integrantes da oposi\u00e7\u00e3o tamb\u00e9m denunciam casos de viola\u00e7\u00e3o das prerrogativas de advogados; negativa de pris\u00e3o domiciliar para pessoas com problemas de sa\u00fade; viola\u00e7\u00e3o do princ\u00edpio da presun\u00e7\u00e3o de inoc\u00eancia e viola\u00e7\u00e3o de direitos pol\u00edticos de parlamentares.<\/p>\n<p>Al\u00e9m disso, est\u00e1 no\u00a0<em>superpedido<\/em>\u00a0a den\u00fancia sobre o uso indevido de recursos do TSE para investigar advers\u00e1rios do magistrado; monitoramento ilegal de perfil de ativistas da Direita nas redes sociais e bloqueio ilegal de contas banc\u00e1rias e a desativa\u00e7\u00e3o da plataforma X no Brasil, com imposi\u00e7\u00e3o de multas desproporcionais para o uso de VPNs.<\/p>\n<p>Moraes tamb\u00e9m foi acusado de solicitar interven\u00e7\u00e3o ao Congresso dos Estados Unidos em quest\u00f5es internas, buscando apoio externo para lidar com supostas viola\u00e7\u00f5es de direitos no Brasil.<\/p>\n<h2 id=\"h-veja-a-lista-de-senadores-favoraveis-ao-pedido-de-impeachment\" class=\"wp-block-heading\"><strong>Veja a lista de senadores favor\u00e1veis ao pedido de impeachment:<\/strong><\/h2>\n<ol>\n<li>Alessandro Vieira (MDB-SE)<\/li>\n<li>Carlos Portinho (PL-SE)<\/li>\n<li>Castellar Neto (Progressistas \u2013 MG)<\/li>\n<li>Cleitinho (Republicanos-MG)<\/li>\n<li>Damares Alves (REPUBLICANOS \u2013 DF)<\/li>\n<li>Eduardo Gomes (PL \u2013 TO)<\/li>\n<li>Esperidi\u00e3o Amin (Progressistas \u2013 SC)<\/li>\n<li>Flavio Azevedo (Partido Liberal \u2013 RN)<\/li>\n<li>Jorge Kajuru (PSB- GO)<\/li>\n<li>Lucas Barreto (PSD- AP)<\/li>\n<li>Luis Carlos Heinze (Progressistas \u2013 RS)<\/li>\n<li>Magno Malta (PL \u2013 ES)<\/li>\n<li>Marcio Bittar (Uni\u00e3o Brasil \u2013 AC)<\/li>\n<li>Marcos do Val (Podemos \u2013 ES)<\/li>\n<li>Marcos Rog\u00e9rio (Partido Liberal \u2013 RO)<\/li>\n<li>Nelsinho Trad (Partido Social Democr\u00e1tico \u2013 MS)<\/li>\n<li>Oriovisto Guimar\u00e3es (Podemos \u2013 PR)<\/li>\n<li>Pl\u00ednio Val\u00e9rio (PSD-AM)<\/li>\n<li>Professora Dorinha (Uni\u00e3o Brasil \u2013 TO)<\/li>\n<li>Tereza Cristina (Progressistas \u2013 MS)<\/li>\n<li>Zequinha Marinho (Podemos-PA)<\/li>\n<li>S\u00e9rgio Moro (Uni\u00e3o-PR)<\/li>\n<li>Tereza Cristina (Progressistas-MS)<\/li>\n<li>Zequinha Marinho (Podemos-PA)<\/li>\n<li>Rodrigo Cunha (Podemos-AL)<\/li>\n<li>Wilder Morais (PL-GO)<\/li>\n<li>Rosana Martinelli (PL-MT)<\/li>\n<li>Zequinha Marinho (Podemos-PA)<\/li>\n<li>Vanderlan (PSD-GO)<\/li>\n<li>Styvenson (Podemos-RN)<\/li>\n<li>.Nelsinho Trad (PSD-MS)<\/li>\n<li>Hamilton Mour\u00e3o (Republicanos-RS)<\/li>\n<li>Izalci Lucas (PL-DF)<\/li>\n<li>Beto Martins (PL-SC)<\/li>\n<li>Eduardo Gir\u00e3o (Novo-CE)<\/li>\n<li>Fl\u00e1vio Bolsonaro (PL-RN)<\/li>\n<\/ol>\n<p><strong>O Antagonista\u00a0<\/strong><\/p>\n<\/p><\/div>\n<p><br \/>\n<br \/><a href=\"https:\/\/diariodobrasilnoticias.com.br\/noticia\/numero-de-senadores-que-apoiam-o-impeachment-de-moraes-ja-chega-a-36-confira-a-lista-66e47fa44eb61\">Source link <\/a><\/p>","protected":false},"excerpt":{"rendered":"<p>Chegou a 36 o n\u00famero de senadores que se manifestam a favor do impeachment do ministro do Supremo Tribunal Federal (STF) Alexandre de Moraes. O levantamento foi feito pela oposi\u00e7\u00e3o&hellip;<\/p>","protected":false},"author":1,"featured_media":36827,"comment_status":"closed","ping_status":"open","sticky":false,"template":"","format":"standard","meta":{"content-type":"","footnotes":""},"categories":[16],"tags":[123,2448,5313,1267],"class_list":["post-36826","post","type-post","status-publish","format-standard","has-post-thumbnail","hentry","category-noticias","tag-brasil","tag-diario","tag-noticia","tag-noticias"],"_links":{"self":[{"href":"https:\/\/tvbrazilusa.com\/pt\/wp-json\/wp\/v2\/posts\/36826","targetHints":{"allow":["GET"]}}],"collection":[{"href":"https:\/\/tvbrazilusa.com\/pt\/wp-json\/wp\/v2\/posts"}],"about":[{"href":"https:\/\/tvbrazilusa.com\/pt\/wp-json\/wp\/v2\/types\/post"}],"author":[{"embeddable":true,"href":"https:\/\/tvbrazilusa.com\/pt\/wp-json\/wp\/v2\/users\/1"}],"replies":[{"embeddable":true,"href":"https:\/\/tvbrazilusa.com\/pt\/wp-json\/wp\/v2\/comments?post=36826"}],"version-history":[{"count":1,"href":"https:\/\/tvbrazilusa.com\/pt\/wp-json\/wp\/v2\/posts\/36826\/revisions"}],"predecessor-version":[{"id":36828,"href":"https:\/\/tvbrazilusa.com\/pt\/wp-json\/wp\/v2\/posts\/36826\/revisions\/36828"}],"wp:featuredmedia":[{"embeddable":true,"href":"https:\/\/tvbrazilusa.com\/pt\/wp-json\/wp\/v2\/media\/36827"}],"wp:attachment":[{"href":"https:\/\/tvbrazilusa.com\/pt\/wp-json\/wp\/v2\/media?parent=36826"}],"wp:term":[{"taxonomy":"category","embeddable":true,"href":"https:\/\/tvbrazilusa.com\/pt\/wp-json\/wp\/v2\/categories?post=36826"},{"taxonomy":"post_tag","embeddable":true,"href":"https:\/\/tvbrazilusa.com\/pt\/wp-json\/wp\/v2\/tags?post=36826"}],"curies":[{"name":"wp","href":"https:\/\/api.w.org\/{rel}","templated":true}]}}