{"id":36834,"date":"2024-09-13T20:10:43","date_gmt":"2024-09-13T20:10:43","guid":{"rendered":"https:\/\/tvbrazilusa.com\/2024\/09\/13\/artigo-brasil-proibe-a-liberdade-de-expressao-em-nome-da-democracia-nos-seremos-os-proximos-paulo-figueiredo\/"},"modified":"2024-09-13T20:36:13","modified_gmt":"2024-09-13T20:36:13","slug":"artigo-brasil-proibe-a-liberdade-de-expressao-em-nome-da-democracia-nos-seremos-os-proximos-paulo-figueiredo","status":"publish","type":"post","link":"https:\/\/tvbrazilusa.com\/pt\/2024\/09\/13\/artigo-brasil-proibe-a-liberdade-de-expressao-em-nome-da-democracia-nos-seremos-os-proximos-paulo-figueiredo\/","title":{"rendered":"Artigo &#8211; Brasil pro\u00edbe a liberdade de express\u00e3o em nome da democracia. N\u00f3s seremos os pr\u00f3ximos? &#8211; Paulo Figueiredo"},"content":{"rendered":"<p> <script async src=\"https:\/\/pagead2.googlesyndication.com\/pagead\/js\/adsbygoogle.js?client=ca-pub-8864793242727901\"\r\n     crossorigin=\"anonymous\"><\/script><br \/>\n<\/p>\n<div id=\"wtr-content\" data-bg=\"#FFFFFF\" data-fg=\"#006d91\" data-width=\"25\" data-mute=\"1\" data-fgopacity=\"1.00\" data-mutedopacity=\"0.5\" data-placement=\"bottom\" data-placement-offset=\"0\" data-content-offset=\"262\" data-placement-touch=\"bottom\" data-placement-offset-touch=\"0\" data-transparent=\"\" data-shadow=\"0\" data-touch=\"1\" data-non-touch=\"1\" data-comments=\"0\" data-commentsbg=\"transparent\" data-location=\"page\" data-mutedfg=\"#006d91\" data-endfg=\"#006d91\" data-rtl=\"\">\n<pre class=\"wp-block-preformatted has-small-font-size\">Foto - imagem Gpt<\/pre>\n<p><strong>Por\u00a0Matt Walsh \u2022 05\/09\/2024<\/strong><\/p>\n<p>Uma das principais cr\u00edticas contra Jair Bolsonaro, que foi presidente do Brasil at\u00e9 2022, \u00e9 uma que j\u00e1 conhecemos bem. Os liberais alegaram que Bolsonaro era um \u201cinimigo da democracia\u201d. A m\u00eddia \u2014 tanto nos Estados Unidos quanto no Brasil \u2014 pintou Bolsonaro como um autocrata que queria suspender o estado de direito e usar o governo para punir seus inimigos pol\u00edticos. Essa narrativa ressoou com os brasileiros, especialmente porque figuras proeminentes a promoveram \u2014 incluindo um ex-promotor que se tornou juiz do Supremo Tribunal, Alexandre de Moraes. Entre a esquerda brasileira, de Moraes era visto como um her\u00f3i por enfrentar Bolsonaro. O juiz foi o respons\u00e1vel pelo tribunal que baniu Bolsonaro de concorrer a cargos p\u00fablicos por 8 anos.<\/p>\n<\/div>\n<p><br \/>\n<br \/><a href=\"https:\/\/paulofigueiredoshow.com\/artigo-brasil-proibe-a-liberdade-de-expressao-em-nome-da-democracia-nos-seremos-os-proximos\/\">Source link <\/a><\/p>","protected":false},"excerpt":{"rendered":"<p>Foto &#8211; imagem Gpt Por\u00a0Matt Walsh \u2022 05\/09\/2024 Uma das principais cr\u00edticas contra Jair Bolsonaro, que foi presidente do Brasil at\u00e9 2022, \u00e9 uma que j\u00e1 conhecemos bem. Os liberais&hellip;<\/p>","protected":false},"author":1,"featured_media":36835,"comment_status":"closed","ping_status":"open","sticky":false,"template":"","format":"standard","meta":{"content-type":"","footnotes":""},"categories":[16],"tags":[],"class_list":["post-36834","post","type-post","status-publish","format-standard","has-post-thumbnail","hentry","category-noticias"],"_links":{"self":[{"href":"https:\/\/tvbrazilusa.com\/pt\/wp-json\/wp\/v2\/posts\/36834","targetHints":{"allow":["GET"]}}],"collection":[{"href":"https:\/\/tvbrazilusa.com\/pt\/wp-json\/wp\/v2\/posts"}],"about":[{"href":"https:\/\/tvbrazilusa.com\/pt\/wp-json\/wp\/v2\/types\/post"}],"author":[{"embeddable":true,"href":"https:\/\/tvbrazilusa.com\/pt\/wp-json\/wp\/v2\/users\/1"}],"replies":[{"embeddable":true,"href":"https:\/\/tvbrazilusa.com\/pt\/wp-json\/wp\/v2\/comments?post=36834"}],"version-history":[{"count":1,"href":"https:\/\/tvbrazilusa.com\/pt\/wp-json\/wp\/v2\/posts\/36834\/revisions"}],"predecessor-version":[{"id":36836,"href":"https:\/\/tvbrazilusa.com\/pt\/wp-json\/wp\/v2\/posts\/36834\/revisions\/36836"}],"wp:featuredmedia":[{"embeddable":true,"href":"https:\/\/tvbrazilusa.com\/pt\/wp-json\/wp\/v2\/media\/36835"}],"wp:attachment":[{"href":"https:\/\/tvbrazilusa.com\/pt\/wp-json\/wp\/v2\/media?parent=36834"}],"wp:term":[{"taxonomy":"category","embeddable":true,"href":"https:\/\/tvbrazilusa.com\/pt\/wp-json\/wp\/v2\/categories?post=36834"},{"taxonomy":"post_tag","embeddable":true,"href":"https:\/\/tvbrazilusa.com\/pt\/wp-json\/wp\/v2\/tags?post=36834"}],"curies":[{"name":"wp","href":"https:\/\/api.w.org\/{rel}","templated":true}]}}