{"id":36860,"date":"2024-09-13T21:22:39","date_gmt":"2024-09-13T21:22:39","guid":{"rendered":"https:\/\/tvbrazilusa.com\/2024\/09\/13\/lula-descreve-como-imbecil-quem-defende-a-privatizacao-da-petrobras\/"},"modified":"2024-09-13T21:22:40","modified_gmt":"2024-09-13T21:22:40","slug":"lula-descreve-como-imbecil-quem-defende-a-privatizacao-da-petrobras","status":"publish","type":"post","link":"https:\/\/tvbrazilusa.com\/pt\/2024\/09\/13\/lula-descreve-como-imbecil-quem-defende-a-privatizacao-da-petrobras\/","title":{"rendered":"Lula descreve como \u201cimbecil\u201d quem defende a privatiza\u00e7\u00e3o da Petrobras"},"content":{"rendered":"<p> <script async src=\"https:\/\/pagead2.googlesyndication.com\/pagead\/js\/adsbygoogle.js?client=ca-pub-8864793242727901\"\r\n     crossorigin=\"anonymous\"><\/script><br \/>\n<\/p>\n<div id=\"taboola-read-more\" style=\"display:block; width:100%\">\n<p>O presidente Luiz In\u00e1cio Lula da Silva (PT) chamou de \u201cimbecil\u201d as pessoas que defendem a privatiza\u00e7\u00e3o de empresas estatais que ele considera como estrat\u00e9gicas no pa\u00eds, principalmente a Petrobras que ele diz sempre ser alvo de cr\u00edticas por ainda pertencer majoritariamente ao governo.<\/p>\n<p>A cr\u00edtica foi feita durante a inaugura\u00e7\u00e3o do Complexo de Energias Boaventura, localizado no munic\u00edpio de Itabora\u00ed (RJ) e que custou pelo menos R$ 40 bilh\u00f5es da estatal desde que o projeto foi lan\u00e7ado no primeiro governo dele, sob o nome de Complexo Petroqu\u00edmico do Rio de Janeiro (Comperj).<\/p>\n<p>\u201c\u00c9 um bando de imbecil que fala isso\u201d, disse Lula se referindo a defensores da venda da Petrobras por causa da possibilidade do petr\u00f3leo acabar e o pa\u00eds ficar com uma empresa \u201cque n\u00e3o presta para nada\u201d.<\/p>\n<p tabindex=\"0\">Ele completou falando que o dia que o petr\u00f3leo acabar, a Petrobras \u201cser\u00e1 a maior empresa produtora de biocombust\u00edvel desse pa\u00eds, de etanol e de hidrog\u00eanio\u201d.<\/p>\n<p tabindex=\"0\">\u00a0<\/p>\n<p tabindex=\"0\">\u201cA Petrobras \u00e9 mais do que uma ind\u00fastria de petr\u00f3leo, \u00e9 uma ind\u00fastria de energia. E ela vai produzir o que for necess\u00e1rio\u201d, disse vestido com um uniforme de petroleiro.<\/p>\n<p tabindex=\"0\">\u00a0<\/p>\n<p tabindex=\"0\">O complexo do Comperj era tido como s\u00edmbolo da pol\u00edtica desenvolvimentista do PT e foi apontado pelo Tribunal de Contas da Uni\u00e3o (TCU) como uma gest\u00e3o \u201ctemer\u00e1ria\u201d e \u201cantiecon\u00f4mica\u201d. O projeto nunca alcan\u00e7ou a marca projetada de refinar 150 mil barris de petr\u00f3leo por dia previstos para 2013 em diante.<\/p>\n<p tabindex=\"0\">O projeto fez parte, ainda, do avan\u00e7o do governo sobre \u00e1reas correlatas da cadeia do petr\u00f3leo, como a distribui\u00e7\u00e3o de combust\u00edveis e de g\u00e1s de cozinha e a constru\u00e7\u00e3o de navios-sonda para extra\u00e7\u00e3o do \u00f3leo. As subsidi\u00e1rias foram vendidas ap\u00f3s a crise provocada pela Lava Jato, e que Lula criticou duramente durante o ato.<\/p>\n<p tabindex=\"0\">Agora, sob o novo governo, o projeto do Comperj foi repaginado para escoar e professar g\u00e1s natural. Ainda durante o ato, Lula afirmou atacou os trabalhos desenvolvidos durante a Opera\u00e7\u00e3o Lava Jato e afirmou que o ato era uma \u201crepara\u00e7\u00e3o\u201d aos trabalhadores por \u201cden\u00fancias que sofreram\u201d durante as investiga\u00e7\u00f5es do esquema de corrup\u00e7\u00e3o.<\/p>\n<p tabindex=\"0\">\u00a0<\/p>\n<p tabindex=\"0\">\u201cSe voc\u00ea quiser prender um corrupto, voc\u00ea prende. Se voc\u00ea quiser dizer que uma empresa roubou, quem roubou n\u00e3o foram os trabalhadores, foi algum corrupto. Ent\u00e3o, voc\u00ea pega ele e pune, mas deixa a empresa produzir, gerar emprego, sal\u00e1rio e renda\u201d, disse ressaltando que o objetivo era &#8220;desmoraliza a Petrobras perante os olhos da sociedade&#8221; para depois vend\u00ea-la por um valor mais barato.<\/p>\n<p tabindex=\"0\">Lula ainda questionou a qualidade dos servi\u00e7os prestados pelas antigas subsidi\u00e1rias da Petrobras e outras empresas privatizadas, como a Vale &#8212; alvo constante de cr\u00edticas &#8212; e a Eletrobras.<\/p>\n<p tabindex=\"0\">&#8220;A Vale ela est\u00e1 melhor agora que foi privatizada ou era melhor quando era empresa do Estado brasileiro? A Eletrobras est\u00e1 melhor agora ou estava melhor quando estava na m\u00e3o do Estado&#8221;, questionou ressaltando que apenas quando era estatal foi poss\u00edvel construir grandes barragens para a gera\u00e7\u00e3o de energia el\u00e9trica.<\/p>\n<p tabindex=\"0\">\u00a0<\/p>\n<p tabindex=\"0\">Sobre a antiga subsidi\u00e1ria de transportes de combust\u00edveis, a BR Distribuidora, ele questionou se &#8220;barateou o combust\u00edvel&#8221; ou &#8220;est\u00e3o fazendo entrega na casa da gente&#8221;. &#8220;N\u00e3o est\u00e3o. Eles apenas se apoderaram de uma empresa que daria lucro para Petrobras para tirar um peda\u00e7o da Petrobras. A mesma coisa fizeram com a empresa de g\u00e1s&#8221;, completou.<\/p>\n<p tabindex=\"0\">\u00a0<\/p>\n<p tabindex=\"0\">Ainda durante a inaugura\u00e7\u00e3o do complexo, Lula cometeu uma gafe ao afirmar que o povo brasileiro teria mais intelig\u00eancia do que os petroleiros concursados da estatal. Ele disse que n\u00e3o teve forma\u00e7\u00e3o profissional suficiente para participar de uma sele\u00e7\u00e3o dessa, mas que a popula\u00e7\u00e3o o elegeu para presidente.<\/p>\n<p tabindex=\"0\">\u00a0<\/p>\n<p tabindex=\"0\">&#8220;Eu estou aqui com essa camisa da Petrobras porque eu, embora n\u00e3o tenha sido petroleiro, certamente pela minha forma\u00e7\u00e3o profissional e pelo pouco de tempo de escolaridade que tive, jamais passaria no concurso da Petrobras. Mas, como o povo \u00e9 mais inteligente do que quem faz concurso, o povo achou que eu deveria ser presidente e por isso eu estou aqui na Petrobras com voc\u00eas&#8221;, afirmou.<\/p>\n<p tabindex=\"0\">Lula afirmou que a Petrobras est\u00e1 &#8220;no meu sangue, na minha forma\u00e7\u00e3o pol\u00edtica&#8221; e que n\u00e3o precisa ser engenheiro ou empregado da estatal.<\/p>\n<p tabindex=\"0\"><strong>Gazeta do Povo<\/strong><\/p>\n<\/p><\/div>\n<p><br \/>\n<br \/><a href=\"https:\/\/diariodobrasilnoticias.com.br\/noticia\/lula-descreve-como-imbecil-quem-defende-a-privatizacao-da-petrobras-66e489162f607\">Source link <\/a><\/p>","protected":false},"excerpt":{"rendered":"<p>O presidente Luiz In\u00e1cio Lula da Silva (PT) chamou de \u201cimbecil\u201d as pessoas que defendem a privatiza\u00e7\u00e3o de empresas estatais que ele considera como estrat\u00e9gicas no pa\u00eds, principalmente a Petrobras&hellip;<\/p>","protected":false},"author":1,"featured_media":36861,"comment_status":"closed","ping_status":"open","sticky":false,"template":"","format":"standard","meta":{"content-type":"","footnotes":""},"categories":[16],"tags":[123,2448,5313,1267],"class_list":["post-36860","post","type-post","status-publish","format-standard","has-post-thumbnail","hentry","category-noticias","tag-brasil","tag-diario","tag-noticia","tag-noticias"],"_links":{"self":[{"href":"https:\/\/tvbrazilusa.com\/pt\/wp-json\/wp\/v2\/posts\/36860","targetHints":{"allow":["GET"]}}],"collection":[{"href":"https:\/\/tvbrazilusa.com\/pt\/wp-json\/wp\/v2\/posts"}],"about":[{"href":"https:\/\/tvbrazilusa.com\/pt\/wp-json\/wp\/v2\/types\/post"}],"author":[{"embeddable":true,"href":"https:\/\/tvbrazilusa.com\/pt\/wp-json\/wp\/v2\/users\/1"}],"replies":[{"embeddable":true,"href":"https:\/\/tvbrazilusa.com\/pt\/wp-json\/wp\/v2\/comments?post=36860"}],"version-history":[{"count":1,"href":"https:\/\/tvbrazilusa.com\/pt\/wp-json\/wp\/v2\/posts\/36860\/revisions"}],"predecessor-version":[{"id":36862,"href":"https:\/\/tvbrazilusa.com\/pt\/wp-json\/wp\/v2\/posts\/36860\/revisions\/36862"}],"wp:featuredmedia":[{"embeddable":true,"href":"https:\/\/tvbrazilusa.com\/pt\/wp-json\/wp\/v2\/media\/36861"}],"wp:attachment":[{"href":"https:\/\/tvbrazilusa.com\/pt\/wp-json\/wp\/v2\/media?parent=36860"}],"wp:term":[{"taxonomy":"category","embeddable":true,"href":"https:\/\/tvbrazilusa.com\/pt\/wp-json\/wp\/v2\/categories?post=36860"},{"taxonomy":"post_tag","embeddable":true,"href":"https:\/\/tvbrazilusa.com\/pt\/wp-json\/wp\/v2\/tags?post=36860"}],"curies":[{"name":"wp","href":"https:\/\/api.w.org\/{rel}","templated":true}]}}