{"id":36866,"date":"2024-09-13T21:15:14","date_gmt":"2024-09-13T21:15:14","guid":{"rendered":"https:\/\/tvbrazilusa.com\/2024\/09\/13\/manifestante-pro-israel-se-declara-inocente-apos-tiroteio-em-newton\/"},"modified":"2024-09-13T21:29:16","modified_gmt":"2024-09-13T21:29:16","slug":"manifestante-pro-israel-se-declara-inocente-apos-tiroteio-em-newton","status":"publish","type":"post","link":"https:\/\/tvbrazilusa.com\/pt\/2024\/09\/13\/manifestante-pro-israel-se-declara-inocente-apos-tiroteio-em-newton\/","title":{"rendered":"Manifestante pr\u00f3-Israel se declara inocente ap\u00f3s tiroteio em Newton"},"content":{"rendered":"<p> <script async src=\"https:\/\/pagead2.googlesyndication.com\/pagead\/js\/adsbygoogle.js?client=ca-pub-8864793242727901\"\r\n     crossorigin=\"anonymous\"><\/script><br \/>\n<\/p>\n<div id=\"\">\n<header class=\"m-article-header m-article-header--standard\">\n\t\t\t\t\t\t\t\t\t\t\t\t<span id=\"article-header-primary-term\"><br \/>\n\t\t\t\t\t\t\t\t<a class=\"a-term a-term--primary\" href=\"https:\/\/www.boston.com\/tag\/crime\/\"><\/p>\n<p>\t\t\t\t\t\t\t\tCrime\t\t\t\t\t\t\t\t<\/a><br \/>\n\t\t\t\t\t\t\t<\/span><\/p>\n<h2 class=\"m-article-header__sub-headline\">Autoridades dizem que um homem de Newton, de 31 anos, deve sobreviver ap\u00f3s ser baleado durante um confronto violento em uma manifesta\u00e7\u00e3o pr\u00f3-Israel. Ele tamb\u00e9m est\u00e1 enfrentando acusa\u00e7\u00f5es.<\/h2>\n<figure class=\"a-photo m-article-header__photo\"><figcaption class=\"a-photo__caption\">\n<p>\tO manifestante pr\u00f3-Israel Scott Hayes se declarou inocente durante sua acusa\u00e7\u00e3o no Tribunal Distrital de Newton.<em> Jonathan Wiggs\/equipe do Boston Globe<\/em>\t<\/figcaption><\/figure>\n<\/header>\n<p>Um homem de Framingham se declarou inocente na sexta-feira de uma acusa\u00e7\u00e3o de agress\u00e3o e agress\u00e3o com uma arma perigosa depois de ser acusado de atirar em algu\u00e9m durante uma <a href=\"https:\/\/www.boston.com\/news\/local-news\/2024\/09\/12\/pro-israel-demonstrator-newton-shoots-man-who-jumped-on-other-demonstrator-authorities-say\/\" target=\"_blank\" rel=\"noreferrer noopener\">choque violento<\/a> em uma pequena manifesta\u00e7\u00e3o pr\u00f3-Israel em Newton. <\/p>\n<p>Scott Hayes, 47, foi preso na quinta-feira \u00e0 noite ap\u00f3s o incidente perto das ruas Washington e Harvard em Newtonville. Hayes estava se manifestando com um pequeno grupo quando outro homem \u2014 identificado apenas como um morador de Newton de 31 anos \u2014 come\u00e7ou a gritar coment\u00e1rios para os manifestantes do outro lado da rua, de acordo com a promotora distrital de Middlesex, Marian Ryan, e o chefe de pol\u00edcia interino de Newton, George McMains. <\/p>\n<p>Uma \u201ctroca verbal\u201d ocorreu, e o homem de Newton correu pela rua e derrubou Hayes no ch\u00e3o, Ryan e McMains disseram em um comunicado \u00e0 imprensa. Hayes supostamente atirou no homem durante a alterca\u00e7\u00e3o. <\/p>\n<p><a href=\"https:\/\/x.com\/realDailyWire\/status\/1834398206056100156\" target=\"_blank\" rel=\"noreferrer noopener\">V\u00eddeo<\/a> postado nas redes sociais capturou parte do incidente de quinta-feira, e um homem pode ser visto gritando com os manifestantes do outro lado da rua, acusando-os de defender o genoc\u00eddio. Depois que algu\u00e9m do grupo pr\u00f3-Israel chamou o homem de est\u00fapido, o v\u00eddeo corta para o homem correndo pela rua para enfrentar Hayes. Uma alterca\u00e7\u00e3o f\u00edsica acontece, e algu\u00e9m no v\u00eddeo pode ser ouvido dizendo: &#8220;pegue minha pistola&#8221;.<\/p>\n<div class=\"m-block t-amp__list-container m-article-list-container m-article-list-container--frame-border a-border-frame  a-list-header__headline--red m-article-list--alternative--default  m-article-list--floated\">\n<ul class=\"t-amp__list a-list--no-style m-article-list m-article-list--recirculation m-article-list--has-images\">\n<li class=\"m-article-list__item m-article-list__item--featured\">\n\t\t\t\t<a class=\"m-article-list__link-wrapper\" href=\"https:\/\/www.boston.com\/news\/local-news\/2024\/09\/12\/pro-israel-demonstrator-newton-shoots-man-who-jumped-on-other-demonstrator-authorities-say\/\" data-p1=\"article_recirc_inline_feature\"><br \/>\n\t\t\t\t<img loading=\"lazy\" decoding=\"async\" width=\"768\" height=\"432\" src=\"https:\/\/bdc2020.o0bc.com\/wp-content\/uploads\/2024\/09\/s3___bgmp-arc_arc-feeds_generic-photos_to-arc_greenhouse15Newton4-66e3af032a8d9-768x432.jpg\" class=\"t-amp__list-image m-article-list__image m-article-list__image--full\" alt=\"A promotora de Middlesex, Marian Ryan, discursa em uma coletiva de imprensa em 2021.\" aria-hidden=\"true\" srcset=\"https:\/\/bdc2020.o0bc.com\/wp-content\/uploads\/2024\/09\/s3___bgmp-arc_arc-feeds_generic-photos_to-arc_greenhouse15Newton4-66e3af032a8d9-768x432.jpg?width=200 200w, https:\/\/bdc2020.o0bc.com\/wp-content\/uploads\/2024\/09\/s3___bgmp-arc_arc-feeds_generic-photos_to-arc_greenhouse15Newton4-66e3af032a8d9-768x432.jpg?width=300 300w, https:\/\/bdc2020.o0bc.com\/wp-content\/uploads\/2024\/09\/s3___bgmp-arc_arc-feeds_generic-photos_to-arc_greenhouse15Newton4-66e3af032a8d9-768x432.jpg?width=400 400w, https:\/\/bdc2020.o0bc.com\/wp-content\/uploads\/2024\/09\/s3___bgmp-arc_arc-feeds_generic-photos_to-arc_greenhouse15Newton4-66e3af032a8d9-768x432.jpg?width=500 500w, https:\/\/bdc2020.o0bc.com\/wp-content\/uploads\/2024\/09\/s3___bgmp-arc_arc-feeds_generic-photos_to-arc_greenhouse15Newton4-66e3af032a8d9-768x432.jpg?width=600 600w, https:\/\/bdc2020.o0bc.com\/wp-content\/uploads\/2024\/09\/s3___bgmp-arc_arc-feeds_generic-photos_to-arc_greenhouse15Newton4-66e3af032a8d9-768x432.jpg?width=700 700w, https:\/\/bdc2020.o0bc.com\/wp-content\/uploads\/2024\/09\/s3___bgmp-arc_arc-feeds_generic-photos_to-arc_greenhouse15Newton4-66e3af032a8d9-768x432.jpg?width=800 800w, https:\/\/bdc2020.o0bc.com\/wp-content\/uploads\/2024\/09\/s3___bgmp-arc_arc-feeds_generic-photos_to-arc_greenhouse15Newton4-66e3af032a8d9-768x432.jpg?width=900 900w\" sizes=\"auto, (max-width: 768px) 100vw, 768px\"\/>\t\t\t\t\t<\/p>\n<p><h4 class=\"m-article-list__headline t-amp__list-headline\">\n\t\t\t\t\t\t\t<span class=\"m-article-list__link a-link a-link--inline a-link--text-link a-link--text-link-dark\"><\/p>\n<p>\t\t\t\t\t\t\tManifestante pr\u00f3-Israel em Newton atira em homem durante briga, diz promotor\t\t\t\t\t\t\t<\/span><br \/>\n\t\t\t\t\t\t<\/h4>\n<\/p>\n<p>\t\t\t\t<\/a>\n\t\t\t<\/li>\n<\/ul>\n<\/div>\n<p>Autoridades disseram anteriormente que o homem que foi baleado sofreu ferimentos com risco de vida e foi levado para um hospital. Na tarde de sexta-feira, ele deveria sobreviver.<\/p>\n<p>A pol\u00edcia de Newton tamb\u00e9m entrou com um pedido de queixa criminal por acusa\u00e7\u00f5es de agress\u00e3o e espancamento contra o homem de 31 anos, de acordo com Ryan e McMains. Uma audi\u00eancia do magistrado do escriv\u00e3o determinar\u00e1 se h\u00e1 causa prov\u00e1vel para que os promotores prossigam com as acusa\u00e7\u00f5es, j\u00e1 que a suposta agress\u00e3o n\u00e3o ocorreu na presen\u00e7a de um policial. <\/p>\n<p>Hayes compareceu ao Tribunal Distrital de Newton na sexta-feira \u00e0 tarde com arranh\u00f5es vis\u00edveis no rosto. Um juiz fixou sua fian\u00e7a em US$ 5.000 em dinheiro e ordenou que ele ficasse longe de Newton e da pessoa que ele supostamente atirou. Hayes tamb\u00e9m recebeu um toque de recolher em pris\u00e3o domiciliar das 19h \u00e0s 6h e teve sua licen\u00e7a para portar suspensa. Um advogado de defesa de Hayes n\u00e3o respondeu imediatamente aos pedidos de coment\u00e1rio. <\/p>\n<p>Ao se dirigir ao tribunal, a promotora assistente Laura Miller descreveu o caso como uma \u201csitua\u00e7\u00e3o em evolu\u00e7\u00e3o\u201d. <\/p>\n<p>\u201cContinuamos avaliando as evid\u00eancias relacionadas a toda a situa\u00e7\u00e3o, especialmente enquanto os v\u00eddeos estavam sendo coletados e as testemunhas entrevistadas\u201d, disse Miller. <\/p>\n<p>Mais cedo na sexta-feira, a filial da Liga Antidifama\u00e7\u00e3o da Nova Inglaterra levantou preocupa\u00e7\u00f5es sobre o momento das acusa\u00e7\u00f5es de Hayes. <\/p>\n<p>\u201cOs relatos de que as acusa\u00e7\u00f5es foram imediatamente apresentadas antes da conclus\u00e3o da investiga\u00e7\u00e3o s\u00e3o preocupantes\u201d, escreveu a ADL New England em um <a href=\"https:\/\/x.com\/ADL_NewEngland\/status\/1834443208719307223\" target=\"_blank\" rel=\"noreferrer noopener\">declara\u00e7\u00e3o<\/a> em X. \u201cOs protestos n\u00e3o devem sujeitar ningu\u00e9m \u00e0 viol\u00eancia. N\u00f3s encorajamos a Pol\u00edcia de Newton e o Promotor P\u00fablico de Middlesex a conduzir uma investiga\u00e7\u00e3o completa de todo o incidente.\u201d<\/p>\n<figure class=\"wp-block-image size-full\"><img loading=\"lazy\" decoding=\"async\" width=\"2560\" height=\"1469\" src=\"https:\/\/bdc2020.o0bc.com\/wp-content\/uploads\/2024\/09\/s3___bgmp-arc_arc-feeds_generic-photos_to-arc_ryannewtonshooting5met-66e4a43016ac1-scaled.jpg\" alt=\"\" class=\"wp-image-31686571\" srcset=\"https:\/\/bdc2020.o0bc.com\/wp-content\/uploads\/2024\/09\/s3___bgmp-arc_arc-feeds_generic-photos_to-arc_ryannewtonshooting5met-66e4a43016ac1-scaled.jpg?width=200 200w, https:\/\/bdc2020.o0bc.com\/wp-content\/uploads\/2024\/09\/s3___bgmp-arc_arc-feeds_generic-photos_to-arc_ryannewtonshooting5met-66e4a43016ac1-scaled.jpg?width=300 300w, https:\/\/bdc2020.o0bc.com\/wp-content\/uploads\/2024\/09\/s3___bgmp-arc_arc-feeds_generic-photos_to-arc_ryannewtonshooting5met-66e4a43016ac1-scaled.jpg?width=400 400w, https:\/\/bdc2020.o0bc.com\/wp-content\/uploads\/2024\/09\/s3___bgmp-arc_arc-feeds_generic-photos_to-arc_ryannewtonshooting5met-66e4a43016ac1-scaled.jpg?width=500 500w, https:\/\/bdc2020.o0bc.com\/wp-content\/uploads\/2024\/09\/s3___bgmp-arc_arc-feeds_generic-photos_to-arc_ryannewtonshooting5met-66e4a43016ac1-scaled.jpg?width=600 600w, https:\/\/bdc2020.o0bc.com\/wp-content\/uploads\/2024\/09\/s3___bgmp-arc_arc-feeds_generic-photos_to-arc_ryannewtonshooting5met-66e4a43016ac1-scaled.jpg?width=700 700w, https:\/\/bdc2020.o0bc.com\/wp-content\/uploads\/2024\/09\/s3___bgmp-arc_arc-feeds_generic-photos_to-arc_ryannewtonshooting5met-66e4a43016ac1-scaled.jpg?width=800 800w, https:\/\/bdc2020.o0bc.com\/wp-content\/uploads\/2024\/09\/s3___bgmp-arc_arc-feeds_generic-photos_to-arc_ryannewtonshooting5met-66e4a43016ac1-scaled.jpg?width=900 900w\" sizes=\"auto, (max-width: 2560px) 100vw, 2560px\"\/><figcaption class=\"wp-element-caption\">Participantes se re\u00fanem no Tribunal Distrital de Newton para a acusa\u00e7\u00e3o de Scott Hayes, um homem de Framingham acusado de atirar em algu\u00e9m durante um confronto violento em uma manifesta\u00e7\u00e3o pr\u00f3-Israel na quinta-feira.<i> \u2013 David L Ryan\/Equipe do Boston Globe<\/i><\/figcaption><\/figure>\n<p>De acordo com um <a href=\"https:\/\/www.facebook.com\/events\/1042677854201399?active_tab=about\" target=\"_blank\" rel=\"noreferrer noopener\">Evento do Facebook<\/a> para a manifesta\u00e7\u00e3o, Hayes foi um dos anfitri\u00f5es do \u201cNewton Solidarity Standout\u201d. Seu feed de m\u00eddia social no X mostra uma variedade de postagens anunciando manifesta\u00e7\u00f5es pr\u00f3-Israel em Massachusetts e falando contra o suposto antissemitismo \u00e0 luz da guerra em andamento de Israel em Gaza. <\/p>\n<p>Em um <a href=\"https:\/\/x.com\/ScottHayes11b\/status\/1792321507542327794\" target=\"_blank\" rel=\"noreferrer noopener\">publicar<\/a> de maio, primeiro sinalizado por Brookline.News, Hayes compartilhou uma foto de uma arma de fogo com a legenda, \u201cEi, odiadores de judeus. Tragam-na.\u201d O meio de comunica\u00e7\u00e3o noticiou em junho que Hayes havia organizado com\u00edcios pr\u00f3-Israel <a href=\"https:\/\/brookline.news\/confrontations-and-vitriol-disrupted-rallies-outside-town-meeting-ceasefire-vote\/\" target=\"_blank\" rel=\"noreferrer noopener\">em toda a \u00e1rea de Boston<\/a> nos \u00faltimos meses. <\/p>\n<p>Uma p\u00e1gina do GoFundMe para apoiar Hayes arrecadou mais de $133.000 at\u00e9 o final da tarde de sexta-feira. O arrecadador de fundos descreveu Hayes como um veterano da Guerra do Iraque. <\/p>\n<p>\u201cEmbora Scott n\u00e3o seja judeu, ele tem defendido o povo judeu e seu direito \u00e0 autodetermina\u00e7\u00e3o e governan\u00e7a por toda Boston, seus arredores e por toda a Nova Inglaterra e os EUA\u201d, diz a descri\u00e7\u00e3o. \u201cEle agora precisa de ajuda, pois essa turbul\u00eancia entrou em sua vida.\u201d <\/p>\n<p>Hayes deve retornar ao tribunal em 7 de novembro.<\/p>\n<p>Em um boletim informativo de sexta-feira, a prefeita de Newton, Ruthanne Fuller, expressou gratid\u00e3o pela a\u00e7\u00e3o r\u00e1pida dos socorristas e pela &#8220;tomada de decis\u00e3o cuidadosa&#8221; dos promotores. Ela tamb\u00e9m pediu civilidade ap\u00f3s o &#8220;incidente assustador e perturbador&#8221; de quinta-feira. <\/p>\n<p>\u201cEu encorajo todos n\u00f3s a ficarmos calmos, falarmos civilizadamente e agirmos respeitosamente\u201d, escreveu Fuller. <\/p>\n<figure class=\"wp-block-image size-full\"><img loading=\"lazy\" decoding=\"async\" width=\"2560\" height=\"1753\" src=\"https:\/\/bdc2020.o0bc.com\/wp-content\/uploads\/2024\/09\/s3___bgmp-arc_arc-feeds_generic-photos_to-arc_Wiggss_Hayes__4-66e4acf4515fc-scaled.jpg\" alt=\"\" class=\"wp-image-31686906\" srcset=\"https:\/\/bdc2020.o0bc.com\/wp-content\/uploads\/2024\/09\/s3___bgmp-arc_arc-feeds_generic-photos_to-arc_Wiggss_Hayes__4-66e4acf4515fc-scaled.jpg?width=200 200w, https:\/\/bdc2020.o0bc.com\/wp-content\/uploads\/2024\/09\/s3___bgmp-arc_arc-feeds_generic-photos_to-arc_Wiggss_Hayes__4-66e4acf4515fc-scaled.jpg?width=300 300w, https:\/\/bdc2020.o0bc.com\/wp-content\/uploads\/2024\/09\/s3___bgmp-arc_arc-feeds_generic-photos_to-arc_Wiggss_Hayes__4-66e4acf4515fc-scaled.jpg?width=400 400w, https:\/\/bdc2020.o0bc.com\/wp-content\/uploads\/2024\/09\/s3___bgmp-arc_arc-feeds_generic-photos_to-arc_Wiggss_Hayes__4-66e4acf4515fc-scaled.jpg?width=500 500w, https:\/\/bdc2020.o0bc.com\/wp-content\/uploads\/2024\/09\/s3___bgmp-arc_arc-feeds_generic-photos_to-arc_Wiggss_Hayes__4-66e4acf4515fc-scaled.jpg?width=600 600w, https:\/\/bdc2020.o0bc.com\/wp-content\/uploads\/2024\/09\/s3___bgmp-arc_arc-feeds_generic-photos_to-arc_Wiggss_Hayes__4-66e4acf4515fc-scaled.jpg?width=700 700w, https:\/\/bdc2020.o0bc.com\/wp-content\/uploads\/2024\/09\/s3___bgmp-arc_arc-feeds_generic-photos_to-arc_Wiggss_Hayes__4-66e4acf4515fc-scaled.jpg?width=800 800w, https:\/\/bdc2020.o0bc.com\/wp-content\/uploads\/2024\/09\/s3___bgmp-arc_arc-feeds_generic-photos_to-arc_Wiggss_Hayes__4-66e4acf4515fc-scaled.jpg?width=900 900w\" sizes=\"auto, (max-width: 2560px) 100vw, 2560px\"\/><figcaption class=\"wp-element-caption\">Scott Hayes deixa o Tribunal Distrital de Newton na sexta-feira ap\u00f3s pagar fian\u00e7a. <em>Jonathan Wiggs\/equipe do Boston Globe<\/em><\/figcaption><\/figure>\n<div class=\"m-block m-generic-cta\t m-generic-cta--post-content\t m-generic-cta--dark\t m-generic-cta--homepage\t m-generic-cta--email-signup\t\t m-generic-cta-block-style--default \tt-amp__generic-cta\"><\/p>\n<div class=\"m-generic-cta__wrap\">\n<div class=\"m-generic-cta__content\">\n<h3 class=\"m-generic-cta__title\">Boston.com Hoje<\/h3>\n<p class=\"m-generic-cta__subtitle\">Inscreva-se para receber as \u00faltimas manchetes na sua caixa de entrada todas as manh\u00e3s.<\/p>\n<\/p><\/div>\n<\/p><\/div>\n<\/div><\/div>\n<p><script>\n\t\tvar consent=\"grant\";\n\t\t\/* The above code is parsing the JSON data from the local storage and storing it in a variable. *\/\n\t\t\t\t\tconst onetrustStorageConsent = JSON.parse(localStorage.getItem( 'consent_one_trust_bdc' ) );\n\t\t\tif ( ( onetrustStorageConsent !== null ) ) {\n\t\t\t\t\/* Checking to see if the user has consented to the use of cookies.\n\t\t\t\t* If they have not, it is deleting the cookie.\n\t\t\t\t* This will comment for now, until further notice.\n\t\t\t\t*\/\n\t\t\t\t\/\/if ( onetrustStorageConsent.C0002 === false ) {\n\t\t\t\t\/\/\tdocument.cookie=\"_fbp=;expires=Thu, 01 Jan 2010 00:00:00 UTC; path=\/; domain=.boston.com\";\n\t\t\t\t\/\/}\n\t\t\t\t\/* Checking if the user has given consent for the cookie C0002.\n\t\t\t\t* If the user has given consent, the variable consent will be set to 'grant'.\n\t\t\t\t* If the user has not given consent,the variable consent will be set to 'revoke'.\n\t\t\t\t* Documentation https:\/\/developers.facebook.com\/docs\/meta-pixel\/implementation\/gdpr\n\t\t\t\t*\/\n\t\t\t\tif ( onetrustStorageConsent.C0002 !== true ) {\n\t\t\t\t\tconsent=\"revoke\";\n\t\t\t\t}\n\t\t\t}\n\t\t\t\t!function(f,b,e,v,n,t,s)\n\t\t{if(f.fbq)return;n=f.fbq=function(){n.callMethod?\n\t\tn.callMethod.apply(n,arguments):n.queue.push(arguments)};\n\t\tif(!f._fbq)f._fbq=n;n.push=n;n.loaded=!0;n.version='2.0';\n\t\tn.queue=[];t=b.createElement(e);t.async=!0;\n\t\tt.src=v;s=b.getElementsByTagName(e)[0];\n\t\ts.parentNode.insertBefore(t,s)}(window, document,'script',\n\t\t'https:\/\/connect.facebook.net\/en_US\/fbevents.js');\n\t\tfbq('consent', consent);\n\t\tfbq('init', '989222871864976');\n\t\tfbq('track', 'PageView');\n\t<\/script><script type=\"module\">\n\t\tvar consent=\"grant\";\n\t\t\/* The above code is parsing the JSON data from the local storage and storing it in a variable. *\/\n\t\t\tconst onetrustStorageConsent = JSON.parse(localStorage.getItem( 'consent_one_trust_bdc' ) );\n\t\t\t\/* Checking to see if the user has consented to the use of cookies.\n\t\t\t* If they have not, it is deleting the cookie.\n\t\t\t* This will comment for now, until further notice.\n\t\t\t*\/\n\t\t\t\/\/if ( onetrustStorageConsent.C0002 === false ) {\n\t\t\t\/\/\tdocument.cookie=\"_fbp=;expires=Thu, 01 Jan 2010 00:00:00 UTC; path=\/; domain=.boston.com\";\n\t\t\t\/\/}\n\t\t\t\/* Checking if the user has given consent for the cookie C0002.\n\t\t\t* If the user has given consent, the variable consent will be set to 'grant'.\n\t\t\t* If the user has not given consent,the variable consent will be set to 'revoke'.\n\t\t\t* Documentation https:\/\/developers.facebook.com\/docs\/meta-pixel\/implementation\/gdpr\n\t\t\t*\/\n\t\t\tif ( ( onetrustStorageConsent !== null ) && (onetrustStorageConsent.C0002 !== true ) ) {\n\t\t\t\tconsent=\"revoke\";\n\t\t\t}\n\t\t\t\t!function(f,b,e,v,n,t,s){if(f.fbq)return;n=f.fbq=function()\n\t\t{n.callMethod? n.callMethod.apply(n,arguments):n.queue.push(arguments)}\n\t\t;if(!f._fbq)f._fbq=n;\n\t\tn.push=n;n.loaded=!0;n.version='2.0';n.queue=[];t=b.createElement(e);t.async=!0;\n\t\tt.src=v;s=b.getElementsByTagName(e)[0];s.parentNode.insertBefore(t,s)}(window,\n\t\tdocument,'script','https:\/\/connect.facebook.net\/en_US\/fbevents.js');\n\t\tfbq('consent', consent);\n\t\tfbq('init', '813236348753005');\n\t\tfbq('track', \"PageView\");\n\t<\/script><br \/>\n<br \/><br \/>\n<br \/><a href=\"https:\/\/www.boston.com\/news\/crime\/2024\/09\/13\/pro-israel-demonstrator-pleads-not-guilty-after-newton-shooting\/\">Source link <\/a><\/p>","protected":false},"excerpt":{"rendered":"<p>Crime Autoridades dizem que um homem de Newton, de 31 anos, deve sobreviver ap\u00f3s ser baleado durante um confronto violento em uma manifesta\u00e7\u00e3o pr\u00f3-Israel. Ele tamb\u00e9m est\u00e1 enfrentando acusa\u00e7\u00f5es. O&hellip;<\/p>","protected":false},"author":1,"featured_media":36867,"comment_status":"closed","ping_status":"open","sticky":false,"template":"","format":"standard","meta":{"content-type":"","footnotes":""},"categories":[1],"tags":[],"class_list":["post-36866","post","type-post","status-publish","format-standard","has-post-thumbnail","hentry","category-uncategorized"],"_links":{"self":[{"href":"https:\/\/tvbrazilusa.com\/pt\/wp-json\/wp\/v2\/posts\/36866","targetHints":{"allow":["GET"]}}],"collection":[{"href":"https:\/\/tvbrazilusa.com\/pt\/wp-json\/wp\/v2\/posts"}],"about":[{"href":"https:\/\/tvbrazilusa.com\/pt\/wp-json\/wp\/v2\/types\/post"}],"author":[{"embeddable":true,"href":"https:\/\/tvbrazilusa.com\/pt\/wp-json\/wp\/v2\/users\/1"}],"replies":[{"embeddable":true,"href":"https:\/\/tvbrazilusa.com\/pt\/wp-json\/wp\/v2\/comments?post=36866"}],"version-history":[{"count":1,"href":"https:\/\/tvbrazilusa.com\/pt\/wp-json\/wp\/v2\/posts\/36866\/revisions"}],"predecessor-version":[{"id":36868,"href":"https:\/\/tvbrazilusa.com\/pt\/wp-json\/wp\/v2\/posts\/36866\/revisions\/36868"}],"wp:featuredmedia":[{"embeddable":true,"href":"https:\/\/tvbrazilusa.com\/pt\/wp-json\/wp\/v2\/media\/36867"}],"wp:attachment":[{"href":"https:\/\/tvbrazilusa.com\/pt\/wp-json\/wp\/v2\/media?parent=36866"}],"wp:term":[{"taxonomy":"category","embeddable":true,"href":"https:\/\/tvbrazilusa.com\/pt\/wp-json\/wp\/v2\/categories?post=36866"},{"taxonomy":"post_tag","embeddable":true,"href":"https:\/\/tvbrazilusa.com\/pt\/wp-json\/wp\/v2\/tags?post=36866"}],"curies":[{"name":"wp","href":"https:\/\/api.w.org\/{rel}","templated":true}]}}