{"id":36904,"date":"2024-09-13T23:17:41","date_gmt":"2024-09-13T23:17:41","guid":{"rendered":"https:\/\/tvbrazilusa.com\/2024\/09\/13\/bomba-nunes-marques-tera-que-tomar-uma-decisao-individual-sobre-as-acoes-movidas-pelo-novo-e-pela-oab-contra-o-bloqueio-do-x\/"},"modified":"2024-09-13T23:17:43","modified_gmt":"2024-09-13T23:17:43","slug":"bomba-nunes-marques-tera-que-tomar-uma-decisao-individual-sobre-as-acoes-movidas-pelo-novo-e-pela-oab-contra-o-bloqueio-do-x","status":"publish","type":"post","link":"https:\/\/tvbrazilusa.com\/pt\/2024\/09\/13\/bomba-nunes-marques-tera-que-tomar-uma-decisao-individual-sobre-as-acoes-movidas-pelo-novo-e-pela-oab-contra-o-bloqueio-do-x\/","title":{"rendered":"BOMBA: Nunes Marques ter\u00e1 que tomar uma decis\u00e3o individual sobre as a\u00e7\u00f5es movidas pelo Novo e pela OAB contra o bloqueio do X"},"content":{"rendered":"<p> <script async src=\"https:\/\/pagead2.googlesyndication.com\/pagead\/js\/adsbygoogle.js?client=ca-pub-8864793242727901\"\r\n     crossorigin=\"anonymous\"><\/script><br \/>\n<\/p>\n<div data-block-type=\"unstyled\" data-block-weight=\"52\">\n<p class=\"content-text__container\" data-track-category=\"Link no Texto\" data-track-links=\"data-track-links\">Na semana passada, ele pediu para que a Procuradoria-Geral da Rep\u00fablica (PGR) e a Advocacia-Geral da Uni\u00e3o (AGU) se manifestassem sobre o caso. Os dois \u00f3rg\u00e3os, no entanto, devem defender que os processos sejam arquivados, sem analisar o m\u00e9rito dos pedidos apresentados pelo Novo e pela Ordem dos Advogados do Brasil (OAB).<\/p>\n<p class=\"content-text__container\" data-track-category=\"Link no Texto\" data-track-links=\"data-track-links\">\u00a0<\/p>\n<div class=\"mc-column content-text active-extra-styles\" data-block-type=\"unstyled\" data-block-weight=\"43\">\n<p class=\"content-text__container\" data-track-category=\"Link no Texto\" data-track-links=\"data-track-links\">A expectativa \u00e9 que as manifesta\u00e7\u00f5es sejam enviadas ainda nesta semana. Com os pareceres em m\u00e3os, Nunes Marques ter\u00e1 elementos para n\u00e3o seguir com as a\u00e7\u00f5es e, se houver recursos a sua decis\u00e3o, eventualmente submet\u00ea-los \u00e0 an\u00e1lise colegiada, mas em uma sess\u00e3o virtual.<\/p>\n<p class=\"content-text__container\" data-track-category=\"Link no Texto\" data-track-links=\"data-track-links\">\u00a0<\/p>\n<\/div>\n<div class=\"mc-column content-text active-extra-styles\" data-block-type=\"unstyled\" data-block-weight=\"50\">\n<p class=\"content-text__container\" data-track-category=\"Link no Texto\" data-track-links=\"data-track-links\">Interlocutores na PGR indicam que a manifesta\u00e7\u00e3o pelo n\u00e3o-conhecimento das a\u00e7\u00f5es dever\u00e1 abordar quest\u00f5es jur\u00eddicas, no sentido de que n\u00e3o cabe Argui\u00e7\u00e3o de Descumprimento de Preceito Fundamental (ADPF) \u2013 tipo de a\u00e7\u00e3o ajuizada pela OAB e pelo Novo \u2013 contra decis\u00e3o de ministro, ainda mais depois de uma decis\u00e3o colegiada.<\/p>\n<p class=\"content-text__container\" data-track-category=\"Link no Texto\" data-track-links=\"data-track-links\">\u00a0<\/p>\n<\/div>\n<div class=\"mc-column content-text active-extra-styles\" data-block-type=\"unstyled\" data-block-weight=\"29\">\n<p class=\"content-text__container\" data-track-category=\"Link no Texto\" data-track-links=\"data-track-links\">No dia 2, a Primeira Turma do STF confirmou, por unanimidade, o bloqueio do X do Brasil, conforme liminar proferida pelo ministro Alexandre de Moraes em 30 de agosto.<\/p>\n<\/div>\n<div class=\"mc-column content-text active-extra-styles\" data-block-type=\"unstyled\" data-block-weight=\"50\">\n<p class=\"content-text__container\" data-track-category=\"Link no Texto\" data-track-links=\"data-track-links\">A ADPF \u00e9 uma a\u00e7\u00e3o de controle concentrado que tem car\u00e1ter subsidi\u00e1rio, ou seja, quando n\u00e3o cabe outro tipo de a\u00e7\u00e3o entre as poss\u00edveis, se ingressa com esse tipo de processo. Existe uma discuss\u00e3o no Supremo de at\u00e9 que ponto pode se dar elasticidade para o cabimento de uma ADPF.<\/p>\n<p class=\"content-text__container\" data-track-category=\"Link no Texto\" data-track-links=\"data-track-links\">\u00a0<\/p>\n<\/div>\n<div class=\"mc-column content-text active-extra-styles\" data-block-type=\"unstyled\" data-block-weight=\"54\">\n<p class=\"content-text__container\" data-track-category=\"Link no Texto\" data-track-links=\"data-track-links\">Al\u00e9m disso, se Nunes Marques decidir seguir adiante com as a\u00e7\u00f5es, isso poderia gerar desconforto entre os colegas, especialmente com Moraes. O pr\u00f3prio presidente do STF,\u00a0<strong>Lu\u00eds Roberto Barroso<\/strong>, j\u00e1 declarou n\u00e3o ver necessidade de que o caso seja discutido pelos 11 ministros, uma vez que j\u00e1 houve uma decis\u00e3o colegiada, na Primeira Turma.<\/p>\n<p class=\"content-text__container\" data-track-category=\"Link no Texto\" data-track-links=\"data-track-links\">\u00a0<\/p>\n<\/div>\n<div class=\"mc-column content-text active-extra-styles\" data-block-type=\"unstyled\" data-block-weight=\"107\">\n<p class=\"content-text__container\" data-track-category=\"Link no Texto\" data-track-links=\"data-track-links\">Na a\u00e7\u00e3o, a OAB pediu que o plen\u00e1rio invalide a multa de R$ 50 mil para os usu\u00e1rios que utilizarem o VPN (Virtual Private Network) como forma de burlar o acesso \u00e0 rede X, bloqueada no Brasil. J\u00e1 o pedido do Novo \u00e9 mais amplo, pois requer o fim do bloqueio da rede X e da multa de R$ 50 mil. O partido apresentou ainda um aditivo ao processo, para tentar desbloquear as contas da Starlink, operadora de internet por sat\u00e9lite que tamb\u00e9m pertence ao bilion\u00e1rio\u00a0<strong>Elon Musk<\/strong>. Moraes determinou o bloqueio para garantir o pagamento das multas do X, avaliadas em mais de R$ 18 milh\u00f5es.<\/p>\n<p class=\"content-text__container\" data-track-category=\"Link no Texto\" data-track-links=\"data-track-links\"><strong>Valor Globo<\/strong><\/p>\n<\/div>\n<\/div>\n<p><br \/>\n<br \/><a href=\"https:\/\/diariodobrasilnoticias.com.br\/noticia\/bomba-nunes-marques-tera-que-tomar-uma-decisao-individual-sobre-as-acoes-movidas-pelo-novo-e-pela-oab-contra-o-bloqueio-do-x-66e49e322abef\">Source link <\/a><\/p>","protected":false},"excerpt":{"rendered":"<p>Na semana passada, ele pediu para que a Procuradoria-Geral da Rep\u00fablica (PGR) e a Advocacia-Geral da Uni\u00e3o (AGU) se manifestassem sobre o caso. Os dois \u00f3rg\u00e3os, no entanto, devem defender&hellip;<\/p>","protected":false},"author":1,"featured_media":36905,"comment_status":"closed","ping_status":"open","sticky":false,"template":"","format":"standard","meta":{"content-type":"","footnotes":""},"categories":[16],"tags":[123,2448,5313,1267],"class_list":["post-36904","post","type-post","status-publish","format-standard","has-post-thumbnail","hentry","category-noticias","tag-brasil","tag-diario","tag-noticia","tag-noticias"],"_links":{"self":[{"href":"https:\/\/tvbrazilusa.com\/pt\/wp-json\/wp\/v2\/posts\/36904","targetHints":{"allow":["GET"]}}],"collection":[{"href":"https:\/\/tvbrazilusa.com\/pt\/wp-json\/wp\/v2\/posts"}],"about":[{"href":"https:\/\/tvbrazilusa.com\/pt\/wp-json\/wp\/v2\/types\/post"}],"author":[{"embeddable":true,"href":"https:\/\/tvbrazilusa.com\/pt\/wp-json\/wp\/v2\/users\/1"}],"replies":[{"embeddable":true,"href":"https:\/\/tvbrazilusa.com\/pt\/wp-json\/wp\/v2\/comments?post=36904"}],"version-history":[{"count":1,"href":"https:\/\/tvbrazilusa.com\/pt\/wp-json\/wp\/v2\/posts\/36904\/revisions"}],"predecessor-version":[{"id":36906,"href":"https:\/\/tvbrazilusa.com\/pt\/wp-json\/wp\/v2\/posts\/36904\/revisions\/36906"}],"wp:featuredmedia":[{"embeddable":true,"href":"https:\/\/tvbrazilusa.com\/pt\/wp-json\/wp\/v2\/media\/36905"}],"wp:attachment":[{"href":"https:\/\/tvbrazilusa.com\/pt\/wp-json\/wp\/v2\/media?parent=36904"}],"wp:term":[{"taxonomy":"category","embeddable":true,"href":"https:\/\/tvbrazilusa.com\/pt\/wp-json\/wp\/v2\/categories?post=36904"},{"taxonomy":"post_tag","embeddable":true,"href":"https:\/\/tvbrazilusa.com\/pt\/wp-json\/wp\/v2\/tags?post=36904"}],"curies":[{"name":"wp","href":"https:\/\/api.w.org\/{rel}","templated":true}]}}