{"id":36915,"date":"2024-09-13T23:40:14","date_gmt":"2024-09-13T23:40:14","guid":{"rendered":"https:\/\/tvbrazilusa.com\/2024\/09\/13\/descubra-o-significado-da-sexta-feira-13-e-entenda-por-que-essa-data-e-associada-ao-azar-e-ao-terror\/"},"modified":"2024-09-13T23:40:15","modified_gmt":"2024-09-13T23:40:15","slug":"descubra-o-significado-da-sexta-feira-13-e-entenda-por-que-essa-data-e-associada-ao-azar-e-ao-terror","status":"publish","type":"post","link":"https:\/\/tvbrazilusa.com\/pt\/2024\/09\/13\/descubra-o-significado-da-sexta-feira-13-e-entenda-por-que-essa-data-e-associada-ao-azar-e-ao-terror\/","title":{"rendered":"Descubra o significado da sexta-feira 13 e entenda por que essa data \u00e9 associada ao azar e ao terror"},"content":{"rendered":"<p> <script async src=\"https:\/\/pagead2.googlesyndication.com\/pagead\/js\/adsbygoogle.js?client=ca-pub-8864793242727901\"\r\n     crossorigin=\"anonymous\"><\/script><br \/>\n<\/p>\n<div>\n<figure class=\"post-image\">\n<\/figure>\n<p><span style=\"font-size: 12px\">Reprodu\u00e7\u00e3o\/ YouTube\/ Rotten Tomatoes Classic Trailers<\/span><\/p>\n<div id=\"taboola-read-more\" style=\"display:block; width:100%\">\n<p>O m\u00eas de setembro tem no calend\u00e1rio a t\u00e3o temida sexta-feira 13, data considerada por muitos como um dia de azar. Poucos sabem, no entanto, sobre as origens que levaram esse dia a ser considerado \u201camaldi\u00e7oado\u201d.<\/p>\n<p>Existem diverg\u00eancias quanto \u00e0 cria\u00e7\u00e3o e ao significado do mito da sexta-feira 13. Na mitologia n\u00f3rdica, por exemplo, \u00e9 um press\u00e1gio do caos, devido \u00e0 hist\u00f3ria de Odin em um banquete. O deus n\u00f3rdico estava com outras 12 divindades enquanto Loki, o deus da trapa\u00e7a, n\u00e3o foi convidado. Assim ele teria ido ao local e matado um dos convidados, Balder. A lenda deu significado a supersti\u00e7\u00e3o de que um encontro com 13 pessoas terminaria em trag\u00e9dia. A explica\u00e7\u00e3o mais aceita, no entanto, \u00e9 a demoniza\u00e7\u00e3o do dia promovida pela Igreja Cat\u00f3lica. A cren\u00e7a pag\u00e3 tinha a sexta-feira como dia de devo\u00e7\u00e3o aos deuses e o n\u00famero 13 era considerado milagroso.<\/p>\n<p>Mas com a expans\u00e3o da Igreja e a persegui\u00e7\u00e3o devido \u00e0 Inquisi\u00e7\u00e3o, o dia passou a ser considerado pag\u00e3o e relacionado \u00e0 bruxaria. A m\u00e1 fama do n\u00famero 13 tamb\u00e9m est\u00e1 relacionada \u00e0 boa fama do n\u00famero 12, que indica algo completo, como os 12 meses no ano; as 12 tribos de Israel; os 12 ap\u00f3stolos de Jesus e os 12 deuses do Olimpo. Aproveitando-se disso, v\u00e1rios filmes de terror surfaram na onda da cren\u00e7a popular. A franquia Sexta-Feira 13, do vil\u00e3o mascarado Jason, conta com cerca de 12 filmes diferentes sobre o tema.<\/p>\n<p><strong>Jovem Pan News<\/strong><\/p>\n<\/div>\n<div class=\"row mt-3\">\n<div class=\"col-sm-6\">\n<p><a href=\"https:\/\/chat.whatsapp.com\/GwURnmOyPiN1XheGYvCspN\" target=\"_blank\" rel=\"noopener\"><br \/>\n<img decoding=\"async\" src=\"https:\/\/diariodobrasilnoticias.com.br\/assets-site\/images\/bot_whatsapp.png\"\/><\/a>\n<\/div>\n<div class=\"col-sm-6\">\n<a href=\"https:\/\/t.me\/+_4gTmi5LKo03OTM5\" target=\"_blank\" rel=\"noopener\"><br \/>\n<img decoding=\"async\" src=\"https:\/\/diariodobrasilnoticias.com.br\/assets-site\/images\/bot_telegram.png\"\/><\/a>\n<\/div>\n<\/div>\n<\/div>\n<p><br \/>\n<br \/><a href=\"https:\/\/diariodobrasilnoticias.com.br\/noticia\/descubra-o-significado-da-sexta-feira-13-e-entenda-por-que-essa-data-e-associada-ao-azar-e-ao-terror-66e4a67a94b03\">Source link <\/a><\/p>","protected":false},"excerpt":{"rendered":"<p>Reprodu\u00e7\u00e3o\/ YouTube\/ Rotten Tomatoes Classic Trailers O m\u00eas de setembro tem no calend\u00e1rio a t\u00e3o temida sexta-feira 13, data considerada por muitos como um dia de azar. Poucos sabem, no&hellip;<\/p>","protected":false},"author":1,"featured_media":36916,"comment_status":"closed","ping_status":"open","sticky":false,"template":"","format":"standard","meta":{"content-type":"","footnotes":""},"categories":[16],"tags":[123,2448,5313,1267],"class_list":["post-36915","post","type-post","status-publish","format-standard","has-post-thumbnail","hentry","category-noticias","tag-brasil","tag-diario","tag-noticia","tag-noticias"],"_links":{"self":[{"href":"https:\/\/tvbrazilusa.com\/pt\/wp-json\/wp\/v2\/posts\/36915","targetHints":{"allow":["GET"]}}],"collection":[{"href":"https:\/\/tvbrazilusa.com\/pt\/wp-json\/wp\/v2\/posts"}],"about":[{"href":"https:\/\/tvbrazilusa.com\/pt\/wp-json\/wp\/v2\/types\/post"}],"author":[{"embeddable":true,"href":"https:\/\/tvbrazilusa.com\/pt\/wp-json\/wp\/v2\/users\/1"}],"replies":[{"embeddable":true,"href":"https:\/\/tvbrazilusa.com\/pt\/wp-json\/wp\/v2\/comments?post=36915"}],"version-history":[{"count":1,"href":"https:\/\/tvbrazilusa.com\/pt\/wp-json\/wp\/v2\/posts\/36915\/revisions"}],"predecessor-version":[{"id":36917,"href":"https:\/\/tvbrazilusa.com\/pt\/wp-json\/wp\/v2\/posts\/36915\/revisions\/36917"}],"wp:featuredmedia":[{"embeddable":true,"href":"https:\/\/tvbrazilusa.com\/pt\/wp-json\/wp\/v2\/media\/36916"}],"wp:attachment":[{"href":"https:\/\/tvbrazilusa.com\/pt\/wp-json\/wp\/v2\/media?parent=36915"}],"wp:term":[{"taxonomy":"category","embeddable":true,"href":"https:\/\/tvbrazilusa.com\/pt\/wp-json\/wp\/v2\/categories?post=36915"},{"taxonomy":"post_tag","embeddable":true,"href":"https:\/\/tvbrazilusa.com\/pt\/wp-json\/wp\/v2\/tags?post=36915"}],"curies":[{"name":"wp","href":"https:\/\/api.w.org\/{rel}","templated":true}]}}