{"id":36923,"date":"2024-09-13T23:54:12","date_gmt":"2024-09-13T23:54:12","guid":{"rendered":"https:\/\/tvbrazilusa.com\/2024\/09\/13\/agora-boninho-anuncia-sua-saida-da-globo-apos-40-anos-na-emissora\/"},"modified":"2024-09-13T23:54:14","modified_gmt":"2024-09-13T23:54:14","slug":"agora-boninho-anuncia-sua-saida-da-globo-apos-40-anos-na-emissora","status":"publish","type":"post","link":"https:\/\/tvbrazilusa.com\/pt\/2024\/09\/13\/agora-boninho-anuncia-sua-saida-da-globo-apos-40-anos-na-emissora\/","title":{"rendered":"AGORA: Boninho anuncia sua sa\u00edda da Globo ap\u00f3s 40 anos na emissora"},"content":{"rendered":"<p> <script async src=\"https:\/\/pagead2.googlesyndication.com\/pagead\/js\/adsbygoogle.js?client=ca-pub-8864793242727901\"\r\n     crossorigin=\"anonymous\"><\/script><br \/>\n<\/p>\n<div>\n<figure class=\"post-image\">\n<\/figure>\n<p><span style=\"font-size: 12px\">Reprodu\u00e7\u00e3o\/Globo<\/span><\/p>\n<div id=\"taboola-read-more\" style=\"display:block; width:100%\">\n<p>Depois de quatro d\u00e9cadas dedicadas \u00e0 TV Globo, Boninho, famoso diretor de in\u00fameros programas e realities, est\u00e1 de sa\u00edda da emissora. A decis\u00e3o foi anunciada nesta sexta-feira (13\/9), em um comunicado interno enviado por Amauri Soares, atual diretor dos Est\u00fadios Globo. Segundo Amauri, a decis\u00e3o foi m\u00fatua e, mesmo ap\u00f3s tentativas de manter Boninho como \u201ctalento do v\u00eddeo\u201d, ele preferiu seguir novos caminhos.<\/p>\n<p>Com uma carreira repleta de sucessos, Boninho acumulou diversas fun\u00e7\u00f5es e responsabilidades, sendo o \u201cBig Boss\u201d do Big Brother Brasil durante 25 anos. A transi\u00e7\u00e3o na dire\u00e7\u00e3o de g\u00eanero de reality ser\u00e1 conduzida por Rodrigo Dourado, que assume o cargo oficialmente no in\u00edcio de 2025.<\/p>\n<p>Boninho come\u00e7ou sua jornada na Globo em 1984 e, ao longo desses 40 anos, produziu e dirigiu uma vasta gama de programas e especiais. Entre seus primeiros trabalhos, destacam-se o \u201cClip Clip\u201d e diversos clipes para o \u201cFant\u00e1stico\u201d. Boninho tamb\u00e9m esteve \u00e0 frente de grandes eventos musicais, como \u201cHollywood Rock\u201d, \u201cFree Jazz\u201d, \u201cRock in Rio\u201d e in\u00fameros especiais de Roberto Carlos.<\/p>\n<p><strong>Terra Brasil Not\u00edcias\u00a0<\/strong><\/p>\n<\/p><\/div>\n<div class=\"row mt-3\">\n<div class=\"col-sm-6\">\n<p><a href=\"https:\/\/chat.whatsapp.com\/GwURnmOyPiN1XheGYvCspN\" target=\"_blank\" rel=\"noopener\"><br \/>\n<img decoding=\"async\" src=\"https:\/\/diariodobrasilnoticias.com.br\/assets-site\/images\/bot_whatsapp.png\"\/><\/a>\n<\/div>\n<div class=\"col-sm-6\">\n<a href=\"https:\/\/t.me\/+_4gTmi5LKo03OTM5\" target=\"_blank\" rel=\"noopener\"><br \/>\n<img decoding=\"async\" src=\"https:\/\/diariodobrasilnoticias.com.br\/assets-site\/images\/bot_telegram.png\"\/><\/a>\n<\/div>\n<\/div>\n<\/div>\n<p><br \/>\n<br \/><a href=\"https:\/\/diariodobrasilnoticias.com.br\/noticia\/agora-boninho-anuncia-sua-saida-da-globo-apos-40-anos-na-emissora-66e4a91383980\">Source link <\/a><\/p>","protected":false},"excerpt":{"rendered":"<p>Reprodu\u00e7\u00e3o\/Globo Depois de quatro d\u00e9cadas dedicadas \u00e0 TV Globo, Boninho, famoso diretor de in\u00fameros programas e realities, est\u00e1 de sa\u00edda da emissora. A decis\u00e3o foi anunciada nesta sexta-feira (13\/9), em&hellip;<\/p>","protected":false},"author":1,"featured_media":36924,"comment_status":"closed","ping_status":"open","sticky":false,"template":"","format":"standard","meta":{"content-type":"","footnotes":""},"categories":[16],"tags":[123,2448,5313,1267],"class_list":["post-36923","post","type-post","status-publish","format-standard","has-post-thumbnail","hentry","category-noticias","tag-brasil","tag-diario","tag-noticia","tag-noticias"],"_links":{"self":[{"href":"https:\/\/tvbrazilusa.com\/pt\/wp-json\/wp\/v2\/posts\/36923","targetHints":{"allow":["GET"]}}],"collection":[{"href":"https:\/\/tvbrazilusa.com\/pt\/wp-json\/wp\/v2\/posts"}],"about":[{"href":"https:\/\/tvbrazilusa.com\/pt\/wp-json\/wp\/v2\/types\/post"}],"author":[{"embeddable":true,"href":"https:\/\/tvbrazilusa.com\/pt\/wp-json\/wp\/v2\/users\/1"}],"replies":[{"embeddable":true,"href":"https:\/\/tvbrazilusa.com\/pt\/wp-json\/wp\/v2\/comments?post=36923"}],"version-history":[{"count":1,"href":"https:\/\/tvbrazilusa.com\/pt\/wp-json\/wp\/v2\/posts\/36923\/revisions"}],"predecessor-version":[{"id":36925,"href":"https:\/\/tvbrazilusa.com\/pt\/wp-json\/wp\/v2\/posts\/36923\/revisions\/36925"}],"wp:featuredmedia":[{"embeddable":true,"href":"https:\/\/tvbrazilusa.com\/pt\/wp-json\/wp\/v2\/media\/36924"}],"wp:attachment":[{"href":"https:\/\/tvbrazilusa.com\/pt\/wp-json\/wp\/v2\/media?parent=36923"}],"wp:term":[{"taxonomy":"category","embeddable":true,"href":"https:\/\/tvbrazilusa.com\/pt\/wp-json\/wp\/v2\/categories?post=36923"},{"taxonomy":"post_tag","embeddable":true,"href":"https:\/\/tvbrazilusa.com\/pt\/wp-json\/wp\/v2\/tags?post=36923"}],"curies":[{"name":"wp","href":"https:\/\/api.w.org\/{rel}","templated":true}]}}