{"id":36928,"date":"2024-09-14T00:07:44","date_gmt":"2024-09-14T00:07:44","guid":{"rendered":"https:\/\/tvbrazilusa.com\/2024\/09\/14\/tensao-diplomatica-venezuela-convoca-o-embaixador-da-espanha\/"},"modified":"2024-09-14T00:07:45","modified_gmt":"2024-09-14T00:07:45","slug":"tensao-diplomatica-venezuela-convoca-o-embaixador-da-espanha","status":"publish","type":"post","link":"https:\/\/tvbrazilusa.com\/pt\/2024\/09\/14\/tensao-diplomatica-venezuela-convoca-o-embaixador-da-espanha\/","title":{"rendered":"Tens\u00e3o diplom\u00e1tica: Venezuela convoca o embaixador da Espanha."},"content":{"rendered":"<p> <script async src=\"https:\/\/pagead2.googlesyndication.com\/pagead\/js\/adsbygoogle.js?client=ca-pub-8864793242727901\"\r\n     crossorigin=\"anonymous\"><\/script><br \/>\n<\/p>\n<div id=\"taboola-read-more\" style=\"display:block; width:100%\">\n<p tabindex=\"0\">A Venezuela convocou para consultas o embaixador da Espanha em Caracas, Ram\u00f3n Santos, em resposta ao que o regime de Nicol\u00e1s Maduro considerou \u201cdeclara\u00e7\u00f5es insolentes e grosseiras\u201d da ministra da Defesa do pa\u00eds europeu, Margarita Robles, que classificou a Venezuela como uma ditadura.<\/p>\n<p tabindex=\"0\">\u00a0<\/p>\n<p tabindex=\"0\">Ela havia criticado a persegui\u00e7\u00e3o e a limita\u00e7\u00e3o dos direitos fundamentais que os opositores pol\u00edticos do chavista est\u00e3o sofrendo ap\u00f3s as elei\u00e7\u00f5es, denunciadas por fraude no pa\u00eds sul-americano.<\/p>\n<p tabindex=\"0\">\u00a0<\/p>\n<p tabindex=\"0\">O embaixador, conforme disse na plataforma de mensagens Telegram o ministro das Rela\u00e7\u00f5es Exteriores da Venezuela, Yv\u00e1n Gil, aliado de Maduro, deve comparecer \u00e0 sede dessa pasta nesta sexta-feira (13) a pedido do regime, que considera que as declara\u00e7\u00f5es de Robles \u201capontam para uma deteriora\u00e7\u00e3o nas rela\u00e7\u00f5es entre os dois pa\u00edses\u201d.<\/p>\n<p tabindex=\"0\">\u00a0<\/p>\n<p tabindex=\"0\">Os funcion\u00e1rios do ditador Maduro, segundo Gil, tamb\u00e9m convocou sua embaixadora em Madri, Gladys Guti\u00e9rrez, para consultas, mas ele n\u00e3o explicou quando ela ter\u00e1 que comparecer.<\/p>\n<p tabindex=\"0\">\u00a0<\/p>\n<p tabindex=\"0\">Ap\u00f3s a chegada do ex-candidato presidencial pela maior coaliz\u00e3o de oposi\u00e7\u00e3o venezuelana, Edmundo Gonz\u00e1lez Urrutia, \u00e0 Espanha &#8211; onde ele pediu asilo sob a alega\u00e7\u00e3o de que est\u00e1 sofrendo persegui\u00e7\u00e3o pol\u00edtica e judicial na Venezuela -, Robles afirmou que o que o regime do pa\u00eds sul-americano est\u00e1 fazendo com \u201cmuitos\u201d opositores \u00e9 \u201cinaceit\u00e1vel\u201d.<\/p>\n<p tabindex=\"0\">\u00a0<\/p>\n<p tabindex=\"0\">Na quarta-feira, o Parlamento venezuelano, controlado pelo chavismo, prop\u00f4s uma resolu\u00e7\u00e3o que pode levar Maduro a romper \u201ctodas as rela\u00e7\u00f5es diplom\u00e1ticas, consulares, econ\u00f4micas e comerciais\u201d com a Espanha, cujo Congresso &#8211; apesar do voto contr\u00e1rio do Partido Socialista (PSOE), do presidente do governo, Pedro S\u00e1nchez &#8211; concordou em reconhecer Gonz\u00e1lez Urrutia como presidente eleito da Venezuela.<\/p>\n<p tabindex=\"0\">O l\u00edder opositor, que chegou a Madri no \u00faltimo domingo, pediu asilo por causa da persegui\u00e7\u00e3o que disse ter sofrido ap\u00f3s a elei\u00e7\u00e3o presidencial de 28 de julho, cuja vit\u00f3ria oficial foi de Maduro, segundo o Conselho Nacional Eleitoral (CNE). O resultado foi validado pelo Supremo Tribunal de Justi\u00e7a (TSJ), mas \u00e9 alvo de den\u00fancias de fraude.<\/p>\n<p tabindex=\"0\">\u00a0<\/p>\n<p tabindex=\"0\">A oposi\u00e7\u00e3o alega que Gonz\u00e1lez Urrutia foi o verdadeiro vencedor, com base em mais de 80% das atas de vota\u00e7\u00e3o que a coaliz\u00e3o pela qual ele disputou o pleito conseguiu em se\u00e7\u00f5es eleitorais.<\/p>\n<p tabindex=\"0\">A ditadura chavista, por sua vez, disse que essas atas, que foram publicadas posteriormente em um site pela oposi\u00e7\u00e3o, s\u00e3o \u201cfalsas\u201d.<\/p>\n<p tabindex=\"0\"><strong>Gazeta do Povo\u00a0<\/strong><\/p>\n<\/p><\/div>\n<p><br \/>\n<br \/><a href=\"https:\/\/diariodobrasilnoticias.com.br\/noticia\/tensao-diplomatica-venezuela-convoca-o-embaixador-da-espanha-66e4aa0b6e230\">Source link <\/a><\/p>","protected":false},"excerpt":{"rendered":"<p>A Venezuela convocou para consultas o embaixador da Espanha em Caracas, Ram\u00f3n Santos, em resposta ao que o regime de Nicol\u00e1s Maduro considerou \u201cdeclara\u00e7\u00f5es insolentes e grosseiras\u201d da ministra da&hellip;<\/p>","protected":false},"author":1,"featured_media":36929,"comment_status":"closed","ping_status":"open","sticky":false,"template":"","format":"standard","meta":{"content-type":"","footnotes":""},"categories":[16],"tags":[123,2448,5313,1267],"class_list":["post-36928","post","type-post","status-publish","format-standard","has-post-thumbnail","hentry","category-noticias","tag-brasil","tag-diario","tag-noticia","tag-noticias"],"_links":{"self":[{"href":"https:\/\/tvbrazilusa.com\/pt\/wp-json\/wp\/v2\/posts\/36928","targetHints":{"allow":["GET"]}}],"collection":[{"href":"https:\/\/tvbrazilusa.com\/pt\/wp-json\/wp\/v2\/posts"}],"about":[{"href":"https:\/\/tvbrazilusa.com\/pt\/wp-json\/wp\/v2\/types\/post"}],"author":[{"embeddable":true,"href":"https:\/\/tvbrazilusa.com\/pt\/wp-json\/wp\/v2\/users\/1"}],"replies":[{"embeddable":true,"href":"https:\/\/tvbrazilusa.com\/pt\/wp-json\/wp\/v2\/comments?post=36928"}],"version-history":[{"count":1,"href":"https:\/\/tvbrazilusa.com\/pt\/wp-json\/wp\/v2\/posts\/36928\/revisions"}],"predecessor-version":[{"id":36930,"href":"https:\/\/tvbrazilusa.com\/pt\/wp-json\/wp\/v2\/posts\/36928\/revisions\/36930"}],"wp:featuredmedia":[{"embeddable":true,"href":"https:\/\/tvbrazilusa.com\/pt\/wp-json\/wp\/v2\/media\/36929"}],"wp:attachment":[{"href":"https:\/\/tvbrazilusa.com\/pt\/wp-json\/wp\/v2\/media?parent=36928"}],"wp:term":[{"taxonomy":"category","embeddable":true,"href":"https:\/\/tvbrazilusa.com\/pt\/wp-json\/wp\/v2\/categories?post=36928"},{"taxonomy":"post_tag","embeddable":true,"href":"https:\/\/tvbrazilusa.com\/pt\/wp-json\/wp\/v2\/tags?post=36928"}],"curies":[{"name":"wp","href":"https:\/\/api.w.org\/{rel}","templated":true}]}}