{"id":36933,"date":"2024-09-14T00:22:46","date_gmt":"2024-09-14T00:22:46","guid":{"rendered":"https:\/\/tvbrazilusa.com\/2024\/09\/14\/ministra-vota-para-negar-o-recurso-de-janones-no-caso-bolsonaro\/"},"modified":"2024-09-14T00:22:48","modified_gmt":"2024-09-14T00:22:48","slug":"ministra-vota-para-negar-o-recurso-de-janones-no-caso-bolsonaro","status":"publish","type":"post","link":"https:\/\/tvbrazilusa.com\/pt\/2024\/09\/14\/ministra-vota-para-negar-o-recurso-de-janones-no-caso-bolsonaro\/","title":{"rendered":"Ministra vota para negar o recurso de Janones no caso Bolsonaro."},"content":{"rendered":"<p> <script async src=\"https:\/\/pagead2.googlesyndication.com\/pagead\/js\/adsbygoogle.js?client=ca-pub-8864793242727901\"\r\n     crossorigin=\"anonymous\"><\/script><br \/>\n<\/p>\n<div id=\"taboola-read-more\" style=\"display:block; width:100%\">\n<p>O julgamento do recurso do deputado come\u00e7ou nesta 6\u00aa feira (13.set.2024), \u00e0s 11h, em plen\u00e1rio virtual, com fim previsto para as 23h59 da 6\u00aa feira (20.set). Na modalidade, os ministros s\u00f3 depositam os votos. N\u00e3o h\u00e1 debate.<\/p>\n<p>Em agosto, Janones acionou o STF para pedir a volta do julgamento \u00e0 1\u00aa Inst\u00e2ncia. O deputado questiona a compet\u00eancia da Corte para julgar o caso.<\/p>\n<p>Segundo ele, as declara\u00e7\u00f5es a respeito de Bolsonaro \u201cn\u00e3o foram feitas em raz\u00e3o do exerc\u00edcio do mandato parlamentar\u201d. Alega ainda \u201cimunidade material\u201d por ser congressista.<\/p>\n<p>A decis\u00e3o da Corte, de acordo com C\u00e1rmen L\u00facia, \u00e9 exatamente para \u201caverigua\u00e7\u00e3o aprofundada\u201d, que ent\u00e3o dir\u00e1 se a manifesta\u00e7\u00e3o do deputado configura conduta relacionada ao exerc\u00edcio do mandato.<\/p>\n<p>\u201cO que se discute, em s\u00edntese, nos autos \u00e9 se as manifesta\u00e7\u00f5es do parlamentar extrapolaram os limites da sua imunidade material, porquanto praticadas com abuso da prerrogativa\u201d, afirmou a relatora.<\/p>\n<p>No fim de agosto, a PGR (Procuradoria Geral da Rep\u00fablica) se manifestou pela rejei\u00e7\u00e3o dos embargos de declara\u00e7\u00e3o (tipo de recurso apresentado por Janones) e a manuten\u00e7\u00e3o da compet\u00eancia da Corte para julgar o caso.<\/p>\n<h2><strong>ENTENDA O CASO<\/strong><\/h2>\n<p>Por 8 votos a 3, o STF decidiu, durante julgamento virtual em junho de 2024, tornar Janones r\u00e9u.<\/p>\n<p>Em 5 de abril do ano passado, o congressista fez publica\u00e7\u00e3o em seu perfil no X (ex-Twitter) chamando Bolsonaro de \u201cassassino\u201d e dizendo que ele foi uma \u201cinspira\u00e7\u00e3o\u201d para o autor do massacre na escola em Blumenau (SC), em abril de 2023.<\/p>\n<p>Na ocasi\u00e3o, um homem de 25 anos entrou em uma creche, matou 4 crian\u00e7as e deixou outras 5 feridas.<\/p>\n<p>O deputado tamb\u00e9m chamou o ex-presidente \u2013desta vez sem o citar pelo nome\u2013 de \u201cladr\u00e3ozinho de joias\u201d e \u201cbandido fuj\u00e3o\u201d.<\/p>\n<p>Na \u00e9poca, o antigo chefe do Executivo brasileiro prestou depoimento \u00e0 PF (Pol\u00edcia Federal) na investiga\u00e7\u00e3o sobre joias recebidas pelo governo da Ar\u00e1bia Saudita, enquanto estava no Planalto.<\/p>\n<h2><strong>DECLARA\u00c7\u00d5ES DE JANONES\u00a0<\/strong><\/h2>\n<p>Eis o que o Janones publicou no X (ex-Twitter):\u00a0<\/p>\n<ul>\n<li><strong dir=\"ltr\">em 31 de mar\u00e7o de 2023:<\/strong>\u00a0<em dir=\"ltr\"><span dir=\"ltr\">\u201cHoje voc\u00eas t\u00e3o a\u00ed se preparando para o feriado e o ladr\u00e3ozinho de joias se preparando para encarar a pol\u00edcia. \u00c9 a 1\u00aa de muitas contas que o bandido fuj\u00e3o vai ter que acertar.\u201d<\/span><\/em><\/li>\n<li><strong dir=\"ltr\">em 5 de abril de 2023:<\/strong>\u00a0<em dir=\"ltr\"><span dir=\"ltr\">\u201cO assassino que matou 4 crian\u00e7as hoje em SC tinha como inspira\u00e7\u00e3o um outro assassino: Jair Bolsonaro! Luiz Lima, autor da chacina, mantinha em suas redes de postagens enaltecendo o \u2018capit\u00e3o\u2019 que matou milhares na pandemia! O Bolsonarismo deve ser criminalizado assim como o nazismo.\u201d<\/span><\/em><\/li>\n<\/ul>\n<p><strong>Poder 360<\/strong><\/p>\n<\/p><\/div>\n<p><br \/>\n<br \/><a href=\"https:\/\/diariodobrasilnoticias.com.br\/noticia\/ministra-vota-para-negar-o-recurso-de-janones-no-caso-bolsonaro-66e4bb153c605\">Source link <\/a><\/p>","protected":false},"excerpt":{"rendered":"<p>O julgamento do recurso do deputado come\u00e7ou nesta 6\u00aa feira (13.set.2024), \u00e0s 11h, em plen\u00e1rio virtual, com fim previsto para as 23h59 da 6\u00aa feira (20.set). Na modalidade, os ministros&hellip;<\/p>","protected":false},"author":1,"featured_media":36934,"comment_status":"closed","ping_status":"open","sticky":false,"template":"","format":"standard","meta":{"content-type":"","footnotes":""},"categories":[16],"tags":[123,2448,5313,1267],"class_list":["post-36933","post","type-post","status-publish","format-standard","has-post-thumbnail","hentry","category-noticias","tag-brasil","tag-diario","tag-noticia","tag-noticias"],"_links":{"self":[{"href":"https:\/\/tvbrazilusa.com\/pt\/wp-json\/wp\/v2\/posts\/36933","targetHints":{"allow":["GET"]}}],"collection":[{"href":"https:\/\/tvbrazilusa.com\/pt\/wp-json\/wp\/v2\/posts"}],"about":[{"href":"https:\/\/tvbrazilusa.com\/pt\/wp-json\/wp\/v2\/types\/post"}],"author":[{"embeddable":true,"href":"https:\/\/tvbrazilusa.com\/pt\/wp-json\/wp\/v2\/users\/1"}],"replies":[{"embeddable":true,"href":"https:\/\/tvbrazilusa.com\/pt\/wp-json\/wp\/v2\/comments?post=36933"}],"version-history":[{"count":1,"href":"https:\/\/tvbrazilusa.com\/pt\/wp-json\/wp\/v2\/posts\/36933\/revisions"}],"predecessor-version":[{"id":36935,"href":"https:\/\/tvbrazilusa.com\/pt\/wp-json\/wp\/v2\/posts\/36933\/revisions\/36935"}],"wp:featuredmedia":[{"embeddable":true,"href":"https:\/\/tvbrazilusa.com\/pt\/wp-json\/wp\/v2\/media\/36934"}],"wp:attachment":[{"href":"https:\/\/tvbrazilusa.com\/pt\/wp-json\/wp\/v2\/media?parent=36933"}],"wp:term":[{"taxonomy":"category","embeddable":true,"href":"https:\/\/tvbrazilusa.com\/pt\/wp-json\/wp\/v2\/categories?post=36933"},{"taxonomy":"post_tag","embeddable":true,"href":"https:\/\/tvbrazilusa.com\/pt\/wp-json\/wp\/v2\/tags?post=36933"}],"curies":[{"name":"wp","href":"https:\/\/api.w.org\/{rel}","templated":true}]}}