{"id":36976,"date":"2024-09-14T02:06:35","date_gmt":"2024-09-14T02:06:35","guid":{"rendered":"https:\/\/tvbrazilusa.com\/2024\/09\/14\/o-governo-biden-planeja-taxar-compras-em-sites-chineses-como-shein-e-temu\/"},"modified":"2024-09-14T02:06:36","modified_gmt":"2024-09-14T02:06:36","slug":"o-governo-biden-planeja-taxar-compras-em-sites-chineses-como-shein-e-temu","status":"publish","type":"post","link":"https:\/\/tvbrazilusa.com\/pt\/2024\/09\/14\/o-governo-biden-planeja-taxar-compras-em-sites-chineses-como-shein-e-temu\/","title":{"rendered":"O governo Biden planeja taxar compras em sites chineses como Shein e Temu"},"content":{"rendered":"<p> <script async src=\"https:\/\/pagead2.googlesyndication.com\/pagead\/js\/adsbygoogle.js?client=ca-pub-8864793242727901\"\r\n     crossorigin=\"anonymous\"><\/script><br \/>\n<\/p>\n<div id=\"taboola-read-more\" style=\"display:block; width:100%\">\n<p>O governo do presidente Joe Biden anunciou nesta sexta-feira, 13, que ir\u00e1 refor\u00e7ar as barreiras contra os produtos chineses de baixo custo, especialmente os vendidos em plataformas de com\u00e9rcio eletr\u00f4nico, que at\u00e9 agora entram nos Estados Unidos sem pagar tarifas.<\/p>\n<p>Isso afetar\u00e1 empresas como Shein e Temu, que ganharam espa\u00e7o no varejo americano nos \u00faltimos anos e competem com gigantes americanas como Amazon e Walmart, e tamb\u00e9m com os pequenos com\u00e9rcios de bairro.<\/p>\n<p class=\"m-0 p-0 lg:text-pretty body-extra-large text-colors-text dark:text-colors-background overflow-hidden py-3 lg:py-4\">De acordo com a Casa Branca, as regras ainda ser\u00e3o revisadas e debatidas em audi\u00eancias p\u00fablicas. N\u00e3o foi relevada uma data para que as mudan\u00e7as entrem em vigor. At\u00e9 agora, as\u00a0<span class=\"is_emphasis\">remessas avaliadas em menos de US$ 800\u00a0<\/span>estavam isentas de impostos e taxas ao entrar no pa\u00eds.<\/p>\n<h2 class=\"m-0 p-0 lg:text-pretty headline-small text-colors-text dark:text-colors-background py-3\">Pacotes fracionados<\/h2>\n<p class=\"m-0 p-0 lg:text-pretty body-extra-large text-colors-text dark:text-colors-background overflow-hidden py-3 lg:py-4\">O problema, segundo explicaram funcion\u00e1rios do governo americano \u00e0 imprensa, \u00e9 que esta regra se tornou uma lacuna legal na pol\u00edtica comercial que facilita abusos por parte das empresas chinesas.<\/p>\n<p class=\"m-0 p-0 lg:text-pretty body-extra-large text-colors-text dark:text-colors-background overflow-hidden py-3 lg:py-4\">\u00a0<\/p>\n<p class=\"m-0 p-0 lg:text-pretty body-extra-large text-colors-text dark:text-colors-background overflow-hidden py-3 lg:py-4\">Segundo esses funcion\u00e1rios, nos \u00faltimos dez anos, o n\u00famero de remessas que entram nos Estados Unidos sob a isen\u00e7\u00e3o \u201cde minimis\u201d, que foi proclamada pelo Congresso na d\u00e9cada de 1930, aumentou significativamente, passando de aproximadamente US$ 140 milh\u00f5es por ano para mais de US$ 1 bilh\u00e3o por ano.<\/p>\n<p class=\"m-0 p-0 lg:text-pretty body-extra-large text-colors-text dark:text-colors-background overflow-hidden py-3 lg:py-4\">\u00a0<\/p>\n<p class=\"m-0 p-0 lg:text-pretty body-extra-large text-colors-text dark:text-colors-background overflow-hidden py-3 lg:py-4\">As autoridades explicaram que a maioria das remessas que entram nos Estados Unidos sob o abrigo da isen\u00e7\u00e3o \u201cde minimis\u201d prov\u00e9m de plataformas de com\u00e9rcio eletr\u00f4nico que vendem produtos da China.<\/p>\n<p class=\"m-0 p-0 lg:text-pretty body-extra-large text-colors-text dark:text-colors-background overflow-hidden py-3 lg:py-4\">\u00a0<\/p>\n<p class=\"m-0 p-0 lg:text-pretty body-extra-large text-colors-text dark:text-colors-background overflow-hidden py-3 lg:py-4\">Esta isen\u00e7\u00e3o permite a entrada de remessas de baixo valor sem impostos ou taxas. No entanto, algumas empresas estrangeiras encontraram uma forma de tirar partido desta regra: dividindo uma encomenda em v\u00e1rios pacotes para reduzir o valor de cada um, garantindo assim que cada envio individual permanece dentro dos limites da isen\u00e7\u00e3o.<\/p>\n<p class=\"m-0 p-0 lg:text-pretty body-extra-large text-colors-text dark:text-colors-background overflow-hidden py-3 lg:py-4\">\u00a0<\/p>\n<p class=\"m-0 p-0 lg:text-pretty body-extra-large text-colors-text dark:text-colors-background overflow-hidden py-3 lg:py-4\">Segundo o governo Biden, isto coloca em risco os consumidores americanos, enfraquece as empresas locais e afeta os seus trabalhadores, uma vez que permite a entrada no mercado americano de grandes volumes de produtos de baixo valor, isentos de tarifas, como t\u00eaxteis e pe\u00e7as de vestu\u00e1rio.<\/p>\n<p class=\"m-0 p-0 lg:text-pretty body-extra-large text-colors-text dark:text-colors-background overflow-hidden py-3 lg:py-4\">\u00a0<\/p>\n<p class=\"m-0 p-0 lg:text-pretty body-extra-large text-colors-text dark:text-colors-background overflow-hidden py-3 lg:py-4\">Al\u00e9m disso, isto prejudica o cumprimento das leis comerciais dos EUA, das normas de sa\u00fade e seguran\u00e7a, dos direitos de propriedade intelectual, dos regulamentos de prote\u00e7\u00e3o do consumidor e da capacidade de bloquear a entrada de drogas sint\u00e9ticas il\u00edcitas, como o fentanil, bem como das suas mat\u00e9rias-primas e maquinaria.<\/p>\n<h2 class=\"m-0 p-0 lg:text-pretty headline-small text-colors-text dark:text-colors-background py-3\">Brasil adotou taxas este ano<\/h2>\n<p>Em junho, o Congresso Nacional do Brasil aprovou o fim da isen\u00e7\u00e3o do imposto de importa\u00e7\u00e3o para compras de at\u00e9 US$ 50, que eram isentas por conta do programa Remessa Conforme, lan\u00e7ado em 2023. A medida come\u00e7ou a valer em 1\u00ba de agosto.<\/p>\n<p class=\"m-0 p-0 lg:text-pretty body-extra-large text-colors-text dark:text-colors-background overflow-hidden py-3 lg:py-4\">Segundo a regra, compras de at\u00e9 US$ 50 tem cobran\u00e7a de uma al\u00edquota de 20% do imposto de importa\u00e7\u00e3o. Para remessas acima de US$ 50 e at\u00e9 US$ 3 mil, o consumidor paga imposto de 60%, com desconto de US$ 20 do tributo a pagar. Nos dois cen\u00e1rios, h\u00e1 cobran\u00e7a de 17% do ICMS.<\/p>\n<p class=\"m-0 p-0 lg:text-pretty body-extra-large text-colors-text dark:text-colors-background overflow-hidden py-3 lg:py-4\">\u00a0<\/p>\n<p class=\"m-0 p-0 lg:text-pretty body-extra-large text-colors-text dark:text-colors-background overflow-hidden py-3 lg:py-4\">As varejistas chinesas estimam que a tributa\u00e7\u00e3o final ficou em 44,5% para compras de at\u00e9 US$ 50 e de 92% para compras acima deste valor, sem considerar o desconto de US$ 20.\u00a0<\/p>\n<p class=\"m-0 p-0 lg:text-pretty body-extra-large text-colors-text dark:text-colors-background overflow-hidden py-3 lg:py-4\"><strong>Exame<\/strong><\/p>\n<\/p><\/div>\n<p><br \/>\n<br \/><a href=\"https:\/\/diariodobrasilnoticias.com.br\/noticia\/o-governo-biden-planeja-taxar-compras-em-sites-chineses-como-shein-e-temu-66e4cf302a0b8\">Source link <\/a><\/p>","protected":false},"excerpt":{"rendered":"<p>O governo do presidente Joe Biden anunciou nesta sexta-feira, 13, que ir\u00e1 refor\u00e7ar as barreiras contra os produtos chineses de baixo custo, especialmente os vendidos em plataformas de com\u00e9rcio eletr\u00f4nico,&hellip;<\/p>","protected":false},"author":1,"featured_media":36977,"comment_status":"closed","ping_status":"open","sticky":false,"template":"","format":"standard","meta":{"content-type":"","footnotes":""},"categories":[16],"tags":[123,2448,5313,1267],"class_list":["post-36976","post","type-post","status-publish","format-standard","has-post-thumbnail","hentry","category-noticias","tag-brasil","tag-diario","tag-noticia","tag-noticias"],"_links":{"self":[{"href":"https:\/\/tvbrazilusa.com\/pt\/wp-json\/wp\/v2\/posts\/36976","targetHints":{"allow":["GET"]}}],"collection":[{"href":"https:\/\/tvbrazilusa.com\/pt\/wp-json\/wp\/v2\/posts"}],"about":[{"href":"https:\/\/tvbrazilusa.com\/pt\/wp-json\/wp\/v2\/types\/post"}],"author":[{"embeddable":true,"href":"https:\/\/tvbrazilusa.com\/pt\/wp-json\/wp\/v2\/users\/1"}],"replies":[{"embeddable":true,"href":"https:\/\/tvbrazilusa.com\/pt\/wp-json\/wp\/v2\/comments?post=36976"}],"version-history":[{"count":1,"href":"https:\/\/tvbrazilusa.com\/pt\/wp-json\/wp\/v2\/posts\/36976\/revisions"}],"predecessor-version":[{"id":36978,"href":"https:\/\/tvbrazilusa.com\/pt\/wp-json\/wp\/v2\/posts\/36976\/revisions\/36978"}],"wp:featuredmedia":[{"embeddable":true,"href":"https:\/\/tvbrazilusa.com\/pt\/wp-json\/wp\/v2\/media\/36977"}],"wp:attachment":[{"href":"https:\/\/tvbrazilusa.com\/pt\/wp-json\/wp\/v2\/media?parent=36976"}],"wp:term":[{"taxonomy":"category","embeddable":true,"href":"https:\/\/tvbrazilusa.com\/pt\/wp-json\/wp\/v2\/categories?post=36976"},{"taxonomy":"post_tag","embeddable":true,"href":"https:\/\/tvbrazilusa.com\/pt\/wp-json\/wp\/v2\/tags?post=36976"}],"curies":[{"name":"wp","href":"https:\/\/api.w.org\/{rel}","templated":true}]}}