{"id":36991,"date":"2024-09-14T03:05:47","date_gmt":"2024-09-14T03:05:47","guid":{"rendered":"https:\/\/tvbrazilusa.com\/2024\/09\/14\/agu-argumenta-que-o-stf-deve-rejeitar-as-acoes-que-contestam-o-bloqueio-do-x\/"},"modified":"2024-09-14T03:05:47","modified_gmt":"2024-09-14T03:05:47","slug":"agu-argumenta-que-o-stf-deve-rejeitar-as-acoes-que-contestam-o-bloqueio-do-x","status":"publish","type":"post","link":"https:\/\/tvbrazilusa.com\/pt\/2024\/09\/14\/agu-argumenta-que-o-stf-deve-rejeitar-as-acoes-que-contestam-o-bloqueio-do-x\/","title":{"rendered":"AGU argumenta que o STF deve rejeitar as a\u00e7\u00f5es que contestam o bloqueio do X."},"content":{"rendered":"<p> <script async src=\"https:\/\/pagead2.googlesyndication.com\/pagead\/js\/adsbygoogle.js?client=ca-pub-8864793242727901\"\r\n     crossorigin=\"anonymous\"><\/script><br \/>\n<\/p>\n<p>A Advocacia-Geral da Uni\u00e3o (AGU) defende que o Supremo Tribunal Federal (STF) rejeite as duas a\u00e7\u00f5es que questionam o bloqueio do X, antigo Twitter, no Brasil. O \u00f3rg\u00e3o se manifestou nesta sexta-feira (13) nos processos do Partido Novo e da Ordem dos Advogados do Brasil (OAB).<\/p>\n<div>\n<p>Para o advogado-geral da Uni\u00e3o, Jorge Messias, as a\u00e7\u00f5es n\u00e3o podem ser analisadas por questionarem uma decis\u00e3o do pr\u00f3prio Supremo.<\/p>\n<div class=\"brius-ad-scope\">\n<p>O posicionamento da AGU segue um entendimento semelhante da Procuradoria-Geral da Rep\u00fablica (PGR). As a\u00e7\u00f5es s\u00e3o relatadas pelo ministro Nunes Marques.<\/p>\n<\/div>\n<p>\u00a0<\/p>\n<p>\u00a0<\/p>\n<div class=\"brius-ad-scope\">O X est\u00e1 est\u00e1 bloqueado no Brasil desde o fim de agosto, por ordem do ministro Alexandre de Moraes. A ordem foi referendada pela 1\u00aa Turma da Corte.<\/div>\n<div class=\"brius-ad-scope\">\n<p>O Partido Novo questiona a ordem de bloqueio da rede social. J\u00e1 a OAB, a multa de R$ 50 mil imposta a quem usar meios paralelos para o uso da plataforma, como VPN (rede privada).<\/p>\n<p><strong>Itatiaia<\/strong><\/p>\n<p>\u00a0<\/p>\n<\/div>\n<\/div>\n<p><br \/>\n<br \/><a href=\"https:\/\/diariodobrasilnoticias.com.br\/noticia\/-agu-argumenta-que-o-stf-deve-rejeitar-as-acoes-que-contestam-o-bloqueio-do-x-66e4c5279a545\">Source link <\/a><\/p>","protected":false},"excerpt":{"rendered":"<p>A Advocacia-Geral da Uni\u00e3o (AGU) defende que o Supremo Tribunal Federal (STF) rejeite as duas a\u00e7\u00f5es que questionam o bloqueio do X, antigo Twitter, no Brasil. O \u00f3rg\u00e3o se manifestou&hellip;<\/p>","protected":false},"author":1,"featured_media":36992,"comment_status":"closed","ping_status":"open","sticky":false,"template":"","format":"standard","meta":{"content-type":"","footnotes":""},"categories":[16],"tags":[123,2448,5313,1267],"class_list":["post-36991","post","type-post","status-publish","format-standard","has-post-thumbnail","hentry","category-noticias","tag-brasil","tag-diario","tag-noticia","tag-noticias"],"_links":{"self":[{"href":"https:\/\/tvbrazilusa.com\/pt\/wp-json\/wp\/v2\/posts\/36991","targetHints":{"allow":["GET"]}}],"collection":[{"href":"https:\/\/tvbrazilusa.com\/pt\/wp-json\/wp\/v2\/posts"}],"about":[{"href":"https:\/\/tvbrazilusa.com\/pt\/wp-json\/wp\/v2\/types\/post"}],"author":[{"embeddable":true,"href":"https:\/\/tvbrazilusa.com\/pt\/wp-json\/wp\/v2\/users\/1"}],"replies":[{"embeddable":true,"href":"https:\/\/tvbrazilusa.com\/pt\/wp-json\/wp\/v2\/comments?post=36991"}],"version-history":[{"count":1,"href":"https:\/\/tvbrazilusa.com\/pt\/wp-json\/wp\/v2\/posts\/36991\/revisions"}],"predecessor-version":[{"id":36993,"href":"https:\/\/tvbrazilusa.com\/pt\/wp-json\/wp\/v2\/posts\/36991\/revisions\/36993"}],"wp:featuredmedia":[{"embeddable":true,"href":"https:\/\/tvbrazilusa.com\/pt\/wp-json\/wp\/v2\/media\/36992"}],"wp:attachment":[{"href":"https:\/\/tvbrazilusa.com\/pt\/wp-json\/wp\/v2\/media?parent=36991"}],"wp:term":[{"taxonomy":"category","embeddable":true,"href":"https:\/\/tvbrazilusa.com\/pt\/wp-json\/wp\/v2\/categories?post=36991"},{"taxonomy":"post_tag","embeddable":true,"href":"https:\/\/tvbrazilusa.com\/pt\/wp-json\/wp\/v2\/tags?post=36991"}],"curies":[{"name":"wp","href":"https:\/\/api.w.org\/{rel}","templated":true}]}}