{"id":37003,"date":"2024-09-14T03:54:52","date_gmt":"2024-09-14T03:54:52","guid":{"rendered":"https:\/\/tvbrazilusa.com\/2024\/09\/14\/oposicao-acusa-marina-silva-de-fazer-politicagem-durante-as-queimadas-desistiu-de-carreata-apos-criticas\/"},"modified":"2024-09-14T03:54:53","modified_gmt":"2024-09-14T03:54:53","slug":"oposicao-acusa-marina-silva-de-fazer-politicagem-durante-as-queimadas-desistiu-de-carreata-apos-criticas","status":"publish","type":"post","link":"https:\/\/tvbrazilusa.com\/pt\/2024\/09\/14\/oposicao-acusa-marina-silva-de-fazer-politicagem-durante-as-queimadas-desistiu-de-carreata-apos-criticas\/","title":{"rendered":"Oposi\u00e7\u00e3o acusa Marina Silva de fazer politicagem durante as queimadas: \u2018Desistiu de carreata ap\u00f3s cr\u00edticas\u2019"},"content":{"rendered":"<p> <script async src=\"https:\/\/pagead2.googlesyndication.com\/pagead\/js\/adsbygoogle.js?client=ca-pub-8864793242727901\"\r\n     crossorigin=\"anonymous\"><\/script><br \/>\n<\/p>\n<div id=\"taboola-read-more\" style=\"display:block; width:100%\">\n<p>Em S\u00e3o Carlos, um dos focos de queimadas no estado de S\u00e3o Paulo, a ministra do Meio Ambiente, Marina Silva (REDE), est\u00e1 programada para realizar uma palestra neste s\u00e1bado (4).<\/p>\n<p>No entanto, o evento tem gerado tumulto na regi\u00e3o, com a oposi\u00e7\u00e3o acusando a ministra de utilizar o evento para uma suposta \u2018manobra pol\u00edtica\u2019 em favor do candidato do PT, Newton Lima.<\/p>\n<p>Isso porque, segundo os cr\u00edticos, o evento inicialmente estava previsto como uma carreata pol\u00edtica, mas, diante das cr\u00edticas e da possibilidade de perda de apoio pol\u00edtico, a organiza\u00e7\u00e3o teria recuado e transformado o evento em uma plen\u00e1ria sobre o meio ambiente.<\/p>\n<p>Imagens compartilhadas nas redes sociais mostram dois banners distintos da organiza\u00e7\u00e3o do evento: um anunciando uma carreata com a presen\u00e7a de Marina Silva, e outro, mais recente, que promove uma plen\u00e1ria ambiental.<\/p>\n<p>A ida de Marina acontece em um momento de intensas queimadas no munic\u00edpio. Na \u00faltima quarta-feira (11), um canavial nas proximidades do Aeroporto M\u00e1rio Pereira Lopes, em S\u00e3o Carlos, foi atingido por um inc\u00eandio de grandes propor\u00e7\u00f5es.<\/p>\n<p>A fuma\u00e7a densa ficou vis\u00edvel em v\u00e1rias partes da cidade. O inc\u00eandio come\u00e7ou em uma propriedade rural na rodovia SP-318, que liga S\u00e3o Carlos a Ribeir\u00e3o Preto.<\/p>\n<\/p><\/div>\n<p><br \/>\n<br \/><a href=\"https:\/\/diariodobrasilnoticias.com.br\/noticia\/posicao-acusa-marina-silva-de-fazer-politicagem-durante-as-queimadas-desistiu-de-carreata-apos-criticas-66e4c110540b9\">Source link <\/a><\/p>","protected":false},"excerpt":{"rendered":"<p>Em S\u00e3o Carlos, um dos focos de queimadas no estado de S\u00e3o Paulo, a ministra do Meio Ambiente, Marina Silva (REDE), est\u00e1 programada para realizar uma palestra neste s\u00e1bado (4).&hellip;<\/p>","protected":false},"author":1,"featured_media":37004,"comment_status":"closed","ping_status":"open","sticky":false,"template":"","format":"standard","meta":{"content-type":"","footnotes":""},"categories":[16],"tags":[123,2448,5313,1267],"class_list":["post-37003","post","type-post","status-publish","format-standard","has-post-thumbnail","hentry","category-noticias","tag-brasil","tag-diario","tag-noticia","tag-noticias"],"_links":{"self":[{"href":"https:\/\/tvbrazilusa.com\/pt\/wp-json\/wp\/v2\/posts\/37003","targetHints":{"allow":["GET"]}}],"collection":[{"href":"https:\/\/tvbrazilusa.com\/pt\/wp-json\/wp\/v2\/posts"}],"about":[{"href":"https:\/\/tvbrazilusa.com\/pt\/wp-json\/wp\/v2\/types\/post"}],"author":[{"embeddable":true,"href":"https:\/\/tvbrazilusa.com\/pt\/wp-json\/wp\/v2\/users\/1"}],"replies":[{"embeddable":true,"href":"https:\/\/tvbrazilusa.com\/pt\/wp-json\/wp\/v2\/comments?post=37003"}],"version-history":[{"count":1,"href":"https:\/\/tvbrazilusa.com\/pt\/wp-json\/wp\/v2\/posts\/37003\/revisions"}],"predecessor-version":[{"id":37005,"href":"https:\/\/tvbrazilusa.com\/pt\/wp-json\/wp\/v2\/posts\/37003\/revisions\/37005"}],"wp:featuredmedia":[{"embeddable":true,"href":"https:\/\/tvbrazilusa.com\/pt\/wp-json\/wp\/v2\/media\/37004"}],"wp:attachment":[{"href":"https:\/\/tvbrazilusa.com\/pt\/wp-json\/wp\/v2\/media?parent=37003"}],"wp:term":[{"taxonomy":"category","embeddable":true,"href":"https:\/\/tvbrazilusa.com\/pt\/wp-json\/wp\/v2\/categories?post=37003"},{"taxonomy":"post_tag","embeddable":true,"href":"https:\/\/tvbrazilusa.com\/pt\/wp-json\/wp\/v2\/tags?post=37003"}],"curies":[{"name":"wp","href":"https:\/\/api.w.org\/{rel}","templated":true}]}}