{"id":3707,"date":"2023-11-29T15:00:10","date_gmt":"2023-11-29T15:00:10","guid":{"rendered":"https:\/\/tvbrazilusa.com\/2023\/11\/29\/o-povo-voltou-as-ruas-paulo-figueiredo-fala-sobre-o-inicio-da-reacao-popular-contra-a-dit4dur4\/"},"modified":"2023-11-29T15:00:10","modified_gmt":"2023-11-29T15:00:10","slug":"o-povo-voltou-as-ruas-paulo-figueiredo-fala-sobre-o-inicio-da-reacao-popular-contra-a-dit4dur4","status":"publish","type":"post","link":"https:\/\/tvbrazilusa.com\/pt\/2023\/11\/29\/o-povo-voltou-as-ruas-paulo-figueiredo-fala-sobre-o-inicio-da-reacao-popular-contra-a-dit4dur4\/","title":{"rendered":"O POVO VOLTOU \u00c0S RUAS &#8211; Paulo Figueiredo Fala Sobre o In\u00edcio da Rea\u00e7\u00e3o Popular Contra a Dit4dur4"},"content":{"rendered":"<p><iframe  width=\"580\" height=\"385\" src=\"https:\/\/www.youtube.com\/embed\/BtqnTLtC4ao?modestbranding=1\" frameborder=\"0\" allowfullscreen><\/iframe><br \/>\n<br \/>INSCRI\u00c7\u00d5ES ABERTAS para o maior curso de pol\u00edtica do Brasil! &#8211;<br \/>\nClique no link  e ganhe 35% de desconto no Curso &#8220;O Fim da Am\u00e9rica e do Mundo Como Conhecemos!&#8221; Use o cupom: MILEI<\/p>\n<p>Apoie o trabalho do Paulo Figueiredo com 30% de desconto: <\/p>\n<p>Assine e apoie o Fio Di\u00e1rio: &#8211;<\/p>\n<p>Whatsapp, Intagram e muito mais: &#8211;<\/p>\n<p><a href=\"https:\/\/www.youtube.com\/watch?v=BtqnTLtC4ao\">source<\/a><\/p>","protected":false},"excerpt":{"rendered":"<p>INSCRI\u00c7\u00d5ES ABERTAS para o maior curso de pol\u00edtica do Brasil! &#8211; Clique no link e ganhe 35% de desconto no Curso &#8220;O Fim da Am\u00e9rica e do Mundo Como Conhecemos!&#8221;&hellip;<\/p>","protected":false},"author":1,"featured_media":3708,"comment_status":"","ping_status":"open","sticky":false,"template":"","format":"standard","meta":{"content-type":"","footnotes":""},"categories":[18],"tags":[],"class_list":["post-3707","post","type-post","status-publish","format-standard","has-post-thumbnail","hentry","category-paulo-figueiredo"],"_links":{"self":[{"href":"https:\/\/tvbrazilusa.com\/pt\/wp-json\/wp\/v2\/posts\/3707","targetHints":{"allow":["GET"]}}],"collection":[{"href":"https:\/\/tvbrazilusa.com\/pt\/wp-json\/wp\/v2\/posts"}],"about":[{"href":"https:\/\/tvbrazilusa.com\/pt\/wp-json\/wp\/v2\/types\/post"}],"author":[{"embeddable":true,"href":"https:\/\/tvbrazilusa.com\/pt\/wp-json\/wp\/v2\/users\/1"}],"replies":[{"embeddable":true,"href":"https:\/\/tvbrazilusa.com\/pt\/wp-json\/wp\/v2\/comments?post=3707"}],"version-history":[{"count":0,"href":"https:\/\/tvbrazilusa.com\/pt\/wp-json\/wp\/v2\/posts\/3707\/revisions"}],"wp:featuredmedia":[{"embeddable":true,"href":"https:\/\/tvbrazilusa.com\/pt\/wp-json\/wp\/v2\/media\/3708"}],"wp:attachment":[{"href":"https:\/\/tvbrazilusa.com\/pt\/wp-json\/wp\/v2\/media?parent=3707"}],"wp:term":[{"taxonomy":"category","embeddable":true,"href":"https:\/\/tvbrazilusa.com\/pt\/wp-json\/wp\/v2\/categories?post=3707"},{"taxonomy":"post_tag","embeddable":true,"href":"https:\/\/tvbrazilusa.com\/pt\/wp-json\/wp\/v2\/tags?post=3707"}],"curies":[{"name":"wp","href":"https:\/\/api.w.org\/{rel}","templated":true}]}}