{"id":37074,"date":"2024-09-14T12:11:24","date_gmt":"2024-09-14T12:11:24","guid":{"rendered":"https:\/\/tvbrazilusa.com\/2024\/09\/14\/boulos-pede-para-nao-ficar-ao-lado-de-marcal-e-a-organizacao-do-debate-aceita-o-pedido-entenda-o-motivo\/"},"modified":"2024-09-14T12:11:25","modified_gmt":"2024-09-14T12:11:25","slug":"boulos-pede-para-nao-ficar-ao-lado-de-marcal-e-a-organizacao-do-debate-aceita-o-pedido-entenda-o-motivo","status":"publish","type":"post","link":"https:\/\/tvbrazilusa.com\/pt\/2024\/09\/14\/boulos-pede-para-nao-ficar-ao-lado-de-marcal-e-a-organizacao-do-debate-aceita-o-pedido-entenda-o-motivo\/","title":{"rendered":"Boulos pede para n\u00e3o ficar ao lado de Mar\u00e7al, e a organiza\u00e7\u00e3o do debate aceita o pedido; entenda o motivo"},"content":{"rendered":"<p> <script async src=\"https:\/\/pagead2.googlesyndication.com\/pagead\/js\/adsbygoogle.js?client=ca-pub-8864793242727901\"\r\n     crossorigin=\"anonymous\"><\/script><br \/>\n<\/p>\n<div id=\"taboola-read-more\" style=\"display:block; width:100%\">\n<p>O candidato do Psol \u00e0 Prefeitura de S\u00e3o Paulo, Guilherme Boulos, pediu \u00e0 dire\u00e7\u00e3o da TV Cultura para n\u00e3o ficar ao lado de Pablo Mar\u00e7al, no debate que acontecer\u00e1 no pr\u00f3ximo domingo, dia 15.<\/p>\n<p>A dire\u00e7\u00e3o da emissora acatou o pedido do psolista. A decis\u00e3o tomada foi que a posi\u00e7\u00e3o em que os candidatos ficar\u00e3o sentados seguir\u00e1 a ordem alfab\u00e9tica.<\/p>\n<p>H\u00e1 um m\u00eas, em debate organizado pelo jornal \u201cO Estado de S. Paulo\u201d, pelo portal \u201cTerra\u201d e pela FAAP, Pablo Mar\u00e7al provocou Boulos com a sua carteira de trabalho e o psolista acabou dando um tapa no documento, ap\u00f3s ambos discutirem. Na ocasi\u00e3o, um estava sentado ao lado do outro.<\/p>\n<p>Fonte: Metr\u00f3poles<\/p>\n<\/p><\/div>\n<p><br \/>\n<br \/><a href=\"https:\/\/diariodobrasilnoticias.com.br\/noticia\/boulos-pede-para-nao-ficar-ao-lado-de-marcal-e-a-organizacao-do-debate-aceita-o-pedido-entenda-o-motivo-66e55b4ab5367\">Source link <\/a><\/p>","protected":false},"excerpt":{"rendered":"<p>O candidato do Psol \u00e0 Prefeitura de S\u00e3o Paulo, Guilherme Boulos, pediu \u00e0 dire\u00e7\u00e3o da TV Cultura para n\u00e3o ficar ao lado de Pablo Mar\u00e7al, no debate que acontecer\u00e1 no&hellip;<\/p>","protected":false},"author":1,"featured_media":37075,"comment_status":"closed","ping_status":"open","sticky":false,"template":"","format":"standard","meta":{"content-type":"","footnotes":""},"categories":[16],"tags":[123,2448,5313,1267],"class_list":["post-37074","post","type-post","status-publish","format-standard","has-post-thumbnail","hentry","category-noticias","tag-brasil","tag-diario","tag-noticia","tag-noticias"],"_links":{"self":[{"href":"https:\/\/tvbrazilusa.com\/pt\/wp-json\/wp\/v2\/posts\/37074","targetHints":{"allow":["GET"]}}],"collection":[{"href":"https:\/\/tvbrazilusa.com\/pt\/wp-json\/wp\/v2\/posts"}],"about":[{"href":"https:\/\/tvbrazilusa.com\/pt\/wp-json\/wp\/v2\/types\/post"}],"author":[{"embeddable":true,"href":"https:\/\/tvbrazilusa.com\/pt\/wp-json\/wp\/v2\/users\/1"}],"replies":[{"embeddable":true,"href":"https:\/\/tvbrazilusa.com\/pt\/wp-json\/wp\/v2\/comments?post=37074"}],"version-history":[{"count":1,"href":"https:\/\/tvbrazilusa.com\/pt\/wp-json\/wp\/v2\/posts\/37074\/revisions"}],"predecessor-version":[{"id":37076,"href":"https:\/\/tvbrazilusa.com\/pt\/wp-json\/wp\/v2\/posts\/37074\/revisions\/37076"}],"wp:featuredmedia":[{"embeddable":true,"href":"https:\/\/tvbrazilusa.com\/pt\/wp-json\/wp\/v2\/media\/37075"}],"wp:attachment":[{"href":"https:\/\/tvbrazilusa.com\/pt\/wp-json\/wp\/v2\/media?parent=37074"}],"wp:term":[{"taxonomy":"category","embeddable":true,"href":"https:\/\/tvbrazilusa.com\/pt\/wp-json\/wp\/v2\/categories?post=37074"},{"taxonomy":"post_tag","embeddable":true,"href":"https:\/\/tvbrazilusa.com\/pt\/wp-json\/wp\/v2\/tags?post=37074"}],"curies":[{"name":"wp","href":"https:\/\/api.w.org\/{rel}","templated":true}]}}