{"id":3709,"date":"2024-07-19T01:00:00","date_gmt":"2024-07-19T01:00:00","guid":{"rendered":"https:\/\/tvbrazilusa.com\/2024\/07\/19\/anonimo-e-condenado-por-racismo-em-nota-oficial-do-real-madrid\/"},"modified":"2024-07-19T06:08:08","modified_gmt":"2024-07-19T06:08:08","slug":"anonimo-e-condenado-por-racismo-em-nota-oficial-do-real-madrid","status":"publish","type":"post","link":"https:\/\/tvbrazilusa.com\/pt\/2024\/07\/19\/anonimo-e-condenado-por-racismo-em-nota-oficial-do-real-madrid\/","title":{"rendered":"An\u00f4nimo \u00e9 condenado por racismo em nota oficial do Real Madrid"},"content":{"rendered":"<p> <script async src=\"https:\/\/pagead2.googlesyndication.com\/pagead\/js\/adsbygoogle.js?client=ca-pub-8864793242727901\"\r\n     crossorigin=\"anonymous\"><\/script><br \/>\n<\/p>\n<div>\n<p>Recentemente, a justi\u00e7a espanhola decidiu robusta contra manifesta\u00e7\u00f5es de racismo. Um homem foi condenado a oito meses de pris\u00e3o por proferir insultos racistas contra atletas da equipe do Real Madrid, como diz nessa <a href=\"https:\/\/www.realmadrid.com\/es-ES\/noticias\/club\/comunicados\/comunicado-oficial-17-07-2024-sentencia-insultos-racistas\" target=\"_blank\" rel=\"noreferrer noopener\">nota oficial<\/a>. O caso, que ganhou ampla cobertura, envolve o atacante brasileiro <strong>Vinicius J\u00fanior<\/strong> e o zagueiro alem\u00e3o <strong>Antonio R\u00fcdiger<\/strong>, destacando os cont\u00ednuos desafios relacionados ao racismo no esporte.<\/p>\n<p>O condenado, cujo nome n\u00e3o foi divulgado, utilizou v\u00e1rios pseud\u00f4nimos para disseminar o \u00f3dio via coment\u00e1rios na plataforma digital do jornal Marca. Esta condena\u00e7\u00e3o marca um dos esfor\u00e7os judiciais mais significativos recentemente em rela\u00e7\u00e3o ao trato de casos de discrimina\u00e7\u00e3o racial e religiosa na Espanha.<\/p>\n<div class=\"wp-block-image\">\n<figure class=\"aligncenter size-full is-resized\"><picture decoding=\"async\" class=\"wp-image-156727\" style=\"width:796px;height:auto\"><source type=\"image\/webp\" srcset=\"https:\/\/terrabrasilnoticias.com\/wp-content\/uploads\/2024\/07\/antonio-rudiger-real-madrid-2023-24-1704357878-125472.jpg.webp 1200w, https:\/\/terrabrasilnoticias.com\/wp-content\/uploads\/2024\/07\/antonio-rudiger-real-madrid-2023-24-1704357878-125472-300x168.jpg.webp 300w, https:\/\/terrabrasilnoticias.com\/wp-content\/uploads\/2024\/07\/antonio-rudiger-real-madrid-2023-24-1704357878-125472-1024x572.jpg.webp 1024w, https:\/\/terrabrasilnoticias.com\/wp-content\/uploads\/2024\/07\/antonio-rudiger-real-madrid-2023-24-1704357878-125472-768x429.jpg.webp 768w, https:\/\/terrabrasilnoticias.com\/wp-content\/uploads\/2024\/07\/antonio-rudiger-real-madrid-2023-24-1704357878-125472-750x419.jpg.webp 750w, https:\/\/terrabrasilnoticias.com\/wp-content\/uploads\/2024\/07\/antonio-rudiger-real-madrid-2023-24-1704357878-125472-1140x637.jpg.webp 1140w\" sizes=\"(max-width: 1200px) 100vw, 1200px\"\/><\/picture><figcaption class=\"wp-element-caption\">O jogador Antonio R\u00fcdiger tamb\u00e9m era alvo do condenado. \u2013 Foto: Real Madrid \/ Divulga\u00e7\u00e3o<\/figcaption><\/figure>\n<\/div>\n<h2 class=\"wp-block-heading\">Qual foi a resposta legal a esse ato de racismo?<\/h2>\n<p>Conforme a decis\u00e3o do Tribunal de Instru\u00e7\u00e3o n\u00famero 5 de Parla, o acusado foi encontrado culpado de dois crimes contra a integridade moral, agravados por preconceitos racistas e desrespeito religioso. Para al\u00e9m da pena de pris\u00e3o, o tribunal tamb\u00e9m imp\u00f4s a proibi\u00e7\u00e3o do envolvimento do acusado em f\u00f3runs online por um per\u00edodo consider\u00e1vel.<\/p>\n<h2 class=\"wp-block-heading\">Implica\u00e7\u00f5es da Senten\u00e7a para o Combate ao Racismo no Esporte<\/h2>\n<p>Esta <a href=\"https:\/\/terrabrasilnoticias.com\/2023\/05\/ministerio-publico-da-espanha-investiga-caso-de-racismo-contra-vinicius-jr\/\" target=\"_blank\" rel=\"noreferrer noopener\">n\u00e3o \u00e9 a primeira vez que a\u00e7\u00f5es racistas contra Vinicius Jr.<\/a> desencadeiam rea\u00e7\u00f5es legais na Espanha. H\u00e1 aproximadamente um m\u00eas, a justi\u00e7a condenou tr\u00eas torcedores por ataques similares durante uma partida no est\u00e1dio Mestalla. Essa sequ\u00eancia de eventos destaca a crescente intoler\u00e2ncia da sociedade e das autoridades espanholas contra o racismo no futebol.<\/p>\n<h2 class=\"wp-block-heading\">Medidas Adicionais Contra a Discrimina\u00e7\u00e3o<\/h2>\n<p>A condena\u00e7\u00e3o incluiu tamb\u00e9m medidas extras de educa\u00e7\u00e3o em igualdade e n\u00e3o discrimina\u00e7\u00e3o. Acredita-se que o incentivo ao envolvimento do condenado em programas de sensibiliza\u00e7\u00e3o possa contribuir para a reeduca\u00e7\u00e3o e preven\u00e7\u00e3o de futuros atos discriminat\u00f3rios. Essa abordagem sugere uma mudan\u00e7a positiva em dire\u00e7\u00e3o a uma cultura de maior responsabilidade e conscientiza\u00e7\u00e3o.<\/p>\n<h2 class=\"wp-block-heading\">Repercuss\u00e3o do Caso pro Cen\u00e1rio<\/h2>\n<p>O caso ressalta a necessidade urgente de pol\u00edticas mais eficazes e a\u00e7\u00f5es decisivas contra o racismo, tanto no esporte quanto na sociedade. Enquanto a penalidade de pris\u00e3o soa como justi\u00e7a sendo feita, \u00e9 a educa\u00e7\u00e3o e a preven\u00e7\u00e3o que formar\u00e3o a base para a erradica\u00e7\u00e3o dessas atitudes prejudiciais. O futebol, com sua vasta audi\u00eancia global, possui um papel crucial na promo\u00e7\u00e3o de valores de respeito e diversidade.<\/p>\n<p>Essas a\u00e7\u00f5es judiciais s\u00e3o fundamentais, mas a luta contra o racismo tamb\u00e9m precisa de um compromisso cont\u00ednuo de todos os envolvidos, desde clubes e jogadores at\u00e9 f\u00e3s e meios de comunica\u00e7\u00e3o. O caso recente no futebol espanhol \u00e9 um lembrete poderoso de que o racismo no esporte precisa ser confrontado com a m\u00e1xima seriedade.<\/p>\n<\/p><\/div>\n<p><br \/>\n<br \/><a href=\"https:\/\/terrabrasilnoticias.com\/2024\/07\/anonimo-e-condenado-por-racismo-em-nota-oficial-do-real-madrid\/\">Source link <\/a><\/p>","protected":false},"excerpt":{"rendered":"<p>Recentemente, a justi\u00e7a espanhola decidiu robusta contra manifesta\u00e7\u00f5es de racismo. Um homem foi condenado a oito meses de pris\u00e3o por proferir insultos racistas contra atletas da equipe do Real Madrid,&hellip;<\/p>","protected":false},"author":1,"featured_media":3710,"comment_status":"closed","ping_status":"open","sticky":false,"template":"","format":"standard","meta":{"content-type":"","footnotes":""},"categories":[16],"tags":[],"class_list":["post-3709","post","type-post","status-publish","format-standard","has-post-thumbnail","hentry","category-noticias"],"_links":{"self":[{"href":"https:\/\/tvbrazilusa.com\/pt\/wp-json\/wp\/v2\/posts\/3709","targetHints":{"allow":["GET"]}}],"collection":[{"href":"https:\/\/tvbrazilusa.com\/pt\/wp-json\/wp\/v2\/posts"}],"about":[{"href":"https:\/\/tvbrazilusa.com\/pt\/wp-json\/wp\/v2\/types\/post"}],"author":[{"embeddable":true,"href":"https:\/\/tvbrazilusa.com\/pt\/wp-json\/wp\/v2\/users\/1"}],"replies":[{"embeddable":true,"href":"https:\/\/tvbrazilusa.com\/pt\/wp-json\/wp\/v2\/comments?post=3709"}],"version-history":[{"count":1,"href":"https:\/\/tvbrazilusa.com\/pt\/wp-json\/wp\/v2\/posts\/3709\/revisions"}],"predecessor-version":[{"id":3711,"href":"https:\/\/tvbrazilusa.com\/pt\/wp-json\/wp\/v2\/posts\/3709\/revisions\/3711"}],"wp:featuredmedia":[{"embeddable":true,"href":"https:\/\/tvbrazilusa.com\/pt\/wp-json\/wp\/v2\/media\/3710"}],"wp:attachment":[{"href":"https:\/\/tvbrazilusa.com\/pt\/wp-json\/wp\/v2\/media?parent=3709"}],"wp:term":[{"taxonomy":"category","embeddable":true,"href":"https:\/\/tvbrazilusa.com\/pt\/wp-json\/wp\/v2\/categories?post=3709"},{"taxonomy":"post_tag","embeddable":true,"href":"https:\/\/tvbrazilusa.com\/pt\/wp-json\/wp\/v2\/tags?post=3709"}],"curies":[{"name":"wp","href":"https:\/\/api.w.org\/{rel}","templated":true}]}}